{"id":345233,"date":"2026-09-05T19:04:20","date_gmt":"2026-09-05T19:04:20","guid":{"rendered":"https:\/\/www.europesays.com\/no\/345233\/"},"modified":"2026-09-05T19:04:20","modified_gmt":"2026-09-05T19:04:20","slug":"trump-har-utnevnt-ny-statssekretaer-med-ansvar-for-haeren-2","status":"publish","type":"post","link":"https:\/\/www.europesays.com\/no\/345233\/","title":{"rendered":"Trump har utnevnt ny statssekret\u00e6r med ansvar for h\u00e6ren"},"content":{"rendered":"<p class=\"kicker t16 tm16 font-NotoSans\" style=\"\">Verden<\/p>\n<p class=\"subtitle t21 font-NotoSans\" style=\"\">Etter at Dan Driscoll trakk seg fra en av toppjobbene i Pentagon, har president Donald Trump funnet en erstatter.<\/p>\n<p>\n        Ny h\u00e6rsjef.<br \/>\n        Brigida Sanchez \/ AP \/ NTB\n    <\/p>\n<p>P\u00e5 sitt nettsted <a href=\"https:\/\/truthsocial.com\/@realDonaldTrump\/117209499032712444\" id=\"2b296d13-2756-46d6-ba63-d45af0191a32\" rel=\"nofollow noopener\" target=\"_blank\">Truth Social <\/a>skrev Trump torsdag at han \u00f8nsker Adam Telle som fungerende statssekret\u00e6r med ansvar for h\u00e6ren. Den engelske stillingstittelen er Secretary of the Army.<\/p>\n<p>Telle har inntil n\u00e5 v\u00e6rt assisterende statssekret\u00e6r. Han overtar etter Driscoll, som nylig gikk av etter 18 m\u00e5neder i jobben.<\/p>\n<p>\u2013 Han er en stor patriot, skriver Trump om Telle.<\/p>\n<p>Bakgrunnen for at Driscoll leverte inn sin avskjedss\u00f8knad, er if\u00f8lge <a href=\"https:\/\/www.wsj.com\/politics\/national-security\/army-secretary-resigns-after-months-of-friction-with-hegseth-9c124207\" id=\"e6a349ea-88c4-4b20-b33d-5805f2de1636\" rel=\"nofollow noopener\" target=\"_blank\">Wall Street Journal<\/a> flere m\u00e5neder med konflikt med forsvarsminister Pete Hegseth. Uenigheten skal ha dreid seg om retningen for h\u00e6ren og Hegseths avskjedigelse av en rekke h\u00f8ytst\u00e5ende offiserer.<\/p>\n<p>If\u00f8lge nyhetsbyr\u00e5et AP har Telle inntil n\u00e5 hatt ansvar for h\u00e6rens ingeni\u00f8rarbeid. Han har blant annet jobbet med tiltak for \u00e5 h\u00e5ndtere flommer. Midt i den p\u00e5g\u00e5ende konflikten mellom USA og Iran f\u00e5r han n\u00e5 et hovedansvar for h\u00e6rens milit\u00e6re styrker.<\/p>\n","protected":false},"excerpt":{"rendered":"Verden Etter at Dan Driscoll trakk seg fra en av toppjobbene i Pentagon, har president Donald Trump funnet&hellip;\n","protected":false},"author":2,"featured_media":345234,"comment_status":"","ping_status":"","sticky":false,"template":"","format":"standard","meta":{"footnotes":"","_share_on_mastodon":"0"},"categories":[12],"tags":[20,21,24,25,15,22,23,13,30,28,29,14,16,26,27,42,43,44,45],"class_list":["post-345233","post","type-post","status-publish","format-standard","has-post-thumbnail","category-verden","tag-breaking-news","tag-breakingnews","tag-featured-news","tag-featurednews","tag-headlines","tag-latest-news","tag-latestnews","tag-news","tag-no","tag-norge","tag-norway","tag-nyheter","tag-overskrifter","tag-top-stories","tag-topstories","tag-verden","tag-world","tag-world-news","tag-worldnews"],"share_on_mastodon":{"url":"https:\/\/pubeurope.com\/@no\/117219994334858142","error":""},"_links":{"self":[{"href":"https:\/\/www.europesays.com\/no\/wp-json\/wp\/v2\/posts\/345233","targetHints":{"allow":["GET"]}}],"collection":[{"href":"https:\/\/www.europesays.com\/no\/wp-json\/wp\/v2\/posts"}],"about":[{"href":"https:\/\/www.europesays.com\/no\/wp-json\/wp\/v2\/types\/post"}],"author":[{"embeddable":true,"href":"https:\/\/www.europesays.com\/no\/wp-json\/wp\/v2\/users\/2"}],"replies":[{"embeddable":true,"href":"https:\/\/www.europesays.com\/no\/wp-json\/wp\/v2\/comments?post=345233"}],"version-history":[{"count":0,"href":"https:\/\/www.europesays.com\/no\/wp-json\/wp\/v2\/posts\/345233\/revisions"}],"wp:featuredmedia":[{"embeddable":true,"href":"https:\/\/www.europesays.com\/no\/wp-json\/wp\/v2\/media\/345234"}],"wp:attachment":[{"href":"https:\/\/www.europesays.com\/no\/wp-json\/wp\/v2\/media?parent=345233"}],"wp:term":[{"taxonomy":"category","embeddable":true,"href":"https:\/\/www.europesays.com\/no\/wp-json\/wp\/v2\/categories?post=345233"},{"taxonomy":"post_tag","embeddable":true,"href":"https:\/\/www.europesays.com\/no\/wp-json\/wp\/v2\/tags?post=345233"}],"curies":[{"name":"wp","href":"https:\/\/api.w.org\/{rel}","templated":true}]}}