{"id":345239,"date":"2026-09-05T19:16:19","date_gmt":"2026-09-05T19:16:19","guid":{"rendered":"https:\/\/www.europesays.com\/no\/345239\/"},"modified":"2026-09-05T19:16:19","modified_gmt":"2026-09-05T19:16:19","slug":"putin-til-witkoff-og-kushner-kontakt-med-usa-er-nyttig","status":"publish","type":"post","link":"https:\/\/www.europesays.com\/no\/345239\/","title":{"rendered":"Putin til Witkoff og Kushner: \u2013 Kontakt med USA er nyttig"},"content":{"rendered":"\n<p class=\"_lead_145nj_2 _lead_6fko5_53 layout-component text-serif-m layout-normal text-serif-l layout-component layout-wide layout-padded _wide_17hqh_1 layout-padded\">Russlands president Vladimir Putin og de amerikanske spesialutsendingene Steve Witkoff og Jared Kushner innledet samtaler i Kreml l\u00f8rdag.<\/p>\n<p><img alt=\"Russlands president Vladimir Putin hilser p\u00e5 Trumps svigers\u00f8nn og en av de utsendte, Jared Kushner.  Foto: AP \/ NTB\" class=\"_image_jw3bv_65 layout-component layout-wide\" data-fullscreen- data-track-element-type=\"Article image fullscreen\" data-track-name=\"ImageFullscreen\" fetchpriority=\"high\" decoding=\"sync\" loading=\"eager\" height=\"3553\" itemprop=\"image\"  src=\"https:\/\/www.europesays.com\/no\/wp-content\/uploads\/2026\/09\/29f7bedc-585d-3e15-8470-580a680c5819.jpeg\"  style=\"object-position:0% 0%\" width=\"4894\"\/>Russlands president Vladimir Putin hilser p\u00e5 Trumps svigers\u00f8nn og en av de utsendte, Jared Kushner.  Foto: AP \/ NTB<\/p>\n<ul aria-hidden=\"true\" class=\"_images_ntbth_112\">\n<li><a class=\"_link_ntbth_117\" href=\"https:\/\/www.vg.no\/forfatter\/ntb\" style=\"z-index:1\" title=\"NTB\" rel=\"nofollow noopener\" target=\"_blank\"><img alt=\"Bilde av NTB\" class=\"_image_ntbth_93\" fetchpriority=\"low\" loading=\"lazy\" decoding=\"async\" itemprop=\"image\"  src=\"https:\/\/www.europesays.com\/no\/wp-content\/uploads\/2026\/09\/1788635777_869_c33980b0-5d07-4027-84a1-813f90a7c8d6.jpeg\"  width=\"480\"\/><\/a><\/li>\n<\/ul>\n<p> Oppdatert l\u00f8rdag 5. september kl. 20:48    <\/p>\n<ul class=\"_list_145nj_3 _list_64s2r_85 _unordered_145nj_106 text-sans-m\">\n<li class=\"_item_145nj_30\">Vladimir Putin m\u00f8tte de amerikanske utsendingene Steve Witkoff og Jared Kushner i Kreml.<\/li>\n<li class=\"_item_145nj_30\">Putin understreket betydningen av samarbeid mellom Russland og USA.<\/li>\n<li class=\"_item_145nj_30\">Witkoff overbrakte hilsener fra USAs president Donald Trump og takket Putin for en v\u00e5penhvile.<\/li>\n<li class=\"_item_145nj_30\">Putin lovet \u00e5 sikre meklerens trygghet.<\/li>\n<\/ul>\n<p>Vis mer <\/p>\n<p class=\"_paragraph_145nj_4 _paragraph_6fko5_10 layout-component text-serif-m layout-normal text-serif-m layout-padded\">M\u00f8tet mellom <a href=\"https:\/\/www.vg.no\/tag\/vladimir-putin?utm_source=vg-article&amp;utm_medium=auto-tagger&amp;utm_campaign=WvX3k2\" class=\"_link_145nj_39\" rel=\"nofollow noopener\" target=\"_blank\">Vladimir Putin<\/a>, Steve Witkoff og Jared Kushner er i gang, if\u00f8lge en video publisert p\u00e5 Kremls kanal p\u00e5 meldingsappen MAX.<\/p>\n<p><img alt=\"Russlands president Vladimir Putin beskriver situasjonen han og de amerikanske utsendingene skal diskutere under forhandlingene, som vanskelig, if\u00f8lge nyhetsbyr\u00e5et Reuters.   Foto: AP \/ NTB\" class=\"_image_jw3bv_65 layout-component layout-normal\" data-fullscreen- data-track-element-type=\"Article image fullscreen\" data-track-name=\"ImageFullscreen\" decoding=\"async\" loading=\"lazy\" height=\"3631\" itemprop=\"image\"  src=\"https:\/\/www.europesays.com\/no\/wp-content\/uploads\/2026\/09\/b8c242af-ec26-3e2a-b10f-47e82261c528.jpeg\"  style=\"object-position:0% 0%\" width=\"5447\"\/>Russlands president Vladimir Putin beskriver situasjonen han og de amerikanske utsendingene skal diskutere under forhandlingene, som vanskelig, if\u00f8lge nyhetsbyr\u00e5et Reuters.   Foto: AP \/ NTB<\/p>\n<p class=\"_paragraph_145nj_4 _paragraph_6fko5_10 layout-component text-serif-m layout-normal text-serif-m layout-padded\">Til utsendingene sa Putin at kontakt mellom USA og Russland er nyttig, og at Russland synes det er passende \u00e5 samarbeide med dem, if\u00f8lge nyhetsbyr\u00e5et Reuters.<\/p>\n<p class=\"_paragraph_145nj_4 _paragraph_6fko5_10 layout-component text-serif-m layout-normal text-serif-m layout-padded\">Til Putin sa Witkoff at USAs president Donald Trump sendte hilsener til Putin og takket ham for en v\u00e5penhvile under bes\u00f8ket. Til det sa Putin at Russland vil gj\u00f8re sitt ytterste for \u00e5 sikre meklerens trygghet.<\/p>\n<p><img alt=\"Russlands president Vladimir Putin og de amerikanske spesialutsendingene Steve Witkoff og Jared Kushner innledet samtaler i Kreml l\u00f8rdag.   Foto: AP \/ NTB\" class=\"_image_jw3bv_65 layout-component layout-normal\" data-fullscreen- data-track-element-type=\"Article image fullscreen\" data-track-name=\"ImageFullscreen\" decoding=\"async\" loading=\"lazy\" height=\"3108\" itemprop=\"image\"  src=\"https:\/\/www.europesays.com\/no\/wp-content\/uploads\/2026\/09\/54ae7984-3492-3dec-8acd-fb8ba09ddab4.jpeg\"  style=\"object-position:0% 0%\" width=\"4661\"\/>Russlands president Vladimir Putin og de amerikanske spesialutsendingene Steve Witkoff og Jared Kushner innledet samtaler i Kreml l\u00f8rdag.   Foto: AP \/ NTB    <\/p>\n","protected":false},"excerpt":{"rendered":"Russlands president Vladimir Putin og de amerikanske spesialutsendingene Steve Witkoff og Jared Kushner innledet samtaler i Kreml l\u00f8rdag.&hellip;\n","protected":false},"author":2,"featured_media":345240,"comment_status":"","ping_status":"","sticky":false,"template":"","format":"standard","meta":{"footnotes":"","_share_on_mastodon":"0"},"categories":[12],"tags":[20,21,24,25,15,7423,22,23,13,30,28,29,14,16,363,26,27,50,42,186,43,44,45],"class_list":["post-345239","post","type-post","status-publish","format-standard","has-post-thumbnail","category-verden","tag-breaking-news","tag-breakingnews","tag-featured-news","tag-featurednews","tag-headlines","tag-jared-kushner","tag-latest-news","tag-latestnews","tag-news","tag-no","tag-norge","tag-norway","tag-nyheter","tag-overskrifter","tag-steve-witkoff","tag-top-stories","tag-topstories","tag-usa","tag-verden","tag-vladimir-putin","tag-world","tag-world-news","tag-worldnews"],"share_on_mastodon":{"url":"https:\/\/pubeurope.com\/@no\/117220044243837695","error":""},"_links":{"self":[{"href":"https:\/\/www.europesays.com\/no\/wp-json\/wp\/v2\/posts\/345239","targetHints":{"allow":["GET"]}}],"collection":[{"href":"https:\/\/www.europesays.com\/no\/wp-json\/wp\/v2\/posts"}],"about":[{"href":"https:\/\/www.europesays.com\/no\/wp-json\/wp\/v2\/types\/post"}],"author":[{"embeddable":true,"href":"https:\/\/www.europesays.com\/no\/wp-json\/wp\/v2\/users\/2"}],"replies":[{"embeddable":true,"href":"https:\/\/www.europesays.com\/no\/wp-json\/wp\/v2\/comments?post=345239"}],"version-history":[{"count":0,"href":"https:\/\/www.europesays.com\/no\/wp-json\/wp\/v2\/posts\/345239\/revisions"}],"wp:featuredmedia":[{"embeddable":true,"href":"https:\/\/www.europesays.com\/no\/wp-json\/wp\/v2\/media\/345240"}],"wp:attachment":[{"href":"https:\/\/www.europesays.com\/no\/wp-json\/wp\/v2\/media?parent=345239"}],"wp:term":[{"taxonomy":"category","embeddable":true,"href":"https:\/\/www.europesays.com\/no\/wp-json\/wp\/v2\/categories?post=345239"},{"taxonomy":"post_tag","embeddable":true,"href":"https:\/\/www.europesays.com\/no\/wp-json\/wp\/v2\/tags?post=345239"}],"curies":[{"name":"wp","href":"https:\/\/api.w.org\/{rel}","templated":true}]}}