{"id":345241,"date":"2026-09-05T19:17:42","date_gmt":"2026-09-05T19:17:42","guid":{"rendered":"https:\/\/www.europesays.com\/no\/345241\/"},"modified":"2026-09-05T19:17:42","modified_gmt":"2026-09-05T19:17:42","slug":"vektsjokk-vi-blir-lurt","status":"publish","type":"post","link":"https:\/\/www.europesays.com\/no\/345241\/","title":{"rendered":"Vektsjokk: \u2013 Vi blir lurt"},"content":{"rendered":"<p>\u00ab100 gram er ikke 100 gram\u00bb, skriver\u00a0<strong>Siv Hege Zachariassen<\/strong>\u00a0(47) i facebookgruppa \u00ab<strong>Priskrig, mattilbud og tilbudsaviser\u00bb<\/strong>.<\/p>\n<p>Zachariassen reagerte da hun hentet fram pakken med det som skulle v\u00e6re 100 gram r\u00f8kt \u00f8rret fra Gode hav.<\/p>\n<p>\u2013 Jeg syntes det var veldig lite fisk i.<\/p>\n<p>Hun veide derfor innholdet, som kun viste snaue 87 gram.<\/p>\n<p>          <img class=\"image__img lazyload\" itemprop=\"image\" title=\"\" alt=\"\" width=\"343\" height=\"429\" bad-src=\"https:\/\/www.europesays.com\/no\/wp-content\/uploads\/2026\/09\/19166451.webp\" fetchpriority=\"auto\" \/><\/p>\n<p>          <img class=\"image__img lazyload\" itemprop=\"image\" title=\"\" alt=\"\" width=\"343\" height=\"429\" bad-src=\"https:\/\/www.europesays.com\/no\/wp-content\/uploads\/2026\/09\/19166453.webp\" fetchpriority=\"auto\" \/><\/p>\n<p>    100 GRAM R\u00d8KT \u00d8RRET: Eller? Foto: Privat<\/p>\n<p>Og dette var ikke f\u00f8rste gangen.<\/p>\n<p>\u2013 Veldig lite fisk<\/p>\n<p>47-\u00e5ringen\u00a0fra Flekkefjord forteller at hun flere ganger har opplevd avvik n\u00e5r hun har veid ulike produkter.<\/p>\n<p>Kort tid etter \u00e5pnet hun en pakke 200 gram r\u00f8kt laks fra lavprismerket Xtra, kj\u00f8pt hos Extra.<\/p>\n<p>\u2013 Som bare veide 185 gram, forteller hun skuffet.<\/p>\n<p>        <img class=\"image__img lazyload\" itemprop=\"image\" title=\"Foto: Privat\" alt=\"200 GRAM: R\u00f8kt laks fra Xtra veide 185 gram da Zachariassen veide fisken. Foto: Privat\" width=\"675\" height=\"399\" bad-src=\"https:\/\/www.europesays.com\/no\/wp-content\/uploads\/2026\/09\/19166452.webp\" fetchpriority=\"auto\" \/><\/p>\n<p>      200 GRAM: R\u00f8kt laks fra Xtra veide 185 gram da Zachariassen veide fisken.<br \/>\n         Foto: Privat<\/p>\n<p>\u2013 Veier alle pakker<\/p>\n<p>Etter dette har\u00a0<strong>Zachariassen mistet tillit til produsentene.<\/strong><\/p>\n<p>\u2013 Jeg kommer til \u00e5 veie alt jeg kj\u00f8per fremover n\u00e5, for jeg stoler rett og slett ikke p\u00e5 at man f\u00e5r det man betaler for, sier hun og fortsetter:<\/p>\n<p>\u2013 En mann jeg snakket med sa at han hadde sluttet \u00e5 kj\u00f8pe disse pakkene for over to \u00e5r siden, da det var samme problem med for lite fisk i forhold til det som oppgis p\u00e5 pakken.<\/p>\n<p>47-\u00e5ringen er derfor ikke i tvil:<\/p>\n<p>\u2013 Man blir lurt.<\/p>\n<p>\u2013 Og maten er jo dyr nok.<\/p>\n<p>TV 2 sjekker<\/p>\n<p>TV 2 hjelper deg velger \u00e5 gj\u00f8re en egen vektkontroll for \u00e5 sjekke enda flere pakker.<\/p>\n<p>Tre pakker r\u00f8kt laks fra Xtra p\u00e5 200 gram kj\u00f8pes inn hos en Extra butikk i Oslo.<\/p>\n<p>        <img class=\"image__img lazyload\" itemprop=\"image\" title=\"Foto: Caroline Jensen Dahle \/ TV 2\" alt=\"TRE PAKKER: TV 2 kj\u00f8pte tre tilfeldige pakker med r\u00f8kt laks fra Xtra. Foto: Caroline Jensen Dahle \/ TV 2\" width=\"675\" height=\"439\" bad-src=\"https:\/\/www.europesays.com\/no\/wp-content\/uploads\/2026\/09\/19166182.webp\" fetchpriority=\"auto\" \/><\/p>\n<p>      TRE PAKKER: TV 2 kj\u00f8pte tre tilfeldige pakker med r\u00f8kt laks fra Xtra.<br \/>\n         Foto: Caroline Jensen Dahle \/ TV 2<\/p>\n<p>Vi nullstiller vekta slik at plasten opp\u00e5 ikke veies med.<\/p>\n<p>        <img class=\"image__img lazyload\" itemprop=\"image\" title=\"Foto: Caroline Jensen Dahle \/ TV 2\" alt=\"NULL GRAM: Vekta er klar for \u00e5 veie fisk. Foto: Caroline Jensen Dahle \/ TV 2\" width=\"675\" height=\"460\" bad-src=\"https:\/\/www.europesays.com\/no\/wp-content\/uploads\/2026\/09\/19166183.webp\" fetchpriority=\"auto\" \/><\/p>\n<p>      NULL GRAM: Vekta er klar for \u00e5 veie fisk.<br \/>\n         Foto: Caroline Jensen Dahle \/ TV 2<\/p>\n<p>Den f\u00f8rste pakken med Xtra r\u00f8kt laks veier 189 gram.<\/p>\n<p>Fisken i pakke nummer to veier 193 gram.<\/p>\n<p>          <img class=\"image__img lazyload\" itemprop=\"image\" title=\"Foto: Caroline Jensen Dahle \/ TV 2\" alt=\" Foto: Caroline Jensen Dahle \/ TV 2\" width=\"343\" height=\"429\" bad-src=\"https:\/\/www.europesays.com\/no\/wp-content\/uploads\/2026\/09\/19166224.webp\" fetchpriority=\"auto\" \/><\/p>\n<p>          <img class=\"image__img lazyload\" itemprop=\"image\" title=\"Foto: Caroline Jensen Dahle \/ TV 2\" alt=\" Foto: Caroline Jensen Dahle \/ TV 2\" width=\"343\" height=\"429\" bad-src=\"https:\/\/www.europesays.com\/no\/wp-content\/uploads\/2026\/09\/19166225.webp\" fetchpriority=\"auto\" \/><\/p>\n<p>    UNDER 200 GRAM: Den f\u00f8rste pakken veide 189 gram og den andre veide 193 gram. Foto: Caroline Jensen Dahle \/ TV 2<\/p>\n<p>Og den tredje pakken veier 194 gram.<\/p>\n<p>        <img class=\"image__img lazyload\" itemprop=\"image\" title=\"Foto: Caroline Jensen Dahle \/ TV 2\" alt=\"OGS\u00c5 UNDER: Ingen av de tre pakkene veide 200 gram. Foto: Caroline Jensen Dahle \/ TV 2\" width=\"675\" height=\"419\" bad-src=\"https:\/\/www.europesays.com\/no\/wp-content\/uploads\/2026\/09\/19166226.webp\" fetchpriority=\"auto\" \/><\/p>\n<p>      OGS\u00c5 UNDER: Ingen av de tre pakkene veide 200 gram.<br \/>\n         Foto: Caroline Jensen Dahle \/ TV 2<\/p>\n<p>S\u00e5 verken i <strong>Zachariassen<\/strong>s eller TV 2s pakker veier alts\u00e5 fisken 200 gram, slik pakken er merket med.<\/p>\n<p>\u2013 Jeg er ikke overrasket, sier 47-\u00e5ringen.<\/p>\n<p>Men TV 2 skal veie mer.<\/p>\n<p>Er det lov?<\/p>\n<p>Vi kj\u00f8per tre pakker r\u00f8kt \u00f8rret 100 gram fra Gode hav hos Rema 1000.<\/p>\n<p>        <img class=\"image__img lazyload\" itemprop=\"image\" title=\"Foto: Une Marvik Hagen \/ TV 2\" alt=\"TRE PAKKER: Tre tilfeldige fiskepakker kj\u00f8pes inn. Foto: Une Marvik Hagen \/ TV 2\" width=\"675\" height=\"554\" bad-src=\"https:\/\/www.europesays.com\/no\/wp-content\/uploads\/2026\/09\/19163195.webp\" fetchpriority=\"auto\"  style=\"filter: brightness(1);\"\/><\/p>\n<p>      TRE PAKKER: Tre tilfeldige fiskepakker kj\u00f8pes inn.<br \/>\n         Foto: Une Marvik Hagen \/ TV 2<\/p>\n<p>Fisken i den f\u00f8rste pakken vi sjekker, veier 94 gram.<\/p>\n<p>Den andre pakken veier 91 gram.<\/p>\n<p>          <img class=\"image__img lazyload\" itemprop=\"image\" title=\"\" alt=\"\" width=\"343\" height=\"429\" bad-src=\"https:\/\/www.europesays.com\/no\/wp-content\/uploads\/2026\/09\/19166276.webp\" fetchpriority=\"auto\" \/><\/p>\n<p>          <img class=\"image__img lazyload\" itemprop=\"image\" title=\"Foto: Caroline Jensen Dahle \/ TV 2\" alt=\" Foto: Caroline Jensen Dahle \/ TV 2\" width=\"343\" height=\"429\" bad-src=\"https:\/\/www.europesays.com\/no\/wp-content\/uploads\/2026\/09\/19166278.webp\" fetchpriority=\"auto\" \/><\/p>\n<p>    94 OG 91 GRAM: Begge pakkene var under 100 gram. Foto: Caroline Jensen Dahle \/ TV 2<\/p>\n<p>Mens den siste fra Gode hav kun veier 89 gram.<\/p>\n<p>        <img class=\"image__img lazyload\" itemprop=\"image\" title=\"Foto: Caroline Jensen Dahle \/ TV 2\" alt=\"FOR LITE: Kundene f\u00e5r ikke 100 gram fisk. Foto: Caroline Jensen Dahle \/ TV 2\" width=\"675\" height=\"426\" bad-src=\"https:\/\/www.europesays.com\/no\/wp-content\/uploads\/2026\/09\/19166277.webp\" fetchpriority=\"auto\" \/><\/p>\n<p>      FOR LITE: Kundene f\u00e5r ikke 100 gram fisk.<br \/>\n         Foto: Caroline Jensen Dahle \/ TV 2<\/p>\n<p>Det finnes sv\u00e6rt spesifikke regler for hvor stort vektavvik pakkene kan ha.\u00a0<\/p>\n<p>Informasjonssjef Thomas Framnes i Justervesenet forklarer at en pakke 100 gram r\u00f8kt \u00f8rret m\u00e5 veie minst 91 gram for at den skal v\u00e6re godkjent.\u00a0<\/p>\n<p>        Dette sier Forskrift om krav til nettoinnhold i ferdigpakninger:<\/p>\n<ul>\n<li>\n<p>Det reelle innholdet i et parti skal i gjennomsnitt v\u00e6re minst det som er angitt p\u00e5 pakningen.<\/p>\n<\/li>\n<li>\n<p>H\u00f8yst 2,5 prosent av enhetene i et parti kan ha et st\u00f8rre negativt avvik enn det som er <a href=\"https:\/\/lovdata.no\/dokument\/SF\/forskrift\/2021-06-16-2130?q\" rel=\"nofollow noopener\" target=\"_blank\">angitt i tabellen i forskriften<\/a>.<\/p>\n<\/li>\n<li>\n<p>Ingen enkeltpakninger skal ha et negativt avvik st\u00f8rre enn to ganger det som er angitt i tabellen. Et parti skal ha et gjennomsnittlig nettoinnhold som er angitt p\u00e5 pakkene.<\/p>\n<\/li>\n<\/ul>\n<p>Kilde: Justervesenet.<\/p>\n<p>Tilsynelatende er b\u00e5de pakken til Zachariassen og en av TV 2s \u00f8rretpakker dermed under den tillatte grensen.<\/p>\n<p>\u2013 Vi blir lurt<\/p>\n<p>Men er vi bare uheldige? TV 2 hjelper deg kj\u00f8per inn tre pakker til av Gode havs r\u00f8kte \u00f8rret.<\/p>\n<p>Fisken i den f\u00f8rste og andre pakken veier henholdsvis 91 og 90 gram.<\/p>\n<p>          <img class=\"image__img lazyload\" itemprop=\"image\" title=\"\" alt=\"\" width=\"978\" height=\"1223\" bad-src=\"https:\/\/www.europesays.com\/no\/wp-content\/uploads\/2026\/09\/19166285.webp\" fetchpriority=\"auto\" \/><\/p>\n<p>          <img class=\"image__img lazyload\" itemprop=\"image\" title=\"\" alt=\"\" width=\"343\" height=\"429\" bad-src=\"https:\/\/www.europesays.com\/no\/wp-content\/uploads\/2026\/09\/19166286.webp\" fetchpriority=\"auto\" \/><\/p>\n<p>    NYE PAKKER: Men fremdeles under 100 gram. Foto: Caroline Jensen Dahle \/ TV 2<\/p>\n<p>Mens fisken i den siste pakken vi veier, har en vekt p\u00e5 86 gram.<\/p>\n<p>Ingen av pakkene inneholder alts\u00e5 100 gram fisk.<\/p>\n<p>\u2013 Vi blir lurt, sier\u00a0<strong>Zachariassen.<\/strong><\/p>\n<p>B\u00e5de Rema 1000 og Coop svarer at pakkene er innenfor det tillatte. Les mer lenger ned.<\/p>\n<p>        <img class=\"image__img lazyload\" itemprop=\"image\" title=\"Foto: Caroline Jensen Dahle \/ TV 2\" alt=\"KUN 86 GRAM: Fisken i den siste pakken veide 14 prosent mindre enn pakken skulle tilsi. Foto: Caroline Jensen Dahle \/ TV 2\" width=\"675\" height=\"439\" bad-src=\"https:\/\/www.europesays.com\/no\/wp-content\/uploads\/2026\/09\/19166287.webp\" fetchpriority=\"auto\" \/><\/p>\n<p>      KUN 86 GRAM: Fisken i den siste pakken veide 14 prosent mindre enn pakken skulle tilsi.<br \/>\n         Foto: Caroline Jensen Dahle \/ TV 2<\/p>\n<p>\u2013 Grunn til bekymring<\/p>\n<p>Fagsjef for mat i Forbrukerr\u00e5det, Aysha Gr\u00f6nberg, reagerer:<\/p>\n<p>\u2013 Uavhengig om disse pakkene er innenfor disse reglene, er det i tilfellene som det her vises til konsekvent mindre mat enn det som er oppgitt p\u00e5 emballasjen, sier hun og fortsetter:<\/p>\n<p>        <img class=\"image__img lazyload\" itemprop=\"image\" title=\"Foto: Helen Mehammer \/ Forbrukerr\u00e5det\" alt=\"KRITISK: Fagsjef Aysha Gr\u00f6nberg i Forbrukerr\u00e5det mener kundene kan bli villedet. Foto: Helen Mehammer \/ Forbrukerr\u00e5det\" width=\"675\" height=\"466\" bad-src=\"https:\/\/www.europesays.com\/no\/wp-content\/uploads\/2026\/09\/18733290.webp\" fetchpriority=\"auto\" \/><\/p>\n<p>      KRITISK: Fagsjef Aysha Gr\u00f6nberg i Forbrukerr\u00e5det mener kundene kan bli villedet.<br \/>\n         Foto: Helen Mehammer \/ Forbrukerr\u00e5det<\/p>\n<p>\u2013 Det gir grunn til bekymring, for dersom reglene rundt avvik brukes systematisk av produsenter, s\u00e5 er det et tillitsbrudd. Det er dyrt med mat, og forbruker b\u00f8r kunne forvente at de betaler for den mengden som er opplyst p\u00e5 pakken.<\/p>\n<p>Rema 1000 svarer<\/p>\n<p>\u2013 Kan Rema 1000 forst\u00e5 at folk f\u00f8ler seg lurt n\u00e5r man ikke f\u00e5r 100 gram fisk i en pakke som sier at fisken veier 100 gram?<\/p>\n<p>\u2013 Vi forst\u00e5r godt at kunder reagerer dersom produktet ikke oppleves \u00e5 ha den vekten de forventer. Fisk inneholder naturlig mye vann, og noe av v\u00e6sken vil trekke ut under lagring. Samtidig viser kontrollene fra produsenten at de aktuelle partiene oppfylte kravene til vekt da de ble pakket, svarer kommunikasjonsr\u00e5dgiver Anders Midtb\u00f8.<\/p>\n<p>          <img class=\"image__img lazyload\" itemprop=\"image\" title=\"Foto: Caroline Jensen Dahle \/ TV 2\" alt=\" Foto: Caroline Jensen Dahle \/ TV 2\" width=\"343\" height=\"429\" bad-src=\"https:\/\/www.europesays.com\/no\/wp-content\/uploads\/2026\/09\/19166752.webp\" fetchpriority=\"auto\" \/><\/p>\n<p>          <img class=\"image__img lazyload\" itemprop=\"image\" title=\"Foto: Caroline Jensen Dahle \/ TV 2\" alt=\" Foto: Caroline Jensen Dahle \/ TV 2\" width=\"343\" height=\"429\" bad-src=\"https:\/\/www.europesays.com\/no\/wp-content\/uploads\/2026\/09\/19166748.webp\" fetchpriority=\"auto\" \/><\/p>\n<p>    ETT GRAM: TV 2 pr\u00f8vde \u00e5 helle ut all v\u00e6sken som var igjen i plastemballasjen for \u00e5 veien den. V\u00e6sken veide ett gram. Foto: Caroline Jensen Dahle \/ TV 2<\/p>\n<p>Han sier dagligvarekjeden har mottatt dokumentasjon som viser at partiene hadde en gjennomsnittsvekt p\u00e5 over 100 gram ved pakking. <\/p>\n<p>\u2013 Det blir ogs\u00e5 gjort l\u00f8pende kontroll av enkeltpakker, og pakker som ikke oppfyller vektkravene blir sortert ut f\u00f8r de sendes til butikk, legger Midtb\u00f8 til.<\/p>\n<p>        <img class=\"image__img lazyload\" itemprop=\"image\" title=\"Foto: Caroline Jensen Dahle \/ TV 2\" alt=\"I PAPPEN? V\u00e6ske blir absorbert i pappbrettet, forklarer Rema 1000. Denne pappen veide 28 gram. Foto: Caroline Jensen Dahle \/ TV 2\" width=\"978\" height=\"551\" bad-src=\"https:\/\/www.europesays.com\/no\/wp-content\/uploads\/2026\/09\/19166751.webp\" fetchpriority=\"auto\" \/><\/p>\n<p>      I PAPPEN? V\u00e6ske blir absorbert i pappbrettet, forklarer Rema 1000. Denne pappen veide 28 gram.<br \/>\n         Foto: Caroline Jensen Dahle \/ TV 2<\/p>\n<p>Coop:\u00a0\u2013 Blir ikke lurt<\/p>\n<p>Ogs\u00e5 Extra sier til TV 2 at de forst\u00e5r godt at kunder reagerer dersom de veier en pakke hjemme og f\u00e5r et lavere tall enn det som st\u00e5r p\u00e5 emballasjen.<\/p>\n<p>\u2013 Men vi mener ikke at kundene blir lurt, sier<strong> kommunikasjonsr\u00e5dgiver i Coop,\u00a0Kristin Estil Jacobsen og forsetter:<\/strong><\/p>\n<p>\u2013 B\u00e5de produsenten og vi f\u00f8lger opp at produktene oppfyller kravene i henhold til regelverket, som h\u00e5ndheves av Justervesenet.<\/p>\n<p>        <img class=\"image__img lazyload\" itemprop=\"image\" title=\"Foto: Espen Solli\" alt=\"\u2013 F\u00c5 HENVENDELSER: \u2013 Vi f\u00e5r generelt sv\u00e6rt f\u00e5 henvendelser om feil vekt p\u00e5 r\u00f8kt laks, sier Kristin Estil Jacobsen. Foto: Espen Solli\" width=\"675\" height=\"419\" bad-src=\"https:\/\/www.europesays.com\/no\/wp-content\/uploads\/2026\/09\/19166826.webp\" fetchpriority=\"auto\" \/><\/p>\n<p>      \u2013 F\u00c5 HENVENDELSER: \u2013 Vi f\u00e5r generelt sv\u00e6rt f\u00e5 henvendelser om feil vekt p\u00e5 r\u00f8kt laks, sier Kristin Estil Jacobsen.<br \/>\n         Foto: Espen Solli<\/p>\n<p>Videre understreker Jacobsen at\u00a0avvikene TV 2 viser til er innenfor regelverket. <\/p>\n<p>\u2013 Alle pakker med Xtra r\u00f8kt laks blir kontrollveid i produksjonen. <\/p>\n<p>Pakker som har st\u00f8rre vektavvik enn det regelverket tillater, blir sortert bort, forklarer kommunikasjonsr\u00e5dgiveren.<\/p>\n<p>\u2013 Regelverket \u00e5pner samtidig for at enkeltpakker kan veie litt mindre enn vekten som st\u00e5r p\u00e5 emballasjen. Det betyr ogs\u00e5 at de fleste pakker normalt vil veie litt mer enn oppgitt vekt, slik at partiet samlet sett holder riktig gjennomsnittsvekt.<\/p>\n<p>        <img class=\"image__img lazyload\" itemprop=\"image\" title=\"Foto: Une Marvik Hagen \/ TV 2\" alt=\"SI FRA: Jacobsen oppfordrer kunder til \u00e5 ta kontakt, dersom man opplever store avvik. Foto: Une Marvik Hagen \/ TV 2\" width=\"675\" height=\"486\" bad-src=\"https:\/\/www.europesays.com\/no\/wp-content\/uploads\/2026\/09\/19163191.webp\" fetchpriority=\"auto\" \/><\/p>\n<p>      SI FRA: Jacobsen oppfordrer kunder til \u00e5 ta kontakt, dersom man opplever store avvik.<br \/>\n         Foto: Une Marvik Hagen \/ TV 2<\/p>\n<p>\u2013 Det er ogs\u00e5 verdt \u00e5 merke seg at fisk naturlig kan slippe noe v\u00e6ske etter pakking. N\u00e5r et produkt tas ut av emballasjen og veies hjemme, kan b\u00e5de v\u00e6skeslipp og hvordan produktet veies p\u00e5virke resultatet, svarer Jacobsen.<\/p>\n<p>\u2013 Putt i mer fisk<\/p>\n<p>Aysha Gr\u00f6nberg i Forbrukerr\u00e5det er klar i sin tale.<\/p>\n<p>\u2013 Hvis dette gjenspeiler disse produktene generelt, s\u00e5 b\u00f8r produsentene s\u00f8rge for at vekten stemmer etter\u00a0at v\u00e6sken har rent av, slik at forbrukerne f\u00e5r det de betaler for, og ikke blir villedet.<\/p>\n<p><strong>Siv Hege Zachariassen er skuffet over svarene til butikkjedene:<\/strong><\/p>\n<p>\u2013 Da f\u00e5r de putte i mer fisk om det er deres forklaring, som er helt tullete. <\/p>\n<p>\u2013 Av s\u00e5 mange pakker som veier for lite, kunne jeg f\u00e5tt en pakke til, p\u00e5 100 gram av alt det svinnet fra de andre pakkene.<\/p>\n","protected":false},"excerpt":{"rendered":"\u00ab100 gram er ikke 100 gram\u00bb, skriver\u00a0Siv Hege Zachariassen\u00a0(47) i facebookgruppa \u00abPriskrig, mattilbud og tilbudsaviser\u00bb. Zachariassen reagerte da&hellip;\n","protected":false},"author":2,"featured_media":345242,"comment_status":"","ping_status":"","sticky":false,"template":"","format":"standard","meta":{"footnotes":"","_share_on_mastodon":"0"},"categories":[10],"tags":[20,21,24,25,15,22,23,13,30,28,29,14,16,26,27],"class_list":["post-345241","post","type-post","status-publish","format-standard","has-post-thumbnail","category-norge","tag-breaking-news","tag-breakingnews","tag-featured-news","tag-featurednews","tag-headlines","tag-latest-news","tag-latestnews","tag-news","tag-no","tag-norge","tag-norway","tag-nyheter","tag-overskrifter","tag-top-stories","tag-topstories"],"share_on_mastodon":{"url":"https:\/\/pubeurope.com\/@no\/117220045984754416","error":""},"_links":{"self":[{"href":"https:\/\/www.europesays.com\/no\/wp-json\/wp\/v2\/posts\/345241","targetHints":{"allow":["GET"]}}],"collection":[{"href":"https:\/\/www.europesays.com\/no\/wp-json\/wp\/v2\/posts"}],"about":[{"href":"https:\/\/www.europesays.com\/no\/wp-json\/wp\/v2\/types\/post"}],"author":[{"embeddable":true,"href":"https:\/\/www.europesays.com\/no\/wp-json\/wp\/v2\/users\/2"}],"replies":[{"embeddable":true,"href":"https:\/\/www.europesays.com\/no\/wp-json\/wp\/v2\/comments?post=345241"}],"version-history":[{"count":0,"href":"https:\/\/www.europesays.com\/no\/wp-json\/wp\/v2\/posts\/345241\/revisions"}],"wp:featuredmedia":[{"embeddable":true,"href":"https:\/\/www.europesays.com\/no\/wp-json\/wp\/v2\/media\/345242"}],"wp:attachment":[{"href":"https:\/\/www.europesays.com\/no\/wp-json\/wp\/v2\/media?parent=345241"}],"wp:term":[{"taxonomy":"category","embeddable":true,"href":"https:\/\/www.europesays.com\/no\/wp-json\/wp\/v2\/categories?post=345241"},{"taxonomy":"post_tag","embeddable":true,"href":"https:\/\/www.europesays.com\/no\/wp-json\/wp\/v2\/tags?post=345241"}],"curies":[{"name":"wp","href":"https:\/\/api.w.org\/{rel}","templated":true}]}}