{"id":345243,"date":"2026-09-05T19:18:39","date_gmt":"2026-09-05T19:18:39","guid":{"rendered":"https:\/\/www.europesays.com\/no\/345243\/"},"modified":"2026-09-05T19:18:39","modified_gmt":"2026-09-05T19:18:39","slug":"siste-nytt-om-kong-harald-vs-bortgang-6","status":"publish","type":"post","link":"https:\/\/www.europesays.com\/no\/345243\/","title":{"rendered":"Siste nytt om kong Harald V\u2019s bortgang"},"content":{"rendered":"<p>\t\t<img decoding=\"async\" src=\"https:\/\/www.europesays.com\/no\/wp-content\/uploads\/2026\/09\/1788635901_937_df6fcda1-f4b7-4957-883e-cc104ca07e05.jpeg\" alt=\"\" class=\"svelte-18001s\" onload=\"this.__e=event\"\/>  <\/p>\n<p class=\"extendedContent hyperion-css-1t9vqrb\" data-test-tag=\"lead-text\">F\u00e5 siste oppdateringer og hendelser rundt kong Harald Vs bortgang og gravferd.<\/p>\n<p>Publisert: 28.08.2026 08:37 |\u00a0Oppdatert: 31.08.2026 13:47<\/p>\n<ul class=\"hyperion-css-dlhdzr\">\n<li class=\"hyperion-css-kk05sb\" data-entry-tags=\"\" data-testid=\"liveblog-entry\">\n<p>Politiet: Forbudt med paraply under gravferden<\/p>\n<p>Politiet: Forbudt med paraply under gravferden<\/p>\n<p class=\"hyperion-css-1p3yxp5\">Paraplyer vil ikke bli tillatt under kong Haralds gravferd. Det opplyser politiet i en pressemelding, kort tid etter at TV 2 f\u00f8rst meldte saken.<\/p>\n<p class=\"hyperion-css-1p3yxp5\">Politiet understreker at de ikke har kapasitet til \u00e5 ta vare p\u00e5 paraplyer som blir beslaglagt. De oppfordrer publikum til \u00e5 ta p\u00e5 regnt\u00f8y.<\/p>\n<p class=\"hyperion-css-1p3yxp5\">Yr melder at det vil kunne bli n\u00e6rmere seks millimeter regn om ettermiddagen n\u00e5r kongens gravferd starter klokken 13. Det vil v\u00e6re en sikkerhetssone rundt arrangementet i Oslo sentrum, og innenfor denne vil det alts\u00e5 ikke v\u00e6re tillatt med paraply.<\/p>\n<\/li>\n<\/ul>\n<ul class=\"hyperion-css-1rqra4t\">\n<li class=\"hyperion-css-1l2dsi0\" data-entry-tags=\"\" data-testid=\"liveblog-entry\">\n<p>Slottet: En times k\u00f8 for defilering<\/p>\n<p>Slottet: En times k\u00f8 for defilering<\/p>\n<p class=\"hyperion-css-1p3yxp5\">N\u00e5 er det kun en times k\u00f8 for defilering, melder Slottet.<\/p>\n<p class=\"hyperion-css-1p3yxp5\">\u00abFram til kl. 18.30 i dag, l\u00f8rdag 5. september, har det v\u00e6rt om lag 4500 bes\u00f8kende i Slottskapellet. K\u00f8en er n\u00e5 p\u00e5 under en time\u00bb, skriver Slottet i en pressemelding.<\/p>\n<p class=\"hyperion-css-1p3yxp5\">Tidligere i dag meldte Aftenposten at bes\u00f8kende m\u00e5tte regne med \u00e5 st\u00e5 nesten syv timer i k\u00f8.<\/p>\n<p class=\"hyperion-css-1p3yxp5\">\u00abSlottskapellet holder \u00e5pent l\u00f8rdag, s\u00f8ndag og mandag 10.00\u201323.00. Tirsdag er det \u00e5pent 10.00\u201319.00\u00bb, skriver Slottet.<\/p>\n<\/li>\n<li class=\"hyperion-css-18rnhd extra-component-element\"\/>\n<li class=\"hyperion-css-1l2dsi0\" data-entry-tags=\"\" data-testid=\"liveblog-entry\">\n<p>P\u00e5l Strande Gamlemoen<\/p>\n<p>14:44<\/p>\n<p>VG: UD bekrefter at stortingsrepresentantene inviteres til gravferden<\/p>\n<p>VG: UD bekrefter at stortingsrepresentantene inviteres til gravferden<\/p>\n<p class=\"hyperion-css-1p3yxp5\">Tidligere l\u00f8rdag meldte <a href=\"https:\/\/www.nettavisen.no\/nyheter\/helomvending-alle-stortings-representanter-blir-invitert-til-kong-haralds-gravferd\/s\/80-95-56486\" rel=\"noopener nofollow\" target=\"_blank\">Nettavisen <\/a>at alle de 169 stortingsrepresentantene inviteres til kong Haralds gravferd. <\/p>\n<p class=\"hyperion-css-1p3yxp5\">N\u00e5 bekrefter Utenriksdepartementet nyheten overfor <a href=\"https:\/\/www.vg.no\/spesial\/2026\/kong-harald\/?pinnedEntry=93377&amp;pinnedEntry=93377\" rel=\"noopener nofollow\" target=\"_blank\">VG<\/a>.<\/p>\n<p class=\"hyperion-css-1p3yxp5\">\u2013 Utsendelse av invitasjoner til gravferden skjer i puljer. Etter en ny opptelling er det besluttet at alle stortingsrepresentantene f\u00e5r invitasjon, skriver pressetalsperson Johanne Severinsen i en e-post til VG.<\/p>\n<p class=\"hyperion-css-1p3yxp5\">I f\u00f8rste omgang ble Stortinget tildelt et mindre antall plasser til gravferden. \u00c5rsaken var begrenset plass i Oslo domkirke og mange gjester fra b\u00e5de Norge og utlandet.<\/p>\n<\/li>\n<li class=\"hyperion-css-18rnhd extra-component-element\"\/>\n<li class=\"hyperion-css-1l2dsi0\" data-entry-tags=\"\" data-testid=\"liveblog-entry\">\n<p>Kaldt, v\u00e5tt og gr\u00e5tt p\u00e5 gravferdsdagen<\/p>\n<p><img decoding=\"async\" class=\"hyperion-css-4zyuxd\" alt=\"Ogs\u00e5 da kong Haralds kiste ble fraktet fra Rikshospitalet til Slottet regnet det. \" src=\"https:\/\/www.europesays.com\/no\/wp-content\/uploads\/2026\/09\/1dd6645776848ff68630a00d26467e79.jpeg\"  loading=\"lazy\" style=\"aspect-ratio:150\/undefined;height:auto;width:100%\"\/><\/p>\n<p>Ogs\u00e5 da kong Haralds kiste ble fraktet fra Rikshospitalet til Slottet regnet det.  Foto: Lise \u00c5serud \/ NTB<\/p>\n<p>Kaldt, v\u00e5tt og gr\u00e5tt p\u00e5 gravferdsdagen<\/p>\n<p class=\"hyperion-css-1p3yxp5\">P\u00e5 onsdag ventes det h\u00f8stlig v\u00e6r i Oslo under kong Haralds gravferd. <\/p>\n<p class=\"hyperion-css-1p3yxp5\">\u2013 Det blir gr\u00e5tt, svak vind, av og p\u00e5 med nedb\u00f8r og ganske lav temperatur, mellom 10\u201315 grader, sier vakthavende meteorolog Rafael Escobar L\u00f8vdahl ved Meteorologisk institutt til Aftenposten. <\/p>\n<p class=\"hyperion-css-1p3yxp5\">Det kommer ikke kraftig nedb\u00f8r, men det vil trolig regne fra start til slutt. <\/p>\n<p class=\"hyperion-css-1p3yxp5\">\u2013 Dette v\u00e6ret b\u00f8r ikke gi noen problemer i seg selv, men folk flest b\u00f8r kle seg godt og ha p\u00e5 regnt\u00f8y. <\/p>\n<p class=\"hyperion-css-1p3yxp5\">6500 politifolk og soldater skal bist\u00e5 ved s\u00f8rgeprosesjonen. I tillegg ventes det at mange blant publikum vil dra til Oslo sentrum for \u00e5 se p\u00e5. <\/p>\n<p class=\"hyperion-css-1p3yxp5\">\u2013 Det blir kaldt og v\u00e5tt \u00e5 st\u00e5 ute lenge hvis du ikke har p\u00e5 ordentlige kl\u00e6r, sier L\u00f8vdahl.<\/p>\n<p><img decoding=\"async\" class=\"hyperion-css-4zyuxd\" alt=\"Her skal s\u00f8rgeprosesjonen g\u00e5 gjennom Oslo sentrum onsdag 9. september\" src=\"https:\/\/www.europesays.com\/no\/wp-content\/uploads\/2026\/09\/25abc972b38c03ae19ab8970771565fa.png\"  loading=\"lazy\" style=\"aspect-ratio:150\/190;height:auto;width:100%\"\/><\/p>\n<p>Her skal s\u00f8rgeprosesjonen g\u00e5 gjennom Oslo sentrum onsdag 9. september <\/p>\n<\/li>\n<li class=\"hyperion-css-18rnhd extra-component-element\"\/>\n<li class=\"hyperion-css-1l2dsi0\" data-entry-tags=\"\" data-testid=\"liveblog-entry\">\n<p>P\u00e5l Strande Gamlemoen og Anine Hallgren<\/p>\n<p>10:53<\/p>\n<p>Nesten syv timers k\u00f8 for defilering<\/p>\n<p><img decoding=\"async\" class=\"hyperion-css-4zyuxd\" alt=\"\" src=\"https:\/\/www.europesays.com\/no\/wp-content\/uploads\/2026\/09\/b4f5d4d013c8c0f38efbf1bd1e26c0a8.jpeg\"  loading=\"lazy\" style=\"aspect-ratio:150\/100;height:auto;width:100%\"\/><\/p>\n<p>Foto: Tomm W. Christiansen<\/p>\n<p>Nesten syv timers k\u00f8 for defilering<\/p>\n<p class=\"hyperion-css-1p3yxp5\">Slottet estimerer l\u00f8rdag formiddag at man m\u00e5 st\u00e5 seks timer og 45 minutter i k\u00f8 for \u00e5 defilere forbi avd\u00f8de kong Haralds b\u00e5re i Slottskapellet. <\/p>\n<p class=\"hyperion-css-1p3yxp5\">Det opplyser en vakt fra Kongehuset overfor Aftenpostens reporter i enden av k\u00f8en i Wergelandsveien.<\/p>\n<p class=\"hyperion-css-1p3yxp5\">&#8211; Oi, vi h\u00e5per det ikke blir s\u00e5 lenge, sier Nea (13) og Julie (7), som sammen med mormor Synn\u00f8ve Rambek og mamma Rut Sj\u00f8lie-Rambek har st\u00e5tt i k\u00f8en halvannen time. <\/p>\n<p class=\"hyperion-css-1p3yxp5\">De sto opp tidlig og er innstilt p\u00e5 at dette kan ta litt tid. <\/p>\n<p class=\"hyperion-css-1p3yxp5\">&#8211; Jeg var her da jeg var syv, Vis mer<\/p>\n<\/li>\n<li class=\"hyperion-css-18rnhd extra-component-element\"\/>\n<li class=\"hyperion-css-1l2dsi0\" data-entry-tags=\"\" data-testid=\"liveblog-entry\">\n<p>650 journalister fra 19 land har s\u00f8kt om \u00e5 dekke kong Haralds gravferd<\/p>\n<p>650 journalister fra 19 land har s\u00f8kt om \u00e5 dekke kong Haralds gravferd<\/p>\n<p class=\"hyperion-css-1p3yxp5\">Utenriksdepartementet har f\u00e5tt 650 s\u00f8knader fra pressefolk om akkreditering til den kongelige gravferden onsdag.<\/p>\n<p class=\"hyperion-css-1p3yxp5\">De fleste utenlandske journalistene kommer fra Sverige, Tyskland, Storbritannia og Nederland, opplyser kommunikasjonssjef Tuva Raanes Bogsnes i Utenriksdepartementet til NTB.<\/p>\n<p class=\"hyperion-css-1p3yxp5\">I tillegg kommer journalister som ikke har s\u00f8kt om \u00e5 v\u00e6re p\u00e5 de etablerte presseposisjonene langs kong Haralds b\u00e5res prosesjon. Blant de 19 landene er ogs\u00e5 Norge.<\/p>\n<p class=\"hyperion-css-1p3yxp5\">\u2013 M\u00e5let er \u00e5 legge til rette for en mediedekning som er verdig og respektfull. Dette er en viktig og h\u00f8ytidelig anledning, og vi arbeider for at mediene skal kunne formidle begivenheten p\u00e5 en m\u00e5te som gjenspeiler stundens alvor og betydning, sier Bogsnes.<\/p>\n<p class=\"hyperion-css-1p3yxp5\">UD har etablert et eget pressesenter i Oslo sentrum. Det blir bygget flere plattformer og tribuner hvor presse f\u00e5r plass til \u00e5 dekke og fotografere gravferden.<\/p>\n<\/li>\n<li class=\"hyperion-css-18rnhd extra-component-element\"\/>\n<li class=\"hyperion-css-1l2dsi0\" data-entry-tags=\"\" data-testid=\"liveblog-entry\">\n<p>Sj\u00f8mannskirkene holder \u00e5pent for direkteoverf\u00f8ring fra gravferden<\/p>\n<p><img decoding=\"async\" class=\"hyperion-css-4zyuxd\" alt=\"I 2004 \u00e5pnet kong Harald og dronning Sonja sj\u00f8mannskirken i Singapore. Her vil det holdes direkteoverf\u00f8ring fra kongens gravferd klokken 19 lokal tid.\" src=\"https:\/\/www.europesays.com\/no\/wp-content\/uploads\/2026\/09\/ad92089a9791be7af9d5e13729ae8ce3.jpeg\"  loading=\"lazy\" style=\"aspect-ratio:150\/undefined;height:auto;width:100%\"\/><\/p>\n<p>I 2004 \u00e5pnet kong Harald og dronning Sonja sj\u00f8mannskirken i Singapore. Her vil det holdes direkteoverf\u00f8ring fra kongens gravferd klokken 19 lokal tid. Foto: Lise \u00c5serud \/ NTB<\/p>\n<p>Sj\u00f8mannskirkene holder \u00e5pent for direkteoverf\u00f8ring fra gravferden<\/p>\n<p class=\"hyperion-css-1p3yxp5\">Fra nesten alle sj\u00f8mannskirkene kan man f\u00f8lge kong Haralds gravferd, som vil bli direkteoverf\u00f8rt.<\/p>\n<p class=\"hyperion-css-1p3yxp5\">Spesielt i K\u00f8benhavn, Stockholm og London er det ventet at mange vil komme for \u00e5 f\u00f8lge seremonien p\u00e5 onsdag.<\/p>\n<p class=\"hyperion-css-1p3yxp5\">\u2013 Vi har sett i forbindelse med s\u00f8rgetiden at mange studenter er blant dem som kommer til kirken, sier kommunikasjonssjef Sissel Myklebust M\u00e6land i Sj\u00f8mannskirken.<\/p>\n<p class=\"hyperion-css-1p3yxp5\">Sj\u00f8mannskirkene legger opp til overf\u00f8ring og en mulighet til \u00e5 samles b\u00e5de f\u00f8r og etter.<\/p>\n<p class=\"hyperion-css-1p3yxp5\">\u2013 Vi ser at mange s\u00f8ker til sj\u00f8mannskirkene n\u00e5r det skjer st\u00f8rre hendelser. Det gjelder ogs\u00e5 viktige dager som 17. mai og julaften. Da er nordmenn i utlandet veldig norske, forteller M\u00e6land.<\/p>\n<p class=\"hyperion-css-1p3yxp5\">De fleste sj\u00f8mannskirkene har i l\u00f8pet av den siste tiden arrangert spesielle s\u00f8rgegudstjenester. Det er i dag 28 bygg for Sj\u00f8mannskirken over hele verden.<\/p>\n<p class=\"hyperion-css-1p3yxp5\">Seremonien starter i Oslo domkirke klokken 13 p\u00e5 onsdag.<\/p>\n<\/li>\n<li class=\"hyperion-css-18rnhd extra-component-element\"\/>\n<li class=\"hyperion-css-1l2dsi0\" data-entry-tags=\"\" data-testid=\"liveblog-entry\">\n<p>Anine Hallgren, Tor Arne Andreassen<\/p>\n<p>07:29<\/p>\n<p>Trump skal til Dallas samme dag som kong Haralds gravferd<\/p>\n<p><img decoding=\"async\" class=\"hyperion-css-4zyuxd\" alt=\"USAs president Donald Trump skal til Dallas neste uke.\" src=\"https:\/\/www.europesays.com\/no\/wp-content\/uploads\/2026\/09\/41455901182102b9ea7290897eda2b38.jpeg\"  loading=\"lazy\" style=\"aspect-ratio:150\/undefined;height:auto;width:100%\"\/><\/p>\n<p>USAs president Donald Trump skal til Dallas neste uke. Foto: Julia Demaree Nikhinson \/ AP \/ NTB<\/p>\n<p>Trump skal til Dallas samme dag som kong Haralds gravferd<\/p>\n<p class=\"hyperion-css-1p3yxp5\">USAs president Donald Trump opplyser at han skal delta i et republikansk arrangement i Dallas i Texas samme dag som kong Haralds gravferd i Oslo.<\/p>\n<p class=\"hyperion-css-1p3yxp5\">Arrangementet g\u00e5r over to dager, 9. og 10. september, og Trump skriver p\u00e5 <a href=\"https:\/\/truthsocial.com\/@realDonaldTrump\/117215997527902981\" rel=\"noopener nofollow\" target=\"_blank\">Truth Social<\/a> at han skal v\u00e6re til stede i Dallas begge dagene.<\/p>\n<p class=\"hyperion-css-1p3yxp5\">\u2013 Det st\u00f8rste folkem\u00f8tet av dem alle! Jeg skal tale den f\u00f8rste kvelden. Vi ses i Dallas, skriver Trump.<\/p>\n<p class=\"hyperion-css-1p3yxp5\">Det er tidligere blitt opplyst at Trump skulle tale 10. september, men n\u00e5 sier han alts\u00e5 at han skal tale 9. september.<\/p>\n<p class=\"hyperion-css-1p3yxp5\">Kong Haralds gravferd holdes i Oslo domkirke klokken 13 onsdag 9. september. Det har hittil v\u00e6rt uklart om Trump selv, visepresident J.D. Vance eller noen andre vil representere USA.<\/p>\n<p class=\"hyperion-css-1p3yxp5\">Ogs\u00e5 visepresident Vance skal tale under m\u00f8tet i Dallas. If\u00f8lge det oppsatte programmet skal ogs\u00e5 han tale 9. september.<\/p>\n<p class=\"hyperion-css-1p3yxp5\">Det hvite hus har s\u00e5 langt ikke sagt noe om hvem som skal representere USA under gravferden i Oslo.<\/p>\n<\/li>\n<li class=\"hyperion-css-18rnhd extra-component-element\"\/>\n<li class=\"hyperion-css-1l2dsi0\" data-entry-tags=\"\" data-testid=\"liveblog-entry\">\n<p>Arnhild Aass Kristiansen<\/p>\n<p>i g\u00e5r18:37<\/p>\n<p>\u00c5pningstidene for defilering utvides <\/p>\n<p>\u00c5pningstidene for defilering utvides <\/p>\n<p class=\"hyperion-css-1p3yxp5\">Mange mennesker \u00f8nsker \u00e5 ta et siste farvel ved Kong Haralds b\u00e5re, og k\u00f8ene er lange. De kommende dagene fram mot gravferden vil vi derfor utvide \u00e5pningstidene.<\/p>\n<p class=\"hyperion-css-1p3yxp5\">Det skriver Slottet i en pressemelding. De neste dagene vil \u00e5pningstidene v\u00e6re som f\u00f8lger: <\/p>\n<p class=\"hyperion-css-1p3yxp5\">L\u00f8rdag 05.09 , s\u00f8ndag 06.09 og mandag 07.09: kl. 10.00\u201323.00\u2022 Tirsdag 08.09: kl. 10.00\u201319.00<\/p>\n<p class=\"hyperion-css-1p3yxp5\">Siden tirsdag har Slottskapellet, der kong Haralds b\u00e5re st\u00e5r plassert v\u00e6rt \u00e5pen for publikum. Fredag ettermiddag, da Aftenposten var p\u00e5 stedet, strakk k\u00f8en utenfor kapellet seg mange hundre meter. K\u00f8ene kan v\u00e6re hele fire timer lange, opplyser Slottet. <\/p>\n<\/li>\n<li class=\"hyperion-css-18rnhd extra-component-element\"\/>\n<li class=\"hyperion-css-1l2dsi0\" data-entry-tags=\"\" data-testid=\"liveblog-entry\">\n<p>P\u00e5l Strande Gamlemoen<\/p>\n<p>i g\u00e5r16:54<\/p>\n<p>Varsler trafikale begrensninger &#8211; politiet med oppfordring<\/p>\n<p>Varsler trafikale begrensninger &#8211; politiet med oppfordring<\/p>\n<p class=\"hyperion-css-1p3yxp5\">I en pressemelding varsler politiet om trafikale begrensninger p\u00e5 E6 i forbindelse med kong Haralds gravferd 9. september. N\u00e5r kongelige, statsoverhoder og andre profilerte personers sikkerhet skal ivaretas ved ankomst Norge, f\u00e5r det f\u00f8lger ogs\u00e5 for trafikkbildet. <\/p>\n<p class=\"hyperion-css-1p3yxp5\">Dermed blir det trafikale restriksjoner p\u00e5 E6 b\u00e5de i s\u00f8r- og nordg\u00e5ende retning fra 8.-10. september. Disse vil inneb\u00e6re at noen p\u00e5- og avkj\u00f8ringer p\u00e5 motorveien kan bli stengt i kortere perioder. Politiet ber om at man f\u00f8lger med p\u00e5 <a href=\"https:\/\/www.vegvesen.no\/trafikk\" rel=\"noopener nofollow\" target=\"_blank\">vegvesenets <\/a>sider for mer informasjon.<\/p>\n<p class=\"hyperion-css-1p3yxp5\">Politiet oppfordrer trafikanter og andre ber\u00f8rte til \u00e5 unng\u00e5 E6 om mulig i denne perioden. <\/p>\n<p class=\"hyperion-css-1p3yxp5\">Det vil ogs\u00e5 v\u00e6re midlertidige luftfartsrestriksjoner.<\/p>\n<\/li>\n<li class=\"hyperion-css-18rnhd extra-component-element\"\/>\n<li class=\"hyperion-css-1l2dsi0\" data-entry-tags=\"\" data-testid=\"liveblog-entry\">\n<p>Sanna Nerheim <\/p>\n<p>i g\u00e5r16:38<\/p>\n<p>Lang k\u00f8 for \u00e5 se kong Haralds b\u00e5re <\/p>\n<p><img decoding=\"async\" class=\"hyperion-css-4zyuxd\" alt=\"Karen Henrikke \u00d8stby Arntzen, Camilla Skage-Arntzen, Elina Helene \u00d8stby Arntzen og Signe Steinum Dal sto i k\u00f8 i nesten to timer for \u00e5 se kongens b\u00e5re.\" src=\"https:\/\/www.europesays.com\/no\/wp-content\/uploads\/2026\/09\/4acbf9d058f1bc097474e6e1378daa27.jpeg\"  loading=\"lazy\" style=\"aspect-ratio:150\/117;height:auto;width:100%\"\/><\/p>\n<p>Karen Henrikke \u00d8stby Arntzen, Camilla Skage-Arntzen, Elina Helene \u00d8stby Arntzen og Signe Steinum Dal sto i k\u00f8 i nesten to timer for \u00e5 se kongens b\u00e5re. Foto: Sanna Nerheim<\/p>\n<p>Lang k\u00f8 for \u00e5 se kong Haralds b\u00e5re <\/p>\n<p class=\"hyperion-css-1p3yxp5\">Karen Henrikke \u00d8stby Arntzen, Elida Helene \u00d8stby Arntzen, Camilla Skage-Arntzen og Signe Steinum Dal sto nesten to timer i k\u00f8 for \u00e5 se kong Haralds b\u00e5re fredag ettermiddag.<\/p>\n<p class=\"hyperion-css-1p3yxp5\">\u2013 Vi f\u00f8lte at det var riktig \u00e5 gj\u00f8re, sier Skage-Arntzen til Aftenposten.<\/p>\n<p class=\"hyperion-css-1p3yxp5\">Jentene er enige i at det er r\u00f8rende \u00e5 se at s\u00e5 mange har m\u00f8tt opp.<\/p>\n<p class=\"hyperion-css-1p3yxp5\">Siden tirsdag har Slottskapellet, der kong Haralds b\u00e5re st\u00e5r plassert v\u00e6rt \u00e5pen for publikum. Fredag ettermiddag strekker k\u00f8en utenfor kapellet seg mange hundre meter. Alle som \u00f8nsker det, kan se kong Haralds b\u00e5re fra tirsdag klokken 14.00 og deretter hver dag mellom 10 og 18, til og med 8. september.<\/p>\n<\/li>\n<li class=\"hyperion-css-18rnhd extra-component-element\"\/>\n<li class=\"hyperion-css-1l2dsi0\" data-entry-tags=\"\" data-testid=\"liveblog-entry\">\n<p>Oslo lufthavn varsler forsinkelser under kong Haralds gravferd<\/p>\n<p><img decoding=\"async\" class=\"hyperion-css-4zyuxd\" alt=\"Det kan bli forsinkelser p\u00e5 Oslo lufthavn i forbindelse med kong Haralds gravferd onsdag 9. september.\" src=\"https:\/\/www.europesays.com\/no\/wp-content\/uploads\/2026\/09\/3d3b2e05c5117c5091818eb0ba0a1ac7.jpeg\"  loading=\"lazy\" style=\"aspect-ratio:150\/undefined;height:auto;width:100%\"\/><\/p>\n<p>Det kan bli forsinkelser p\u00e5 Oslo lufthavn i forbindelse med kong Haralds gravferd onsdag 9. september. Foto: Amanda Pedersen Giske  \/ NTB<\/p>\n<p>Oslo lufthavn varsler forsinkelser under kong Haralds gravferd<\/p>\n<p class=\"hyperion-css-1p3yxp5\">Oslo lufthavn forbereder seg p\u00e5 ekstraordin\u00e6r aktivitet onsdag i forbindelse med kong Haralds gravferd og ber reisende beregne god tid.<\/p>\n<p class=\"hyperion-css-1p3yxp5\">Det ventes mange gjester og delegasjoner, noe som kan f\u00f8re til kanselleringer eller forsinkelser i det ordin\u00e6re ruteprogrammet, s\u00e6rlig i morgentimene, skriver Avinor i en   <a href=\"https:\/\/kommunikasjon.ntb.no\/pressemelding\/19052972\/oslo-lufthavn-forbereder-seg-pa-ekstraordinaer-trafikk-i-forbindelse-med-kong-harald-vs-gravferd?publisherId=17421123&amp;lang=no\" rel=\"noopener nofollow\" target=\"_blank\">pressemelding.<\/a><\/p>\n<p class=\"hyperion-css-1p3yxp5\">Reisende oppfordres til \u00e5 m\u00f8te i god tid og f\u00f8lge med p\u00e5 informasjon fra sitt flyselskap.<\/p>\n<p class=\"hyperion-css-1p3yxp5\">\u2013 Dette blir en ekstraordin\u00e6r dag for Oslo lufthavn og for hele landet. V\u00e5r oppgave er \u00e5 legge til rette for en trygg, verdig og god gjennomf\u00f8ring for gjestene som kommer til Norge, samtidig som vi ivaretar ordin\u00e6r drift, sier lufthavndirekt\u00f8r Thorgeir Landevaag ved Oslo lufthavn.<\/p>\n<p class=\"hyperion-css-1p3yxp5\">Avinor minner ogs\u00e5 om at det er forbudt \u00e5 fly drone n\u00e6rmere enn fem kilometer fra lufthavnen uten s\u00e6rskilt tillatelse og ber alle som oppholder seg rundt lufthavnen, om \u00e5 bidra til en trygg og verdig gjennomf\u00f8ring.<\/p>\n<\/li>\n<li class=\"hyperion-css-18rnhd extra-component-element\"\/>\n<li class=\"hyperion-css-1l2dsi0\" data-entry-tags=\"\" data-testid=\"liveblog-entry\">\n<p>Kong Felipe, dronning Letizia og dronning Sofia kommer i gravferden <\/p>\n<p><img decoding=\"async\" class=\"hyperion-css-4zyuxd\" alt=\"Spanias kong Felipe og dronning Letizia. Kong Felipe er gudfar til kronprinsesse Ingrid Alexandra. \" src=\"https:\/\/www.europesays.com\/no\/wp-content\/uploads\/2026\/09\/0b0707bcd403ec6baf65f99d4853e6b1.jpeg\"  loading=\"lazy\" style=\"aspect-ratio:150\/100;height:auto;width:100%\"\/><\/p>\n<p>Spanias kong Felipe og dronning Letizia. Kong Felipe er gudfar til kronprinsesse Ingrid Alexandra.  Foto: Petros Giannakouris<\/p>\n<p>Kong Felipe, dronning Letizia og dronning Sofia kommer i gravferden <\/p>\n<p class=\"hyperion-css-1p3yxp5\">Det spanske hoffet bekrefter overfor Aftenposten at Spanias konge, dronning og kongens mor, dronning Sofia, kommer i kong Haralds gravferd.<\/p>\n<p class=\"hyperion-css-1p3yxp5\">Det spanske kongeparet er n\u00e6rt knyttet til det norske. Blant annet er kongen gudfar til kronprinsesse Ingrid Alexandra. <\/p>\n<p class=\"hyperion-css-1p3yxp5\">Dronning Sofia var gift med Felipes far, kong Juan Carlos, som abdiserte i 2014. <\/p>\n<\/li>\n<li class=\"hyperion-css-18rnhd extra-component-element\"\/>\n<li class=\"hyperion-css-1l2dsi0\" data-entry-tags=\"\" data-testid=\"liveblog-entry\">\n<p>David Vojislav Krekling<\/p>\n<p>i g\u00e5r13:10<\/p>\n<p>Politimesteren i Oslo: &#8211; La bunadskniven v\u00e6re hjemme<\/p>\n<p><img decoding=\"async\" class=\"hyperion-css-4zyuxd\" alt=\"\" src=\"https:\/\/www.europesays.com\/no\/wp-content\/uploads\/2026\/09\/8d443182e5da69e12a960a2a90b28898.jpeg\"  loading=\"lazy\" style=\"aspect-ratio:150\/100;height:auto;width:100%\"\/><\/p>\n<p>Foto: Terje Pedersen<\/p>\n<p>Politimesteren i Oslo: &#8211; La bunadskniven v\u00e6re hjemme<\/p>\n<p class=\"hyperion-css-1p3yxp5\">Politimester i Oslo Ida Melbo \u00d8ystese har \u00e9n klar oppfordring til folk som vil g\u00e5 med bunad under kong Haralds gravferd:<\/p>\n<p class=\"hyperion-css-1p3yxp5\">&#8211; Et godt r\u00e5d hvis du har tenkt til \u00e5 ta p\u00e5 deg bunad den dagen, s\u00e5 la kniven bli igjen hjemme.<\/p>\n<p class=\"hyperion-css-1p3yxp5\">Hun sier at innbyggerne m\u00e5 v\u00e6re forberedt p\u00e5 \u00e5 m\u00f8te politisperringer, og at alle som skal inn i omr\u00e5der politiet har sperret av, m\u00e5 g\u00e5 til fots gjennom visitasjonspunkter som er bemannet av politi. Dette gj\u00f8r politiet for \u00e5 sikre at ingen tar med seg potensielle farlige gjenstander inn i omr\u00e5det. <\/p>\n<p class=\"hyperion-css-1p3yxp5\">Det blir ogs\u00e5 forbud mot sykler, sparkesykler og el-sparkesykler i de avsperrede omr\u00e5dene.<\/p>\n<p class=\"hyperion-css-1p3yxp5\">Rundt 3000 politifolk skal v\u00e6re i sving p\u00e5 dagen for gravferden. Det opplyser politidirektoratet til Aftenposten.<\/p>\n<\/li>\n<li class=\"hyperion-css-18rnhd extra-component-element\"\/>\n<li class=\"hyperion-css-1l2dsi0\" data-entry-tags=\"\" data-testid=\"liveblog-entry\">\n<p>Regjeringen defilerte forbi kongens b\u00e5re<\/p>\n<p><img decoding=\"async\" class=\"hyperion-css-4zyuxd\" alt=\"Statsminister Jonas Gahr St\u00f8re ledet an da regjeringen defilerte forbi kongens kiste i Slottskapellet fredag.\" src=\"https:\/\/www.europesays.com\/no\/wp-content\/uploads\/2026\/09\/457aa25db157fa5c89e70ab081bb5ebd.jpeg\"  loading=\"lazy\" style=\"aspect-ratio:150\/undefined;height:auto;width:100%\"\/><\/p>\n<p>Statsminister Jonas Gahr St\u00f8re ledet an da regjeringen defilerte forbi kongens kiste i Slottskapellet fredag. Foto: Fredrik Varfjell \/ POOL  \/ NTB<\/p>\n<p>Regjeringen defilerte forbi kongens b\u00e5re<\/p>\n<p class=\"hyperion-css-1p3yxp5\">Med Jonas Gahr St\u00f8re i spissen samlet regjeringen seg i Slottskapellet fredag formiddag. <\/p>\n<p class=\"hyperion-css-1p3yxp5\">\u2013 Det var et vakkert \u00f8yeblikk, sa statsministeren.<\/p>\n<p class=\"hyperion-css-1p3yxp5\">I likhet med tusenvis av nordmenn \u00f8nsket ogs\u00e5 regjeringen \u00e5 ta farvel og vise respekt ved \u00e5 g\u00e5 sakte forbi kong Haralds b\u00e5re.<\/p>\n<p class=\"hyperion-css-1p3yxp5\">I tur og orden gikk statsministeren og de 19 statsr\u00e5dene fram til kisten, stoppet opp og bukket.<\/p>\n<p class=\"hyperion-css-1p3yxp5\">Defileringen fant sted etter at kong Haakon hadde ledet sitt f\u00f8rste ordin\u00e6re statsr\u00e5d p\u00e5 Slottet. Kronprinsesse Ingrid Alexandra var ogs\u00e5 tiVis mer<\/p>\n<p><img decoding=\"async\" class=\"hyperion-css-4zyuxd\" alt=\"Jens Stoltenberg og da andre statsr\u00e5dene i regjeringen tok en etter en farvel med kongen ved \u00e5 defilere forbi b\u00e5ren.\" src=\"https:\/\/www.europesays.com\/no\/wp-content\/uploads\/2026\/09\/18dbb2a984daa94e1702e1dfd21bb057.jpeg\"  loading=\"lazy\" style=\"aspect-ratio:150\/undefined;height:auto;width:100%\"\/><\/p>\n<p>Jens Stoltenberg og da andre statsr\u00e5dene i regjeringen tok en etter en farvel med kongen ved \u00e5 defilere forbi b\u00e5ren. Foto: Fredrik Varfjell \/ POOL  \/ NTB<\/p>\n<\/li>\n<li class=\"hyperion-css-18rnhd extra-component-element\"\/>\n<li class=\"hyperion-css-1l2dsi0\" data-entry-tags=\"\" data-testid=\"liveblog-entry\">\n<p>NTB\/Magnus Lysberg<\/p>\n<p>i g\u00e5r11:55<\/p>\n<p>Regjeringen vil overskride budsjetter i forbindelse med gravferden<\/p>\n<p><img decoding=\"async\" class=\"hyperion-css-4zyuxd\" alt=\"Kong Haakon har holdt sitt f\u00f8rste ordin\u00e6re statsr\u00e5d som regent. Bildet her er fra det ekstraordin\u00e6re statsr\u00e5det p\u00e5 Slottet fredag forrige uke.\" src=\"https:\/\/www.europesays.com\/no\/wp-content\/uploads\/2026\/09\/a4c1523b07da5004a9696fa14f21891b.jpeg\"  loading=\"lazy\" style=\"aspect-ratio:150\/undefined;height:auto;width:100%\"\/><\/p>\n<p>Kong Haakon har holdt sitt f\u00f8rste ordin\u00e6re statsr\u00e5d som regent. Bildet her er fra det ekstraordin\u00e6re statsr\u00e5det p\u00e5 Slottet fredag forrige uke. Foto: Heiko Junge \/ NTB POOL<\/p>\n<p>Regjeringen vil overskride budsjetter i forbindelse med gravferden<\/p>\n<p class=\"hyperion-css-1p3yxp5\">Kong Haakon har holdt sitt f\u00f8rste ordin\u00e6re statsr\u00e5d som Norges statsoverhode. <\/p>\n<p class=\"hyperion-css-1p3yxp5\">Der kom det frem at regjeringen planlegger \u00e5 overskride bevilgningene til en rekke departementer i forbindelse med kong Haralds gravferd 9. september.<\/p>\n<p class=\"hyperion-css-1p3yxp5\">\u201cBevilgningene i statsbudsjettet for 2026 under Utenriksdepartementet, Justis- og beredskapsdepartementet, Digitaliserings- og forvaltningsdepartementet, Samferdsels-departementet, Kommunal- og distriktsdepartementet og Forsvarsdepartementet kan overskrides i forbindelse med H.M. Kong Harald V sin statsbegravelse\u00bb, heter det i referatet fra statsr\u00e5d. <\/p>\n<p class=\"hyperion-css-1p3yxp5\">I statsr\u00e5d orienterte ogs\u00e5 kong Haakon om kronprinsesse Ingrid Alexandras edsavleggelse.<\/p>\n<p class=\"hyperion-css-1p3yxp5\">Kong Haakon VIII meddelte f\u00f8lgende:<\/p>\n<p class=\"hyperion-css-1p3yxp5\">\u00abStatsminister og statsr\u00e5der. Jeg vil meddele statsr\u00e5det at Hennes Kongelige H\u00f8yhet Kronprinsessen den 1. september 2026 avla skriftlig ed for Stortinget i tr\u00e5d med Grunnloven \u00a7 44\u00bb<\/p>\n<p class=\"hyperion-css-1p3yxp5\">Statsr\u00e5det er ogs\u00e5 kronprinsesse Ingrid Alexandras f\u00f8rste oppgave etter edsavleggelsen.<\/p>\n<\/li>\n<li class=\"hyperion-css-18rnhd extra-component-element\"\/>\n<li class=\"hyperion-css-1l2dsi0\" data-entry-tags=\"\" data-testid=\"liveblog-entry\">\n<p>F\u00e5r hjelp av danske og svenske bombehunder<\/p>\n<p>F\u00e5r hjelp av danske og svenske bombehunder<\/p>\n<p class=\"hyperion-css-1p3yxp5\">Oslo-politiet vil f\u00e5 hjelp fra dansk og svensk politi i forbindelse med kong Haralds gravferd. Men det er forel\u00f8pig kun snakk om bidrag fra politihunder som er spesialtrent til bombes\u00f8k, og hundef\u00f8rerne deres. <\/p>\n<p class=\"hyperion-css-1p3yxp5\">Innsatsleder Tomm Berger i Oslo-politiet sier at det er god tradisjon for \u00e5 samarbeide om dette n\u00e5r det er store arrangementer. <\/p>\n<p class=\"hyperion-css-1p3yxp5\">Norge har egne bombes\u00f8kshunder, men ikke mange nok til \u00e5 s\u00f8ke s\u00e5 mye som i forbindelse med gravferden. <\/p>\n<p class=\"hyperion-css-1p3yxp5\">Norsk politi har gjort det klart at de ogs\u00e5 kan f\u00e5 bistand fra politi til andre oppgaver om det skulle bli behov for det. <\/p>\n<p class=\"hyperion-css-1p3yxp5\">Det vil komme politifolk fra resten av Norge i forbindelse med gravferden. <\/p>\n<\/li>\n<li class=\"hyperion-css-18rnhd extra-component-element\"\/>\n<li class=\"hyperion-css-1l2dsi0\" data-entry-tags=\"\" data-testid=\"liveblog-entry\">\n<p>Defilering forbi kong Harald: Alle som er i k\u00f8 en time f\u00f8r stengetid, slipper inn<\/p>\n<p><img decoding=\"async\" class=\"hyperion-css-4zyuxd\" alt=\"I forbindelse med kong Haralds gravferd vil Slottskapellet v\u00e6re \u00e5pent for defilering for publikum frem til dagen f\u00f8r gravferden onsdag.\" src=\"https:\/\/www.europesays.com\/no\/wp-content\/uploads\/2026\/09\/9524763422b722b443bc48de41939306.jpeg\"  loading=\"lazy\" style=\"aspect-ratio:150\/undefined;height:auto;width:100%\"\/><\/p>\n<p>I forbindelse med kong Haralds gravferd vil Slottskapellet v\u00e6re \u00e5pent for defilering for publikum frem til dagen f\u00f8r gravferden onsdag. Foto: Fredrik Varfjell \/ POOL  \/ NTB<\/p>\n<p>Defilering forbi kong Harald: Alle som er i k\u00f8 en time f\u00f8r stengetid, slipper inn<\/p>\n<p class=\"hyperion-css-1p3yxp5\">Slottet har g\u00e5tt ut med oppdatert informasjon om defileringen foran kong Haralds kiste i Slottskapellet.<\/p>\n<p class=\"hyperion-css-1p3yxp5\">Blant annet melder Slottet n\u00e5 om at det har v\u00e6rt lange k\u00f8er og stor p\u00e5gang.<\/p>\n<p class=\"hyperion-css-1p3yxp5\">N\u00e5 opplyser de at selv om defileringen for publikum er \u00e5pen mellom 10.00 og 18.00, vil det v\u00e6re mulig \u00e5 defilere ogs\u00e5 etter stengetid.<\/p>\n<p class=\"hyperion-css-1p3yxp5\">Det settes strek ved k\u00f8en om lag en time f\u00f8r stengetid, hvilket betyr at det ikke g\u00e5r an \u00e5 slutte seg til k\u00f8en etter dette.<\/p>\n<p class=\"hyperion-css-1p3yxp5\">\u2013 Alle som st\u00e5r i k\u00f8 n\u00e5r det settes strek, f\u00e5r anledning til \u00e5 defilere selv om det skjer etter oppsatt stengetid, heter det.<\/p>\n<p class=\"hyperion-css-1p3yxp5\">Slottet gj\u00f8r ogs\u00e5 oppmerksom p\u00e5 at n\u00e5r det settes strek, vil variere med k\u00f8ens lengde.<\/p>\n<p class=\"hyperion-css-1p3yxp5\">\u2013 Det kan settes strek tidligere. Vi ber om forst\u00e5else for dette, opplyser Slottet.<\/p>\n<p class=\"hyperion-css-1p3yxp5\">Publikum kan defilere i Slottskapellet frem til tirsdag, dagen f\u00f8r kong Haralds gravferd.<\/p>\n<\/li>\n<li class=\"hyperion-css-18rnhd extra-component-element\"\/>\n<li class=\"hyperion-css-1l2dsi0\" data-entry-tags=\"\" data-testid=\"liveblog-entry\">\n<p>Dette skjer p\u00e5 Slottet i dag<\/p>\n<p><img decoding=\"async\" class=\"hyperion-css-4zyuxd\" alt=\"\" src=\"https:\/\/www.europesays.com\/no\/wp-content\/uploads\/2026\/09\/554a22b1f4a5c3772bc0c9e1f802e7fc.jpeg\"  loading=\"lazy\" style=\"aspect-ratio:150\/undefined;height:auto;width:100%\"\/><\/p>\n<p>Foto: Olav Olsen \/ Aftenposten<\/p>\n<p>Dette skjer p\u00e5 Slottet i dag<\/p>\n<p class=\"hyperion-css-1p3yxp5\"><strong>Kongen mottar kondolanseaudienser<\/strong><\/p>\n<p class=\"hyperion-css-1p3yxp5\">Kong Haakon og kronprinsesse Ingrid Alexandra tar fredag imot Forsvaret, Sametinget og Samarbeidsr\u00e5det for tros- og livssynssamfunn i kondolanseaudiens.<\/p>\n<p class=\"hyperion-css-1p3yxp5\">Det g\u00e5r fram av kongefamiliens program.<\/p>\n<p class=\"hyperion-css-1p3yxp5\">Klokken 11.45 tar de imot representanter fra Sametinget. Deretter tar de imot Forsvaret klokken 12 og Samarbeidsr\u00e5det for tros- og livssynssamfunn klokken 12.15.<\/p>\n<p class=\"hyperion-css-1p3yxp5\"><strong>Kong Haakon VIII holder statsr\u00e5d p\u00e5 Slottet<\/strong><\/p>\n<p class=\"hyperion-css-1p3yxp5\">Kong Haakon holder statsr\u00e5d p\u00e5 Det kongelige slott, og kronprinsesse IngVis mer<\/p>\n<\/li>\n<li class=\"hyperion-css-18rnhd extra-component-element\"\/>\n<li class=\"hyperion-css-1l2dsi0\" data-entry-tags=\"\" data-testid=\"liveblog-entry\">\n<p>Dette skjer p\u00e5 Slottet i dag<\/p>\n<p><img decoding=\"async\" class=\"hyperion-css-4zyuxd\" alt=\"\" src=\"https:\/\/www.europesays.com\/no\/wp-content\/uploads\/2026\/09\/9ad9aab247d2adf8bc6d334575c56fe2.jpeg\"  loading=\"lazy\" style=\"aspect-ratio:150\/undefined;height:auto;width:100%\"\/><\/p>\n<p>Foto: Olav Olsen \/ Aftenposten<\/p>\n<p>Dette skjer p\u00e5 Slottet i dag<\/p>\n<p class=\"hyperion-css-1p3yxp5\"><strong>Kongen mottar kondolanseaudienser<\/strong><\/p>\n<p class=\"hyperion-css-1p3yxp5\">Kong Haakon og kronprinsesse Ingrid Alexandra tar fredag imot Forsvaret, Sametinget og Samarbeidsr\u00e5det for tros- og livssynssamfunn i kondolanseaudiens.<\/p>\n<p class=\"hyperion-css-1p3yxp5\">Det g\u00e5r fram av kongefamiliens program.<\/p>\n<p class=\"hyperion-css-1p3yxp5\">Klokken 11.45 tar de imot representanter fra Sametinget. Deretter tar de imot Forsvaret klokken 12 og Samarbeidsr\u00e5det for tros- og livssynssamfunn klokken 12.15.<\/p>\n<p class=\"hyperion-css-1p3yxp5\"><strong>Kong Haakon VIII holder statsr\u00e5d p\u00e5 Slottet<\/strong><\/p>\n<p class=\"hyperion-css-1p3yxp5\">Kong Haakon holder statsr\u00e5d p\u00e5 Det kongelige slott, og kronprinsesse IngVis mer<\/p>\n<\/li>\n<li class=\"hyperion-css-18rnhd extra-component-element\"\/><\/ul>\n<p>Vis flere innlegg<\/p>\n<p> div > div {<br \/>\n        background-color: transparent !important;<br \/>\n        background: transparent !important;<br \/>\n    }<\/p>\n<p>    #main p {<br \/>\n        color: #F3F5FC;<br \/>\n    }<br \/>\n    #main .mediapanel-content p {<br \/>\n        color: #fff;<br \/>\n    }<\/p>\n<p>    h2 {<br \/>\n        color: #F3F5FC !important;<\/p>\n<p>    }<\/p>\n<p>    ul[data-test-tag=&raquo;list&raquo;] li span{<br \/>\n        color:#F3F5FC !important;<br \/>\n    }<br \/>\n    ul[data-test-tag=&raquo;list&raquo;] li:before{<br \/>\n        color:#F3F5FC;<br \/>\n    }<\/p>\n<p>    .byline-name {<br \/>\n        border-bottom-color: transparent !important;<br \/>\n        color: #4D5166 !important;<br \/>\n    }<\/p>\n<p>    .byline-name:hover {<br \/>\n        border-bottom-color: #4D5166 !important;<br \/>\n    }<\/p>\n<p>    .byline-name+div, time {<br \/>\n        color: #F3F5FC;<br \/>\n    }<\/p>\n<p>    aside[class*=&raquo;factbox-&laquo;] {<br \/>\n        background-color: #F3F5FC;<br \/>\n        border-color: white;<br \/>\n    }<\/p>\n<p>    aside[class*=&raquo;factbox-&laquo;] li, aside[class*=&raquo;factbox-&laquo;] li::before {<br \/>\n        color: #F3F5FC;<br \/>\n    }<\/p>\n<p>    aside[class*=&raquo;factbox-&laquo;] button {<br \/>\n        color: #974100;<br \/>\n    }<\/p>\n<p>    aside[class*=&raquo;factbox-&laquo;] button:hover {<br \/>\n        color: #F3F5FC !important;<br \/>\n    }<\/p>\n<p>    :global(.mm-tipsboks) {<br \/>\n        border-color: white;<br \/>\n    }<\/p>\n<p>    ul:has(.byline-name) {<br \/>\n        position: relative;<br \/>\n        z-index: 5;<br \/>\n    }<\/p>\n<p>    .advertory-brandmetrics-survey, .extendedContent:has(h2), div:has(>button[title=&raquo;Tilbake til forsiden&raquo;]), div:has(>div>button[title=&raquo;Kopier URL til utklippstavle&raquo;]+a) {<br \/>\n        display: none;<br \/>\n    }<\/p>\n<p>    article > p:last-of-type a {<br \/>\n        border-bottom-color: transparent !important;<br \/>\n        color: #4D5166 !important;<br \/>\n    }<\/p>\n<p>    article > p:last-of-type a:hover {<br \/>\n         border-bottom-color: #4D5166 !important;<br \/>\n    }<\/p>\n<p>    article > p > a {<br \/>\n        border-bottom-color: transparent !important;<br \/>\n        color: #4D5166 !important;<br \/>\n    }<\/p>\n<p>    article > p > a:hover {<br \/>\n         border-bottom-color: #4D5166 !important;<br \/>\n    }<\/p>\n<p>    @media screen and (min-width: 600px) {<br \/>\n         h2:not(aside h2) {<br \/>\n             font-size: 28px !important;<br \/>\n         }<br \/>\n    }<\/p>\n<p>    mm-sitatboks::part(sitat) {<br \/>\n        background: black;<br \/>\n        border: 1px solid white;<br \/>\n    }<\/p>\n<p>    mm-mediacard::part(title) {<br \/>\n        color: white;<br \/>\n    }<\/p>\n<p>    mm-mediacard::part(description p) {<br \/>\n        color: #F3F5FC !important;<br \/>\n    }<\/p>\n<p>    #widget-inline-list a {<br \/>\n        background-color: transparent;<br \/>\n        color: white;<br \/>\n        border-width: 1px;<br \/>\n    }<\/p>\n<p>    #widget-inline-list a:hover {<br \/>\n        border-color: #4D5166;<br \/>\n        background-color: transparent;<br \/>\n    }<\/p>\n<p>   .word-explainer-text {<br \/>\n        color: #fff !important;<br \/>\n        background: #F3F5FC !important;<br \/>\n        border-radius: 2px;<br \/>\n    }<br \/>\n    .image-caption {<br \/>\n        color: #F3F5FC !important;<br \/>\n    }<br \/>\n]]><\/p>\n","protected":false},"excerpt":{"rendered":"F\u00e5 siste oppdateringer og hendelser rundt kong Harald Vs bortgang og gravferd. Publisert: 28.08.2026 08:37 |\u00a0Oppdatert: 31.08.2026 13:47&hellip;\n","protected":false},"author":2,"featured_media":345244,"comment_status":"","ping_status":"","sticky":false,"template":"","format":"standard","meta":{"footnotes":"","_share_on_mastodon":"0"},"categories":[5],"tags":[20,21,24,25,15,19,22,23,17,18,13,30,28,29,14,16,26,27],"class_list":["post-345243","post","type-post","status-publish","format-standard","has-post-thumbnail","category-overskrifter","tag-breaking-news","tag-breakingnews","tag-featured-news","tag-featurednews","tag-headlines","tag-hovedoppslag","tag-latest-news","tag-latestnews","tag-main-news","tag-mainnews","tag-news","tag-no","tag-norge","tag-norway","tag-nyheter","tag-overskrifter","tag-top-stories","tag-topstories"],"share_on_mastodon":{"url":"https:\/\/pubeurope.com\/@no\/117220050202888328","error":""},"_links":{"self":[{"href":"https:\/\/www.europesays.com\/no\/wp-json\/wp\/v2\/posts\/345243","targetHints":{"allow":["GET"]}}],"collection":[{"href":"https:\/\/www.europesays.com\/no\/wp-json\/wp\/v2\/posts"}],"about":[{"href":"https:\/\/www.europesays.com\/no\/wp-json\/wp\/v2\/types\/post"}],"author":[{"embeddable":true,"href":"https:\/\/www.europesays.com\/no\/wp-json\/wp\/v2\/users\/2"}],"replies":[{"embeddable":true,"href":"https:\/\/www.europesays.com\/no\/wp-json\/wp\/v2\/comments?post=345243"}],"version-history":[{"count":0,"href":"https:\/\/www.europesays.com\/no\/wp-json\/wp\/v2\/posts\/345243\/revisions"}],"wp:featuredmedia":[{"embeddable":true,"href":"https:\/\/www.europesays.com\/no\/wp-json\/wp\/v2\/media\/345244"}],"wp:attachment":[{"href":"https:\/\/www.europesays.com\/no\/wp-json\/wp\/v2\/media?parent=345243"}],"wp:term":[{"taxonomy":"category","embeddable":true,"href":"https:\/\/www.europesays.com\/no\/wp-json\/wp\/v2\/categories?post=345243"},{"taxonomy":"post_tag","embeddable":true,"href":"https:\/\/www.europesays.com\/no\/wp-json\/wp\/v2\/tags?post=345243"}],"curies":[{"name":"wp","href":"https:\/\/api.w.org\/{rel}","templated":true}]}}