{"id":345253,"date":"2026-09-05T19:38:16","date_gmt":"2026-09-05T19:38:16","guid":{"rendered":"https:\/\/www.europesays.com\/no\/345253\/"},"modified":"2026-09-05T19:38:16","modified_gmt":"2026-09-05T19:38:16","slug":"skjulte-opptak-ryster-britisk-politikk-bare-pubprat-e24","status":"publish","type":"post","link":"https:\/\/www.europesays.com\/no\/345253\/","title":{"rendered":"Skjulte opptak ryster britisk politikk: \u2013 Bare pubprat \u2013 E24"},"content":{"rendered":"\n<p class=\"_textTheme_1yhmn_1 _lead_16k26_2 _lead_3ue4t_18 layout-component layout-wide layout-padded _lead_o6m9k_5 body-large _wide_o6m9k_9\">Nigel Farages n\u00e6re medarbeidere ble filmet i skjul under delikat samtale: Planla \u00e5 omg\u00e5 britisk lov om utenlandske donasjoner.<\/p>\n<p><img alt=\"LANDSM\u00d8TE: Dokumentaren med pikante skjulte opptak  ble publisert samme dag som Reform startet sitt landsm\u00f8te.\" class=\"_image_1jxax_84 layout-component layout-wide\" data-fullscreen- data-track-element-type=\"Article image fullscreen\" data-track-name=\"ImageFullscreen\" fetchpriority=\"high\" decoding=\"sync\" loading=\"eager\" height=\"3229\" itemprop=\"image\"  src=\"https:\/\/www.europesays.com\/no\/wp-content\/uploads\/2026\/09\/487bd0fe-74b5-3a1a-8daf-2a8723f7498d.jpeg\"  style=\"object-position:0% 0%\" width=\"4843\"\/>LANDSM\u00d8TE: Dokumentaren med pikante skjulte opptak  ble publisert samme dag som Reform startet sitt landsm\u00f8te.  Foto: Temilade Adelaja \/ Reuters \/ NTBVis mer<a class=\"_link_1lr5y_108\" href=\"https:\/\/e24.no\/forfatter\/karl-biehl\" title=\"Karl Biehl\" rel=\"nofollow noopener\" target=\"_blank\"><img alt=\"Bilde av Karl Biehl\" class=\"_image_1lr5y_85\" fetchpriority=\"low\" decoding=\"async\" itemprop=\"image\" loading=\"lazy\"  src=\"https:\/\/www.europesays.com\/no\/wp-content\/uploads\/2026\/09\/1788637095_196_0a107d24-7b31-3fb6-a878-d9626faa9a83.png\"  width=\"480\"\/><\/a>          <\/p>\n<p class=\"_textTheme_1yhmn_1 _paragraph_16k26_4 _paragraph_3ue4t_27 layout-component layout-normal layout-padded body-medium\">En ny dokumentarfilm preger Reform UKsEt politisk parti i Storbritannia som tidligere var kjent som Brexit Party. Partiet er \u00e5 regne som et h\u00f8yrepopulistisk parti. landsm\u00f8te i Birmingham denne uken.<\/p>\n<p class=\"_textTheme_1yhmn_1 _paragraph_16k26_4 _paragraph_3ue4t_27 layout-component layout-normal layout-padded body-medium\">To av Farages n\u00e6rmeste medarbeidere, hans mange\u00e5rige r\u00e5dgiver Dan Jukes og partiets sjef for politikk, James Orr, har trukket seg fra sine stillinger etter at <a href=\"https:\/\/www.youtube.com\/watch?v=aXut3s90rUI\" class=\"_link_16k26_32\" rel=\"nofollow noopener\" target=\"_blank\">Channel 4 News <\/a>torsdag kveld sendte skjulte opptak fra en journalistgruppe kalt Verbatim Investigations.<\/p>\n<p> <a class=\"_link_193me_21\" data-track-id=\"teaser:JOMpEX\" data-track-impression=\"true\" data-track-name=\"Ujevn boligprisvekst: Her kan det komme en \u00abbacklash\u00bb\" data-track-element-size=\"small\" data-track-element-type=\"Teaser\" data-track-image-url=\"https:\/\/www.europesays.com\/no\/wp-content\/uploads\/2026\/09\/1788637096_135_5ad25c13-f91e-3716-80c2-5a60fcf264a3.jpeg\" data-track-layout-name=\"image:right\" data-track-position-source=\"related-article\" href=\"https:\/\/e24.no\/naeringsliv\/i\/JOMpEX\/ujevn-boligprisvekst-her-kan-det-komme-en-backlash\" rel=\"nofollow noopener\" target=\"_blank\"><img decoding=\"async\" alt=\"\" class=\"_image_193me_79\" height=\"2635\" loading=\"lazy\"  src=\"https:\/\/www.europesays.com\/no\/wp-content\/uploads\/2026\/09\/1788637096_135_5ad25c13-f91e-3716-80c2-5a60fcf264a3.jpeg\"  width=\"3953\"\/><\/p>\n<p class=\"label-small _kicker_193me_100\">Les ogs\u00e5<\/p>\n<p>Ujevn boligprisvekst: Her kan det komme en \u00abbacklash\u00bb<\/a> Dette viser opptakene <\/p>\n<p class=\"_textTheme_1yhmn_1 _paragraph_16k26_4 _paragraph_3ue4t_27 layout-component layout-normal layout-padded body-medium\">I opptakene skal Jukes ha forklart en undercover-reporter, som utga seg for \u00e5 v\u00e6re den britiskbaserte s\u00f8nnen til en amerikansk forretningsmann, hvordan en donasjon p\u00e5 500.000 pund kunne kanaliseres gjennom s\u00f8nnen for \u00e5 omg\u00e5 britisk valglov. <\/p>\n<p class=\"_textTheme_1yhmn_1 _paragraph_16k26_4 _paragraph_3ue4t_27 layout-component layout-normal layout-padded body-medium\">Loven fastsl\u00e5r at kun britiske velgere eller britiskregistrerte selskaper kan donere til politiske partier.<\/p>\n<p class=\"_textTheme_1yhmn_1 _paragraph_16k26_4 _paragraph_3ue4t_27 layout-component layout-normal layout-padded body-medium\">\u2013 Er du klar over at du kan gj\u00f8re det? sier Jukes if\u00f8lge Channel 4-opptakene.<\/p>\n<p class=\"_textTheme_1yhmn_1 _paragraph_16k26_4 _paragraph_3ue4t_27 layout-component layout-normal layout-padded body-medium\">Han skal ogs\u00e5 ha antydet at partiet hadde brukt denne mekanismen flere ganger tidligere.<\/p>\n<p class=\"_textTheme_1yhmn_1 _paragraph_16k26_4 _paragraph_3ue4t_27 layout-component layout-normal layout-padded body-medium\">I opptakene fra en lunsj er ogs\u00e5 Farage selv til stede. Da den falske donoren forklarer opplegget, takker Reform-lederen.<\/p>\n<p class=\"_textTheme_1yhmn_1 _paragraph_16k26_4 _paragraph_3ue4t_27 layout-component layout-normal layout-padded body-medium\">Channel 4 opplyser at donasjonen p\u00e5 500.000 pund aldri ble utbetalt. Derimot skal Orr ha foresl\u00e5tt at \u00abfaren\u00bb kunne betale for meningsm\u00e5linger som gagnet partiet. <\/p>\n<p class=\"_textTheme_1yhmn_1 _paragraph_16k26_4 _paragraph_3ue4t_27 layout-component layout-normal layout-padded body-medium\">If\u00f8lge Channel 4 bestilte Reform tre meningsm\u00e5linger til en samlet verdi av 32.500 pund, uten at det ble opplyst hvem som finansierte dem.<\/p>\n<p> Avviser provokasjon <\/p>\n<p class=\"_textTheme_1yhmn_1 _paragraph_16k26_4 _paragraph_3ue4t_27 layout-component layout-normal layout-padded body-medium\">Farage gikk i motoffensiv da han holdt sin hovedtale i Birmingham fredag. Talen ble gjentatte ganger avbrutt av klimaaktivister \u2013 noe som ofte skjer n\u00e5r han holder taler.<\/p>\n<p class=\"_textTheme_1yhmn_1 _paragraph_16k26_4 _paragraph_3ue4t_27 layout-component layout-normal layout-padded body-medium\">\u2013 Dere har sikkert lagt merke til at vi har opplevd litt lokale sm\u00e5vansker i dag, sa Farage if\u00f8lge Bloomberg.<\/p>\n<p class=\"_textTheme_1yhmn_1 _paragraph_16k26_4 _paragraph_3ue4t_27 layout-component layout-normal layout-padded body-medium\">Han avfeide uttalelsene fra medarbeiderne som \u00abloose pub talk\u00bb \u2013 l\u00f8st pubprat \u2013 og beskrev hele opplegget som en provokasjon.<\/p>\n<p class=\"_textTheme_1yhmn_1 _paragraph_16k26_4 _paragraph_3ue4t_27 layout-component layout-normal layout-padded body-medium\">Farage hevder at Jukes og Orr bare var innleide hjelpere, og at partiet ikke har brutt noen lover, skriver <a href=\"https:\/\/www.bbc.com\/news\/articles\/c86xj5z7x61o\" class=\"_link_16k26_32\" rel=\"nofollow noopener\" target=\"_blank\">BBC<\/a>.<\/p>\n<p class=\"_textTheme_1yhmn_1 _paragraph_16k26_4 _paragraph_3ue4t_27 layout-component layout-normal layout-padded body-medium\">B\u00e5de Jukes og Orr avviser lovbrudd. Orr sier til og med at han vil samarbeide fullt ut med partiets interne gransking.<\/p>\n<p class=\"_textTheme_1yhmn_1 _paragraph_16k26_4 _paragraph_3ue4t_27 layout-component layout-normal layout-padded body-medium\">Verbatim Investigations avviser anklagene om provokasjon.<\/p>\n<p class=\"_textTheme_1yhmn_1 _paragraph_16k26_4 _paragraph_3ue4t_27 layout-component layout-normal layout-padded body-medium\">\u2013 Som opptakene viser, ble ordningene foresl\u00e5tt av Jukes og Orr, ikke av v\u00e5re journalister, sier en talsperson til <a href=\"https:\/\/www.bbc.com\/news\/articles\/c86xj5z7x61o\" class=\"_link_16k26_32\" rel=\"nofollow noopener\" target=\"_blank\">BBC<\/a>.<\/p>\n<p>  Vurderer etterforskning <\/p>\n<p class=\"_textTheme_1yhmn_1 _paragraph_16k26_4 _paragraph_3ue4t_27 layout-component layout-normal layout-padded body-medium\">B\u00e5de Labour og LibdemsForkortelse for Liberal Democrats, et politisk parti i Storbritannia som ligger mellom Labour og de konservative har meldt Reform til Metropolitan Police, og valgkommisjonen har v\u00e6rt i kontakt med politiet, if\u00f8lge Bloomberg.<\/p>\n<p class=\"_textTheme_1yhmn_1 _paragraph_16k26_4 _paragraph_3ue4t_27 layout-component layout-normal layout-padded body-medium\">Tidligere sjef for valgkommisjonen, Bob Posner, sa til BBC at det ville v\u00e6re et lovbrudd dersom folk i Reform visste at en donasjon kom fra utlandet.<\/p>\n<p class=\"_textTheme_1yhmn_1 _paragraph_16k26_4 _paragraph_3ue4t_27 layout-component layout-normal layout-padded body-medium\">\u2013 Det er en spesifikk straffbar handling som handler om \u00e5 fors\u00f8ke \u00e5 omg\u00e5 loven, sa Posner if\u00f8lge Bloomberg.<\/p>\n<p class=\"_textTheme_1yhmn_1 _paragraph_16k26_4 _paragraph_3ue4t_27 layout-component layout-normal layout-padded body-medium\">Skandalen kommer p\u00e5 et kritisk tidspunkt. Reform ledet nasjonale m\u00e5linger i over et \u00e5r fra april 2025, men har falt bak Labour siden Andy Burnham overtok som statsminister i juli. <\/p>\n<p class=\"_textTheme_1yhmn_1 _paragraph_16k26_4 _paragraph_3ue4t_27 layout-component layout-normal layout-padded body-medium\">En fersk YouGov-m\u00e5ling viser at 52 prosent av britene ville st\u00f8ttet Burnham i en tomannskamp mot Farage, mot 22 prosent for Reform-lederen, skriver Bloomberg.<\/p>\n<p class=\"_textTheme_1yhmn_1 _paragraph_16k26_4 _paragraph_3ue4t_27 layout-component layout-normal layout-padded body-medium\">Skandalen f\u00f8yer seg inn i rekken av finansielle kontroverser rundt Farage, deriblant en udeklarert gave p\u00e5 5 millioner pund fra en Thailand-basert kryptoinvestor.<\/p>\n","protected":false},"excerpt":{"rendered":"Nigel Farages n\u00e6re medarbeidere ble filmet i skjul under delikat samtale: Planla \u00e5 omg\u00e5 britisk lov om utenlandske&hellip;\n","protected":false},"author":2,"featured_media":345254,"comment_status":"","ping_status":"","sticky":false,"template":"","format":"standard","meta":{"footnotes":"","_share_on_mastodon":"0"},"categories":[12],"tags":[23642,20,21,4568,4460,24,25,15,12044,22,23,13,30,28,29,14,16,26,27,42,43,44,45],"class_list":["post-345253","post","type-post","status-publish","format-standard","has-post-thumbnail","category-verden","tag-andy-burnham","tag-breaking-news","tag-breakingnews","tag-britisk-politikk","tag-dokumentarfilm","tag-featured-news","tag-featurednews","tag-headlines","tag-labour","tag-latest-news","tag-latestnews","tag-news","tag-no","tag-norge","tag-norway","tag-nyheter","tag-overskrifter","tag-top-stories","tag-topstories","tag-verden","tag-world","tag-world-news","tag-worldnews"],"share_on_mastodon":{"url":"https:\/\/pubeurope.com\/@no\/117220128691176433","error":""},"_links":{"self":[{"href":"https:\/\/www.europesays.com\/no\/wp-json\/wp\/v2\/posts\/345253","targetHints":{"allow":["GET"]}}],"collection":[{"href":"https:\/\/www.europesays.com\/no\/wp-json\/wp\/v2\/posts"}],"about":[{"href":"https:\/\/www.europesays.com\/no\/wp-json\/wp\/v2\/types\/post"}],"author":[{"embeddable":true,"href":"https:\/\/www.europesays.com\/no\/wp-json\/wp\/v2\/users\/2"}],"replies":[{"embeddable":true,"href":"https:\/\/www.europesays.com\/no\/wp-json\/wp\/v2\/comments?post=345253"}],"version-history":[{"count":0,"href":"https:\/\/www.europesays.com\/no\/wp-json\/wp\/v2\/posts\/345253\/revisions"}],"wp:featuredmedia":[{"embeddable":true,"href":"https:\/\/www.europesays.com\/no\/wp-json\/wp\/v2\/media\/345254"}],"wp:attachment":[{"href":"https:\/\/www.europesays.com\/no\/wp-json\/wp\/v2\/media?parent=345253"}],"wp:term":[{"taxonomy":"category","embeddable":true,"href":"https:\/\/www.europesays.com\/no\/wp-json\/wp\/v2\/categories?post=345253"},{"taxonomy":"post_tag","embeddable":true,"href":"https:\/\/www.europesays.com\/no\/wp-json\/wp\/v2\/tags?post=345253"}],"curies":[{"name":"wp","href":"https:\/\/api.w.org\/{rel}","templated":true}]}}