{"id":345255,"date":"2026-09-05T19:39:14","date_gmt":"2026-09-05T19:39:14","guid":{"rendered":"https:\/\/www.europesays.com\/no\/345255\/"},"modified":"2026-09-05T19:39:14","modified_gmt":"2026-09-05T19:39:14","slug":"danmark-innvadring-fikk-500-000-for-a-forlate-danmark-tilbake-etter-fem-maneder","status":"publish","type":"post","link":"https:\/\/www.europesays.com\/no\/345255\/","title":{"rendered":"Danmark, Innvadring | Fikk 500 000 for \u00e5 forlate Danmark: Tilbake etter fem m\u00e5neder"},"content":{"rendered":"\n<p>Debatten har rast i Danmark, etter at debattant Mohamed Abdirahman Kahn fremmet et krav om 3,5 millioner danske kroner for \u00e5 forlate landet.<\/p>\n<p>Det etter at han gjentakende ganger har omtalt Danmark som et \u00ab\u00bb og et \u00absykt samfunn\u00bb, og p\u00e5pekt at han ikke anser barna sine som danske.<\/p>\n<p>Kravet vekket sterke reaksjoner, og flere danske toppolitikere raste mot debattanten, som i tillegg mottar offentlig st\u00f8nad ved siden av l\u00f8nn.<\/p>\n<p><b>Les ogs\u00e5: <a class=\"simple-relation related-teaser article--c-eBQpMJ\" href=\"https:\/\/www.nettavisen.no\/nyheter\/somalisk-flyktning-krever-3-5-mill-for-a-forlate-danmark-du-horer-ikke-hjemme-her-raser-danmarksdemokraterne\/s\/80-95-2076\" rel=\"nofollow noopener\" target=\"_blank\">Krever 3,5 millioner for \u00e5 forlate Danmark<\/a><\/b><\/p>\n<p>Mottok en halv million \u2013 returnerte til Danmark<\/p>\n<p>N\u00e5 viser det seg at Kahn og familien har mottatt penger for \u00e5 forlate Danmark tidligere.<\/p>\n<p>If\u00f8lge danske<a href=\"https:\/\/nyheder.tv2.dk\/politik\/2026-09-02-udskaeldt-muslimsk-debattoer-tog-imod-penge-og-forlod-danmark-saa-fortroed-han\" rel=\"Follow nofollow noopener\" target=\"_blank\"> TV 2 <\/a>mottok Kahn og familien 500.000 danske kroner, eller om lag 725.000 norske kroner, for \u00e5 flytte tilbake til Etiopia, gjennom den statlige danske .<\/p>\n<p>Mediehuset skal ha sett dokumentasjon p\u00e5 at Kahn og familien, inkludert parets seks barn, var tilbake i Danmark etter bare fem m\u00e5neder.<\/p>\n<p>Kahn bekrefter opplysningen til kanalen.<\/p>\n<p>\u2013 Jeg har reist til Etiopia, men vi har jo kommet tilbake. Det har ikke fungert som vi \u00f8nsket, forteller han og legger til at han tilbakebetaler st\u00f8tten de mottok gjennom en nedbetalingsordning.<\/p>\n<p>\u2013 Jeg kan ikke opplyser detaljer, men vi betaler tilbake, svarer han.<\/p>\n<p><b>Les ogs\u00e5: <a class=\"simple-relation related-teaser article--c-eBQpMJ\" href=\"https:\/\/www.nettavisen.no\/nyheter\/raser-etter-mohamed-intervju-man-foler-seg-latterliggjort\/s\/80-95-2963\" rel=\"nofollow noopener\" target=\"_blank\">Raser etter Mohamed-intervju: \u2013 Man f\u00f8ler seg forbanna latterliggjort<\/a><\/b><\/p>\n<p>Hevder han ble fengslet og torturert<\/p>\n<p>Kahn har gjentatte ganger v\u00e6rt klar p\u00e5 at han ikke kan reise tilbake til Etiopia, og har derfor bedt den danske stat om 3,5 millioner danske kroner for \u00e5 flytte til nabolandet Djibouti.<\/p>\n<p>Kahn har etiopisk statsborgerskap, men if\u00f8lge <a href=\"https:\/\/www.berlingske.dk\/indland\/fik-tusindvis-af-skattekroner-for-at-forlade-danmark-fem-maaneder-senere-vendte-muslimsk-debattoer-tilbage\" rel=\"Follow nofollow noopener\" target=\"_blank\">Berlingske<\/a> er han etnisk somalier.<\/p>\n<p>Etiopiske myndigheter skal if\u00f8lge Kahn ha mistenkt han for \u00e5 jobbe for en utenlandsk etterretningstjeneste.<\/p>\n<p>\u2013 Jeg ble fengslet i ett d\u00f8gn, og utsatt for tortur, hevder Kahn.<\/p>\n<p>    Vil du se neste video?<\/p>\n<p>    <a href=\"https:\/\/www.nettavisen.no\/nyheter\/statsminister-jonas-gahr-store-svarer-frustrert-dieselkunde-og-traktorsjafor\/v\/80-95-33380\" class=\"recommend-poster\" data-adp-clicklabel=\"video-recommend\" data-adp-clickvalue=\"poster\" rel=\"nofollow noopener\" target=\"_blank\"><br \/>\n      <img decoding=\"async\" width=\"200\" height=\"200\" loading=\"lazy\" src=\"https:\/\/www.europesays.com\/no\/wp-content\/uploads\/2026\/09\/1788637154_387_Jonas Gahr St\u00f8re bredde.jpg\" alt=\"\" class=\"brick-c-cFOWSL\" style=\"--brick-image-ratio: 200 \/ 200;\"\/><\/p>\n<p>Svarer lei traktorsja\u030af\u00f8r1:26<\/p>\n<p>    <\/a><\/p>\n<p>        Det kokte over i studio da den somaliske debattanten Mohamed Abdi Kahn anklaget Danmark for hets av profeten Muhammed.<\/p>\n<p><b>Les ogs\u00e5: <a class=\"simple-relation related-teaser article--c-eBQpMJ\" href=\"https:\/\/www.nettavisen.no\/nyheter\/inger-stojberg-vil-forby-dunjakker-skyter-spurv-med-kanon\/s\/80-95-4946\" rel=\"nofollow noopener\" target=\"_blank\">Refses for \u00abvanvittig\u00bb muslim-sitat<\/a><\/b><\/p>\n<p>Danske politiskere reagerer: Vil ha ham ut<\/p>\n<p>Det er ikke bare pengekravet p\u00e5 3,5 millioner danske kroner som har vakt reaksjoner i Danmark.<\/p>\n<p>Kahn har p\u00e5 sin Facebook-konto gjentatte ganger uttalt seg sv\u00e6rt kritisk om Danmark og det danske samfunnet, til tross for at han selv nyter godt av danske velferdsgoder.<\/p>\n<p>\u2013 Hvis dere velger \u00e5 knulle hverandre b\u00e5de forfra og bakfra og kaller det danske verdier, eller velger \u00e5 drikke alkohol og spise svinekj\u00f8tt, s\u00e5 er det deres valg. V\u00e5re unge mennesker vil aldri ta i bruk slike urene verdier, skriver Khan p\u00e5 Facebook.<\/p>\n<p>Det har f\u00f8rt til at flere politikere p\u00e5 tvers av det politiske landskapet, \u00f8nsker \u00e5 sende han og familien ut av landet.<\/p>\n<p>\u2013 Det er akkurat en som deg jeg har f\u00e5tt nok av. Du vil ha alle rettighetene v\u00e5re servert p\u00e5 et s\u00f8lvfat, og s\u00e5 vil du bare sitte og lure oss. Det beste ville v\u00e6re at du bare dro hjem dit du kom fra, uttalte lederen for Danmarksdemokraterne, Inger St\u00f8jberg, i <a href=\"https:\/\/www.bt.dk\/debat\/stoejberg-i-frontalangreb-paa-utaknemmelige-mohamed-du-hoerer-ikke-til-i-danmark\" rel=\"Follow nofollow noopener\" target=\"_blank\">B.T.<\/a>s podkast <a href=\"https:\/\/www.bt.dk\/podcast\/borgerlig-tabloid\/somaliske-mohamed-jeg-er-overhovedet-ikke-taknemmelig-for-danmark\" rel=\"Follow nofollow noopener\" target=\"_blank\">Borgerlig Tabloid<\/a>.<\/p>\n<p>Ogs\u00e5 i regjeringspartiet Socialdemokratiet, reageres det kraftig.<\/p>\n<p>\u2013 Det han forteller, og de synspunktene han har, det er s\u00e5 hyklersk, s\u00e5 egoistisk og s\u00e5 gr\u00e5dig, sier Frederik Vad, if\u00f8lge <a rel=\"Follow nofollow noopener\" href=\"https:\/\/www.bt.dk\/debat\/frederik-vad-efter-mohamed-interview-jeg-vil-have-ham-ud\" target=\"_blank\">B.T<\/a>.<\/p>\n<p><b>Les ogs\u00e5: <a class=\"simple-relation related-teaser article--c-eBQpMJ\" href=\"https:\/\/www.nettavisen.no\/nyheter\/rystet-etter-mohamed-intervjuet-jeg-vil-ha-ham-ut\/s\/80-95-4112\" rel=\"nofollow noopener\" target=\"_blank\">Rystet etter Mohamed-intervjuet: \u2013 Jeg vil ha ham ut<\/a><\/b><\/p>\n","protected":false},"excerpt":{"rendered":"Debatten har rast i Danmark, etter at debattant Mohamed Abdirahman Kahn fremmet et krav om 3,5 millioner danske&hellip;\n","protected":false},"author":2,"featured_media":345256,"comment_status":"","ping_status":"","sticky":false,"template":"","format":"standard","meta":{"footnotes":"","_share_on_mastodon":"0"},"categories":[10],"tags":[20,21,24,25,15,22,23,13,30,28,29,14,16,26,27],"class_list":["post-345255","post","type-post","status-publish","format-standard","has-post-thumbnail","category-norge","tag-breaking-news","tag-breakingnews","tag-featured-news","tag-featurednews","tag-headlines","tag-latest-news","tag-latestnews","tag-news","tag-no","tag-norge","tag-norway","tag-nyheter","tag-overskrifter","tag-top-stories","tag-topstories"],"share_on_mastodon":{"url":"https:\/\/pubeurope.com\/@no\/117220131728805984","error":""},"_links":{"self":[{"href":"https:\/\/www.europesays.com\/no\/wp-json\/wp\/v2\/posts\/345255","targetHints":{"allow":["GET"]}}],"collection":[{"href":"https:\/\/www.europesays.com\/no\/wp-json\/wp\/v2\/posts"}],"about":[{"href":"https:\/\/www.europesays.com\/no\/wp-json\/wp\/v2\/types\/post"}],"author":[{"embeddable":true,"href":"https:\/\/www.europesays.com\/no\/wp-json\/wp\/v2\/users\/2"}],"replies":[{"embeddable":true,"href":"https:\/\/www.europesays.com\/no\/wp-json\/wp\/v2\/comments?post=345255"}],"version-history":[{"count":0,"href":"https:\/\/www.europesays.com\/no\/wp-json\/wp\/v2\/posts\/345255\/revisions"}],"wp:featuredmedia":[{"embeddable":true,"href":"https:\/\/www.europesays.com\/no\/wp-json\/wp\/v2\/media\/345256"}],"wp:attachment":[{"href":"https:\/\/www.europesays.com\/no\/wp-json\/wp\/v2\/media?parent=345255"}],"wp:term":[{"taxonomy":"category","embeddable":true,"href":"https:\/\/www.europesays.com\/no\/wp-json\/wp\/v2\/categories?post=345255"},{"taxonomy":"post_tag","embeddable":true,"href":"https:\/\/www.europesays.com\/no\/wp-json\/wp\/v2\/tags?post=345255"}],"curies":[{"name":"wp","href":"https:\/\/api.w.org\/{rel}","templated":true}]}}