{"id":345261,"date":"2026-09-05T19:46:17","date_gmt":"2026-09-05T19:46:17","guid":{"rendered":"https:\/\/www.europesays.com\/no\/345261\/"},"modified":"2026-09-05T19:46:17","modified_gmt":"2026-09-05T19:46:17","slug":"kristiansund-drivstoffpriser-ma-prioritere-drivstoff-foran-andre-ting-det-er-horribelt","status":"publish","type":"post","link":"https:\/\/www.europesays.com\/no\/345261\/","title":{"rendered":"Kristiansund, Drivstoffpriser | M\u00e5 prioritere drivstoff foran andre ting: \u2013 Det er horribelt"},"content":{"rendered":"<p>      Kristiansund, Drivstoffpriser | M\u00e5 prioritere drivstoff foran andre ting: \u2013 Det er horribelt<\/p>\n<p>        <a href=\"#main-content-begin\" class=\"maelstrom-skip-link\"><br \/>\n    G\u00e5 til sidens hovedinnhold<br \/>\n<\/a><\/p>\n<p>   <img decoding=\"async\" width=\"2222\" height=\"1604\" fetchpriority=\"high\"  loading=\"eager\"  src=\"https:\/\/www.europesays.com\/no\/wp-content\/uploads\/2026\/09\/wqdewfr.png\" alt=\"\" class=\"brick-c-cFOWSL\" style=\"--brick-image-ratio: 2222 \/ 1604;\"\/><\/p>\n<p>      Lars Egil Samuelsen Tiihonen reagerer kraftig p\u00e5 de h\u00f8ye drivstoffprisene. For Angvik-beboeren er bilen en n\u00f8dvendighet i hverdagen.<br \/>\n      Foto: Privat\n    <\/p>\n<p>Oppdatert: 05.09.26 18:40Publisert: 05.09.26 18:33<\/p>\n<p data-content=\"lead-text\" class=\"lead-text story article--c-eOZvhA\">\n<p>          De midlertidige avgiftskuttene p\u00e5 drivstoff er borte. For Lars Egil Samuelsen Tiihonen i Angvik merkes de h\u00f8ye prisene godt p\u00e5 en allerede stram \u00f8konomi.\n      <\/p>\n<p>    Plussmerking. Denne artikkelen kan bare leses av abonnenter<\/p>\n<p>  For abonnenter<\/p>\n<p>    <a href=\"https:\/\/www.tk.no\/\" class=\"logo\" aria-label=\"G\u00e5 til Tidens Krav hovedside\" rel=\"nofollow noopener\" target=\"_blank\"><br \/>\n        <img decoding=\"async\" src=\"https:\/\/assets.acdn.no\/local\/v3\/publications\/www.tk.no\/gfx\/small.svg\" alt=\"G\u00e5 til Tidens Krav hovedside\" height=\"66\" width=\"auto\" loading=\"lazy\"\/><br \/>\n    <\/a><\/p>\n<p>Alt innhold og tilh\u00f8rende data p\u00e5 v\u00e5re nettsider er underlagt opphavsrett og kan ikke brukes uten samtykke. Dette gjelder ogs\u00e5 for all skraping, crawling, salg eller videredistribusjon.<\/p>\n<p>Tidens Krav \u00a9 2026<\/p>\n<p>    <a href=\"https:\/\/www.redaktor.no\/ressurser\/temaer\/redaktoransvar\" rel=\"noopener nofollow\" target=\"_blank\"><br \/>\n        <img decoding=\"async\" alt=\"G\u00e5 til redaktor.no for \u00e5 lese om redakt\u00f8ransvar\" class=\"redaktoransvar\" src=\"https:\/\/r.acdn.no\/brandheader\/default\/redaktoransvar.svg\" height=\"85\" width=\"85\" loading=\"lazy\"\/><br \/>\n    <\/a><\/p>\n","protected":false},"excerpt":{"rendered":"Kristiansund, Drivstoffpriser | M\u00e5 prioritere drivstoff foran andre ting: \u2013 Det er horribelt G\u00e5 til sidens hovedinnhold Lars&hellip;\n","protected":false},"author":2,"featured_media":345262,"comment_status":"","ping_status":"","sticky":false,"template":"","format":"standard","meta":{"footnotes":"","_share_on_mastodon":"0"},"categories":[10],"tags":[20,21,24,25,15,22,23,13,30,28,29,14,16,26,27],"class_list":["post-345261","post","type-post","status-publish","format-standard","has-post-thumbnail","category-norge","tag-breaking-news","tag-breakingnews","tag-featured-news","tag-featurednews","tag-headlines","tag-latest-news","tag-latestnews","tag-news","tag-no","tag-norge","tag-norway","tag-nyheter","tag-overskrifter","tag-top-stories","tag-topstories"],"share_on_mastodon":{"url":"https:\/\/pubeurope.com\/@no\/117220160203121362","error":""},"_links":{"self":[{"href":"https:\/\/www.europesays.com\/no\/wp-json\/wp\/v2\/posts\/345261","targetHints":{"allow":["GET"]}}],"collection":[{"href":"https:\/\/www.europesays.com\/no\/wp-json\/wp\/v2\/posts"}],"about":[{"href":"https:\/\/www.europesays.com\/no\/wp-json\/wp\/v2\/types\/post"}],"author":[{"embeddable":true,"href":"https:\/\/www.europesays.com\/no\/wp-json\/wp\/v2\/users\/2"}],"replies":[{"embeddable":true,"href":"https:\/\/www.europesays.com\/no\/wp-json\/wp\/v2\/comments?post=345261"}],"version-history":[{"count":0,"href":"https:\/\/www.europesays.com\/no\/wp-json\/wp\/v2\/posts\/345261\/revisions"}],"wp:featuredmedia":[{"embeddable":true,"href":"https:\/\/www.europesays.com\/no\/wp-json\/wp\/v2\/media\/345262"}],"wp:attachment":[{"href":"https:\/\/www.europesays.com\/no\/wp-json\/wp\/v2\/media?parent=345261"}],"wp:term":[{"taxonomy":"category","embeddable":true,"href":"https:\/\/www.europesays.com\/no\/wp-json\/wp\/v2\/categories?post=345261"},{"taxonomy":"post_tag","embeddable":true,"href":"https:\/\/www.europesays.com\/no\/wp-json\/wp\/v2\/tags?post=345261"}],"curies":[{"name":"wp","href":"https:\/\/api.w.org\/{rel}","templated":true}]}}