{"id":345263,"date":"2026-09-05T19:47:16","date_gmt":"2026-09-05T19:47:16","guid":{"rendered":"https:\/\/www.europesays.com\/no\/345263\/"},"modified":"2026-09-05T19:47:16","modified_gmt":"2026-09-05T19:47:16","slug":"hva-om-introverte-sa-det-de-egentlig-tenkte","status":"publish","type":"post","link":"https:\/\/www.europesays.com\/no\/345263\/","title":{"rendered":"Hva om introverte sa det de egentlig tenkte?"},"content":{"rendered":"<p class=\"extendedContent hyperion-css-eyn926\" data-test-tag=\"lead-text\">Hun trodde hun var den eneste som tenkte som hun gjorde. N\u00e5 har videoene hennes om introverte flere millioner visninger. <\/p>\n<p><img decoding=\"async\" class=\"image-asset hyperion-css-u06ts1\" data-test-tag=\"image-asset\" src=\"https:\/\/www.europesays.com\/no\/wp-content\/uploads\/2026\/09\/4d7d2d0e-65bf-3d7c-89e9-47353418586d.jpeg\"  alt=\"\u2013 Mange introverte vokser opp i et samfunn som sier at du er feil. DU m\u00e5 endre deg. DU m\u00e5 tilpasse deg. Der har vi en jobb \u00e5 gj\u00f8re, alts\u00e5, sier Kristin Helland.\"  loading=\"eager\" fetchpriority=\"high\" style=\"aspect-ratio:2048 \/ 1365\"\/>\u2013 Mange introverte vokser opp i et samfunn som sier at du er feil. DU m\u00e5 endre deg. DU m\u00e5 tilpasse deg. Der har vi en jobb \u00e5 gj\u00f8re, alts\u00e5, sier Kristin Helland. Foto: Sara Aar\u00f8en Lien \/ Aftenposten<\/p>\n<p>Publisert: 05.09.2026 21:10<\/p>\n<p class=\"paywall hyperion-css-1j42uic\">P\u00e5 folkemunne sies det at ekstroverte f\u00e5r energi av \u00e5 v\u00e6re sammen med andre mennesker, og at det er motsatt for introverte: De tappes for energi i sosiale settinger, og batteriene lades best alene. Men hva hadde skjedd hvis introverte sa det de egentlig tenkte i m\u00f8te med andre? <\/p>\n<p class=\"paywall hyperion-css-1j42uic\"><strong>Komiker og innholdsskaper Kristin Helland (39) har lekt med tanken \u2013 og gjort stor suksess.<\/strong><\/p>\n<p class=\"hyperion-css-1qm9e9t\">Les hele saken med abonnement<\/p>\n<p>Allerede abonnent? Logg inn<\/p>\n","protected":false},"excerpt":{"rendered":"Hun trodde hun var den eneste som tenkte som hun gjorde. N\u00e5 har videoene hennes om introverte flere&hellip;\n","protected":false},"author":2,"featured_media":345264,"comment_status":"","ping_status":"","sticky":false,"template":"","format":"standard","meta":{"footnotes":"","_share_on_mastodon":"0"},"categories":[5],"tags":[20,21,24,25,15,19,22,23,17,18,13,30,28,29,14,16,26,27],"class_list":["post-345263","post","type-post","status-publish","format-standard","has-post-thumbnail","category-overskrifter","tag-breaking-news","tag-breakingnews","tag-featured-news","tag-featurednews","tag-headlines","tag-hovedoppslag","tag-latest-news","tag-latestnews","tag-main-news","tag-mainnews","tag-news","tag-no","tag-norge","tag-norway","tag-nyheter","tag-overskrifter","tag-top-stories","tag-topstories"],"share_on_mastodon":{"url":"https:\/\/pubeurope.com\/@no\/117220163289042585","error":""},"_links":{"self":[{"href":"https:\/\/www.europesays.com\/no\/wp-json\/wp\/v2\/posts\/345263","targetHints":{"allow":["GET"]}}],"collection":[{"href":"https:\/\/www.europesays.com\/no\/wp-json\/wp\/v2\/posts"}],"about":[{"href":"https:\/\/www.europesays.com\/no\/wp-json\/wp\/v2\/types\/post"}],"author":[{"embeddable":true,"href":"https:\/\/www.europesays.com\/no\/wp-json\/wp\/v2\/users\/2"}],"replies":[{"embeddable":true,"href":"https:\/\/www.europesays.com\/no\/wp-json\/wp\/v2\/comments?post=345263"}],"version-history":[{"count":0,"href":"https:\/\/www.europesays.com\/no\/wp-json\/wp\/v2\/posts\/345263\/revisions"}],"wp:featuredmedia":[{"embeddable":true,"href":"https:\/\/www.europesays.com\/no\/wp-json\/wp\/v2\/media\/345264"}],"wp:attachment":[{"href":"https:\/\/www.europesays.com\/no\/wp-json\/wp\/v2\/media?parent=345263"}],"wp:term":[{"taxonomy":"category","embeddable":true,"href":"https:\/\/www.europesays.com\/no\/wp-json\/wp\/v2\/categories?post=345263"},{"taxonomy":"post_tag","embeddable":true,"href":"https:\/\/www.europesays.com\/no\/wp-json\/wp\/v2\/tags?post=345263"}],"curies":[{"name":"wp","href":"https:\/\/api.w.org\/{rel}","templated":true}]}}