{"id":345277,"date":"2026-09-05T19:56:15","date_gmt":"2026-09-05T19:56:15","guid":{"rendered":"https:\/\/www.europesays.com\/no\/345277\/"},"modified":"2026-09-05T19:56:15","modified_gmt":"2026-09-05T19:56:15","slug":"bragernes-bildeserie-3-000-og-smekkfullt-da-fjeld-satt-fra-seg-bagen","status":"publish","type":"post","link":"https:\/\/www.europesays.com\/no\/345277\/","title":{"rendered":"Bragernes, Bildeserie | 3.000 og smekkfullt da Fjeld satt fra seg bagen"},"content":{"rendered":"\n<p>Jonas Fjeld har ikke glemt Drammen &#8211; og Drammen har ikke glemt Jonas Fjeld.\u00a0<\/p>\n<p>Terje Lilleg\u00e5rd Jensen er for mange lyden av nettopp Drammen. \u00abDrammen i Regn\u00bb, \u00abEngler i Sneen\u00bb, \u00abNerven i Min Sang\u00bb eller \u00abSett Bagen Fra Deg\u00bb er bare noen av slagerne han har i baklomma &#8211; og som han serverte publikum p\u00e5 Bragernes torg b\u00e5de fredag og l\u00f8rdag kveld.\u00a0<\/p>\n<p>Fredag var det 1.600 stykker p\u00e5 plass p\u00e5 ekstrakonserten. L\u00f8rdag var torget smekkfullt med 3.000 innenfor portene. Dobbeltkonserten er starten p\u00e5 hans avskjedsturne &#8211; og navnet p\u00e5 turneen er nettopp \u00abJonas Fjeld setter bagen fra seg\u00bb. Over 20 konserter st\u00e5r for tur &#8211; over hele landet.\u00a0<\/p>\n<p>Men f\u00f8rst ut: Hjembyen Drammen.<\/p>\n","protected":false},"excerpt":{"rendered":"Jonas Fjeld har ikke glemt Drammen &#8211; og Drammen har ikke glemt Jonas Fjeld.\u00a0 Terje Lilleg\u00e5rd Jensen er&hellip;\n","protected":false},"author":2,"featured_media":345278,"comment_status":"","ping_status":"","sticky":false,"template":"","format":"standard","meta":{"footnotes":"","_share_on_mastodon":"0"},"categories":[58],"tags":[71,30,28,29,72],"class_list":["post-345277","post","type-post","status-publish","format-standard","has-post-thumbnail","category-underholdning","tag-entertainment","tag-no","tag-norge","tag-norway","tag-underholdning"],"share_on_mastodon":{"url":"https:\/\/pubeurope.com\/@no\/117220198813413878","error":""},"_links":{"self":[{"href":"https:\/\/www.europesays.com\/no\/wp-json\/wp\/v2\/posts\/345277","targetHints":{"allow":["GET"]}}],"collection":[{"href":"https:\/\/www.europesays.com\/no\/wp-json\/wp\/v2\/posts"}],"about":[{"href":"https:\/\/www.europesays.com\/no\/wp-json\/wp\/v2\/types\/post"}],"author":[{"embeddable":true,"href":"https:\/\/www.europesays.com\/no\/wp-json\/wp\/v2\/users\/2"}],"replies":[{"embeddable":true,"href":"https:\/\/www.europesays.com\/no\/wp-json\/wp\/v2\/comments?post=345277"}],"version-history":[{"count":0,"href":"https:\/\/www.europesays.com\/no\/wp-json\/wp\/v2\/posts\/345277\/revisions"}],"wp:featuredmedia":[{"embeddable":true,"href":"https:\/\/www.europesays.com\/no\/wp-json\/wp\/v2\/media\/345278"}],"wp:attachment":[{"href":"https:\/\/www.europesays.com\/no\/wp-json\/wp\/v2\/media?parent=345277"}],"wp:term":[{"taxonomy":"category","embeddable":true,"href":"https:\/\/www.europesays.com\/no\/wp-json\/wp\/v2\/categories?post=345277"},{"taxonomy":"post_tag","embeddable":true,"href":"https:\/\/www.europesays.com\/no\/wp-json\/wp\/v2\/tags?post=345277"}],"curies":[{"name":"wp","href":"https:\/\/api.w.org\/{rel}","templated":true}]}}