{"id":345279,"date":"2026-09-05T20:00:13","date_gmt":"2026-09-05T20:00:13","guid":{"rendered":"https:\/\/www.europesays.com\/no\/345279\/"},"modified":"2026-09-05T20:00:13","modified_gmt":"2026-09-05T20:00:13","slug":"trafikk-ulykker-dodsulykke-pa-e6-ferdig-etterforsket-mann-i-40-ara-siktet-for-uaktsomt-drap","status":"publish","type":"post","link":"https:\/\/www.europesays.com\/no\/345279\/","title":{"rendered":"Trafikk, Ulykker | D\u00f8dsulykke p\u00e5 E6 ferdig etterforsket: Mann i 40-\u00e5ra siktet for uaktsomt drap"},"content":{"rendered":"<p>      Trafikk, Ulykker | D\u00f8dsulykke p\u00e5 E6 ferdig etterforsket: Mann i 40-\u00e5ra siktet for uaktsomt drap<\/p>\n<p>        <a href=\"#main-content-begin\" class=\"maelstrom-skip-link\"><br \/>\n    G\u00e5 til sidens hovedinnhold<br \/>\n<\/a><\/p>\n<p>   <img decoding=\"async\" width=\"1920\" height=\"1439\" fetchpriority=\"high\"  loading=\"eager\"  src=\"https:\/\/www.europesays.com\/no\/wp-content\/uploads\/2026\/09\/NTB_ZfPV1e8_e7E.jpg\" alt=\"\" class=\"brick-c-cFOWSL\" style=\"--brick-image-ratio: 1920 \/ 1439;\"\/><\/p>\n<p>      En kvinne mistet livet etter \u00e5 ha blitt p\u00e5kj\u00f8rt inne p\u00e5 en godsterminal p\u00e5 Skedsmokorset i januar. Saken er n\u00e5 ferdig etterforsket.<br \/>\n      Foto: Tonje Jore-Gjerdseth (NTB)\n    <\/p>\n<p>Oppdatert: 05.09.26 20:37Publisert: 05.09.26 20:29<\/p>\n<p data-content=\"lead-text\" class=\"lead-text story article--c-eOZvhA\">\n<p>          Politiet er ferdige med etterforskningen etter at en kvinne i 50-\u00e5rene ble p\u00e5kj\u00f8rt av en lastebil og senere funnet p\u00e5 E6.\n      <\/p>\n<p>    Plussmerking. Denne artikkelen kan bare leses av abonnenter<\/p>\n<p>  For abonnenter<\/p>\n<p>    <a href=\"https:\/\/www.ostlendingen.no\/\" class=\"logo\" aria-label=\"G\u00e5 til \u00d8stlendingen hovedside\" rel=\"nofollow noopener\" target=\"_blank\"><br \/>\n        <img decoding=\"async\" src=\"https:\/\/assets.acdn.no\/local\/v3\/publications\/www.ostlendingen.no\/gfx\/small.svg\" alt=\"G\u00e5 til \u00d8stlendingen hovedside\" height=\"66\" width=\"auto\" loading=\"lazy\"\/><br \/>\n    <\/a><\/p>\n<p>Alt innhold og tilh\u00f8rende data p\u00e5 v\u00e5re nettsider er underlagt opphavsrett og kan ikke brukes uten samtykke. Dette gjelder ogs\u00e5 for all skraping, crawling, salg eller videredistribusjon.<\/p>\n<p>\u00d8stlendingen \u00a9 2026<\/p>\n<p>    <a href=\"https:\/\/www.redaktor.no\/ressurser\/temaer\/redaktoransvar\" rel=\"noopener nofollow\" target=\"_blank\"><br \/>\n        <img decoding=\"async\" alt=\"G\u00e5 til redaktor.no for \u00e5 lese om redakt\u00f8ransvar\" class=\"redaktoransvar\" src=\"https:\/\/r.acdn.no\/brandheader\/default\/redaktoransvar.svg\" height=\"85\" width=\"85\" loading=\"lazy\"\/><br \/>\n    <\/a><\/p>\n","protected":false},"excerpt":{"rendered":"Trafikk, Ulykker | D\u00f8dsulykke p\u00e5 E6 ferdig etterforsket: Mann i 40-\u00e5ra siktet for uaktsomt drap G\u00e5 til sidens&hellip;\n","protected":false},"author":2,"featured_media":345280,"comment_status":"","ping_status":"","sticky":false,"template":"","format":"standard","meta":{"footnotes":"","_share_on_mastodon":"0"},"categories":[10],"tags":[20,21,24,25,15,22,23,13,30,28,29,14,16,26,27],"class_list":["post-345279","post","type-post","status-publish","format-standard","has-post-thumbnail","category-norge","tag-breaking-news","tag-breakingnews","tag-featured-news","tag-featurednews","tag-headlines","tag-latest-news","tag-latestnews","tag-news","tag-no","tag-norge","tag-norway","tag-nyheter","tag-overskrifter","tag-top-stories","tag-topstories"],"share_on_mastodon":{"url":"https:\/\/pubeurope.com\/@no\/117220215089882995","error":""},"_links":{"self":[{"href":"https:\/\/www.europesays.com\/no\/wp-json\/wp\/v2\/posts\/345279","targetHints":{"allow":["GET"]}}],"collection":[{"href":"https:\/\/www.europesays.com\/no\/wp-json\/wp\/v2\/posts"}],"about":[{"href":"https:\/\/www.europesays.com\/no\/wp-json\/wp\/v2\/types\/post"}],"author":[{"embeddable":true,"href":"https:\/\/www.europesays.com\/no\/wp-json\/wp\/v2\/users\/2"}],"replies":[{"embeddable":true,"href":"https:\/\/www.europesays.com\/no\/wp-json\/wp\/v2\/comments?post=345279"}],"version-history":[{"count":0,"href":"https:\/\/www.europesays.com\/no\/wp-json\/wp\/v2\/posts\/345279\/revisions"}],"wp:featuredmedia":[{"embeddable":true,"href":"https:\/\/www.europesays.com\/no\/wp-json\/wp\/v2\/media\/345280"}],"wp:attachment":[{"href":"https:\/\/www.europesays.com\/no\/wp-json\/wp\/v2\/media?parent=345279"}],"wp:term":[{"taxonomy":"category","embeddable":true,"href":"https:\/\/www.europesays.com\/no\/wp-json\/wp\/v2\/categories?post=345279"},{"taxonomy":"post_tag","embeddable":true,"href":"https:\/\/www.europesays.com\/no\/wp-json\/wp\/v2\/tags?post=345279"}],"curies":[{"name":"wp","href":"https:\/\/api.w.org\/{rel}","templated":true}]}}