{"id":345281,"date":"2026-09-05T20:01:11","date_gmt":"2026-09-05T20:01:11","guid":{"rendered":"https:\/\/www.europesays.com\/no\/345281\/"},"modified":"2026-09-05T20:01:11","modified_gmt":"2026-09-05T20:01:11","slug":"putin-til-witkoff-og-kushner-kontakt-med-usa-er-nyttig-nrk-urix-utenriksnyheter-og-dokumentarer-2","status":"publish","type":"post","link":"https:\/\/www.europesays.com\/no\/345281\/","title":{"rendered":"Putin til Witkoff og Kushner: \u2013 Kontakt med USA er nyttig \u2013 NRK Urix \u2013 Utenriksnyheter og -dokumentarer"},"content":{"rendered":"<p>Like f\u00f8r klokken 19 var m\u00f8tet mellom den russiske presidenten og USAs spesialutsendinger Steve Witkoff og Jared Kushner i gang.<\/p>\n<p>Det er Ukraina-krigen som st\u00e5r \u00f8verst p\u00e5 agendaen, for etter flere m\u00e5neder med lite fremgang i forhandlingene pr\u00f8ver n\u00e5 amerikanerne \u00e5 gjenopplive samtalene om fred.<\/p>\n<p>Ved m\u00f8testart sa Putin at situasjonen var vanskelig, if\u00f8lge en video publisert av Kreml p\u00e5 meldingsappen Max.<\/p>\n<p>Likevel understrekte han at Russland satte pris p\u00e5 dialogen med USA, skriver Reuters.<\/p>\n<p><strong>Kontakt mellom Russland og USA er alltid nyttig, sa Putin, som la til at russerne synes det er hensiktsmessig \u00e5 samarbeide med amerikanerne.<\/strong><\/p>\n<p><img decoding=\"async\"   src=\"data:image\/gif;base64,R0lGODlhAQABAIAAAAAAAP\/\/\/yH5BAEAAAAALAAAAAABAAEAAAIBRAA7\" loading=\"eager\" alt=\"Jared Kushner h\u00e5ndhilser p\u00e5 Vladimir Putin foran en r\u00f8d vegg. Andre menn st\u00e5r i bakgrunnen. (Bildebeskrivelsen er laget av en KI-tjeneste)\" title=\"Foto: Mikhail Metzel \/ Sputnik,NTB\"\/><\/p>\n<p class=\"\">Trumps svigers\u00f8nn Jared Kushner er en av USAs spesialutsendinger. Her hilser han p\u00e5 Putin i forkant av l\u00f8rdagens m\u00f8te.<\/p>\n<p>Foto: Mikhail Metzel \/ Sputnik,NTB<\/p>\n<p>Hilste fra Trump<\/p>\n<p>Det er USAs president Donald Trump som har kommet med det siste fredsforslaget. Hva dette forslaget g\u00e5r ut p\u00e5, er imidlertid ikke kjent.<\/p>\n<p>Den amerikanske presidenten har gjort det til et uttalt m\u00e5l \u00e5 f\u00e5 slutt p\u00e5 krigen i Ukraina i l\u00f8pet av sin tid i Det hvite hus, en ambisjon som hittil ikke har lykkes.<\/p>\n<p>\u2013 Jeg sendte Steve Witkoff og Jared Kushner, to fantastiske forhandlere. De har gjort en str\u00e5lende jobb, og vi sendte dem av g\u00e5rde for \u00e5 se om vi kan f\u00e5 til noe. Og det kan godt hende vi f\u00e5r til det, sa Trump fredag, dagen f\u00f8r amerikanerne ankom den russiske hovedstaden.<\/p>\n<p><img decoding=\"async\"   src=\"data:image\/gif;base64,R0lGODlhAQABAIAAAAAAAP\/\/\/yH5BAEAAAAALAAAAAABAAEAAAIBRAA7\" loading=\"eager\" alt=\"Donald Trump i m\u00f8rk dress og gult slips viser tommel opp foran en bl\u00e5 himmel. (Bildebeskrivelsen er laget av en KI-tjeneste)\" title=\"Foto: Eric Lee \/ REUTERS,NTB\"\/><\/p>\n<p class=\"\">President Donald Trump legger inn en ny innsats for \u00e5 f\u00e5 Ukraina-forhandlingene tilbake p\u00e5 rett kj\u00f8l.<\/p>\n<p>Foto: Eric Lee \/ REUTERS,NTB<\/p>\n<p>Spesialutsending Steve Witkoff brukte tid p\u00e5 l\u00f8rdagens m\u00f8te til \u00e5 videreformidle Trumps beste hilsener til Putin. Samtidig takket ham Putin for v\u00e5penhvilen han har erkl\u00e6rt under utsendingenes bes\u00f8k til Russland og Ukraina.<strong> <\/strong><\/p>\n<p>Putin svarte Witkoff med \u00e5 si at Russland ville gj\u00f8re sitt ytterste for \u00e5 ivareta utsendingens sikkerhet.<\/p>\n<p><strong>Tidligere l\u00f8rdag meldte det russiske nyhetsbyr\u00e5et Interfax at den russiske presidenten hadde gitt ordre om \u00e5 stanse angrepene mot Ukraina i tre dager fra midnatt.<\/strong><\/p>\n<p>Ogs\u00e5 Ukrainas president Volodymyr Zelenskyj har uttalt seg om v\u00e5penhvilen:<\/p>\n<p>\u2013 Fra n\u00e5 av er vi klare til \u00e5 overholde en v\u00e5penhvile n\u00e5r det gjelder luftangrep mot byene som er involvert i forhandlingsprosessen, skrev Zelenskyj p\u00e5 <a href=\"https:\/\/x.com\/ZelenskyyUa\/status\/2096242248291701130\" ec-id=\"https:\/\/x.com\/ZelenskyyUa\/status\/2096242248291701130\" ec-name=\"X\" rel=\"nofollow\">X <\/a>i 16-tiden.<\/p>\n<p>Det skal foreg\u00e5 samtaler i b\u00e5de Moskva og Kyiv de neste dagene.<\/p>\n<p>Rundt klokken 20.30 meldte lokale myndigheter om et angrep mot den russiske regionen Belgorod, der \u00e9n person skal v\u00e6re drept, if\u00f8lge Reuters.<\/p>\n<p>Videre til Kyiv s\u00f8ndag<\/p>\n<p>Witkoff og Kushner landet i Moskva l\u00f8rdag formiddag og ble m\u00f8tt p\u00e5 flyplassen av Russlands spesialutsending Kirill Dmitrijev.<\/p>\n<p><img decoding=\"async\"   src=\"data:image\/gif;base64,R0lGODlhAQABAIAAAAAAAP\/\/\/yH5BAEAAAAALAAAAAABAAEAAAIBRAA7\" loading=\"eager\" alt=\"To menn h\u00e5ndhilser foran et fly fra United States of America. Andre menn st\u00e5r i bakgrunnen. (Bildebeskrivelsen er laget av en KI-tjeneste)\" title=\"Foto: HANDOUT \/ X \/ @kadmitriev,NTB\"\/><\/p>\n<p class=\"\">Steve Witkoff og Jared Kushner m\u00f8tte den russiske spesialutsendingen Kirill Dmitrijev p\u00e5 flyplassen i Moskva tidligere l\u00f8rdag.<\/p>\n<p>Foto: HANDOUT \/ X \/ @kadmitriev,NTB<\/p>\n<p><strong>Etter planen skal den amerikanske utsendingen videre til Kyiv i Ukraina s\u00f8ndag.<\/strong><\/p>\n<p>Om det skjer, blir det f\u00f8rste gang de amerikanske utsendingene bes\u00f8ker den ukrainske hovedstaden, if\u00f8lge <a href=\"https:\/\/www.theguardian.com\/world\/2026\/sep\/05\/steve-witkoff-jared-kushner-russia-revive-ukraine-talks\" ec-id=\"https:\/\/www.theguardian.com\/world\/2026\/sep\/05\/steve-witkoff-jared-kushner-russia-revive-ukraine-talks\" ec-name=\"The Guardian\" rel=\"nofollow noopener\" target=\"_blank\">The Guardian<\/a>. Begge har bes\u00f8kt Moskva tidligere, senest i januar da de ogs\u00e5 m\u00f8tte Putin.<\/p>\n<p>Zelenskyj skriver p\u00e5 X l\u00f8rdag at han har snakket med Witkoff og Kushner i forkant av amerikanernes m\u00f8te med Putin.<\/p>\n<p>\u2013 De har allerede begynt dialog med russisk side, skriver den ukrainske presidenten.<\/p>\n<p><img decoding=\"async\"   src=\"data:image\/gif;base64,R0lGODlhAQABAIAAAAAAAP\/\/\/yH5BAEAAAAALAAAAAABAAEAAAIBRAA7\" loading=\"eager\" alt=\"Skjermbilde av en X-post fra Volodymyr Zelenskyy om v\u00e5penhvile og diplomatiske samtaler. (Bildebeskrivelsen er laget av en KI-tjeneste)\" title=\"Faksimile: Skjermbilde \/ Zelenskyj p\u00e5 X\"\/><\/p>\n<p class=\"\">Et skjermbilde av Zelenskyjs innlegg p\u00e5 X l\u00f8rdag ettermiddag.<\/p>\n<p>Faksimile: Skjermbilde \/ Zelenskyj p\u00e5 X<\/p>\n<p>Han sier at n\u00e5r Ukraina avst\u00e5r fra angrep mot Moskva mens amerikanerne er p\u00e5 bes\u00f8k, forventer han at russerne viser den samme respekten overfor Kyiv.<\/p>\n<p>Zelenskyj lover \u00e5 vise et sterkt og effektivt ukrainsk diplomati n\u00e5r Witkoff og Kushner kommer p\u00e5 s\u00f8ndag.<\/p>\n<p>\u2013 Vi er klare for reelle forhandlinger. Takk til alle som st\u00f8tter Ukraina!<\/p>\n<p><img decoding=\"async\"   src=\"data:image\/gif;base64,R0lGODlhAQABAIAAAAAAAP\/\/\/yH5BAEAAAAALAAAAAABAAEAAAIBRAA7\" loading=\"eager\" alt=\"Ukrainas president Volodymyr Zelenskyj g\u00e5r ned en trapp utend\u00f8rs, if\u00f8rt en svart jakke. (Bildebeskrivelsen er laget av en KI-tjeneste)\" title=\"Foto: Aurel Obreja \/ AP,NTB\"\/><\/p>\n<p class=\"\">Ukrainas president Volodymyr Zelenskyj sier landet er beredt p\u00e5 reelle forhandlinger med amerikanerne n\u00e5r de kommer til Kyiv p\u00e5 s\u00f8ndag.<\/p>\n<p>Foto: Aurel Obreja \/ AP,NTB<\/p>\n<p>Tidligere l\u00f8rdag ble det meldt om russiske angrep mot flyplassene i Kyiv og Boryspil i Ukraina.<\/p>\n<p>Det ukrainske luftrommet har v\u00e6rt stengt siden den russiske fullskalainvasjonen i februar 2022. Likevel har det har v\u00e6rt diskutert om Witkoff og Kushner kunne fly inn til landet i helgen, if\u00f8lge Zelenskyj.<\/p>\n<p>Han kaller Russlands angrep mot de to flyplassene for en direkte reaksjon p\u00e5 disse planene:<\/p>\n<p>\u2013 Russisk-iranske Shahed-droner er svaret p\u00e5 amerikansk diplomati, skrev den Zelenskyj p\u00e5 Telegram.<\/p>\n<p>Interessert i det som skjer i verden? H\u00f8r den nyeste podkast-episoden fra utenriksredaksjonen:<\/p>\n<p>Publisert<\/p>\n<p>05.09.2026, kl. 19.43<\/p>\n<p>Oppdatert<\/p>\n<p>05.09.2026, kl. 21.58<\/p>\n","protected":false},"excerpt":{"rendered":"Like f\u00f8r klokken 19 var m\u00f8tet mellom den russiske presidenten og USAs spesialutsendinger Steve Witkoff og Jared Kushner&hellip;\n","protected":false},"author":2,"featured_media":345282,"comment_status":"","ping_status":"","sticky":false,"template":"","format":"standard","meta":{"footnotes":"","_share_on_mastodon":"0"},"categories":[5],"tags":[20,21,24,25,15,19,22,23,17,18,13,30,28,29,14,16,26,27],"class_list":["post-345281","post","type-post","status-publish","format-standard","has-post-thumbnail","category-overskrifter","tag-breaking-news","tag-breakingnews","tag-featured-news","tag-featurednews","tag-headlines","tag-hovedoppslag","tag-latest-news","tag-latestnews","tag-main-news","tag-mainnews","tag-news","tag-no","tag-norge","tag-norway","tag-nyheter","tag-overskrifter","tag-top-stories","tag-topstories"],"share_on_mastodon":{"url":"https:\/\/pubeurope.com\/@no\/117220218125393873","error":""},"_links":{"self":[{"href":"https:\/\/www.europesays.com\/no\/wp-json\/wp\/v2\/posts\/345281","targetHints":{"allow":["GET"]}}],"collection":[{"href":"https:\/\/www.europesays.com\/no\/wp-json\/wp\/v2\/posts"}],"about":[{"href":"https:\/\/www.europesays.com\/no\/wp-json\/wp\/v2\/types\/post"}],"author":[{"embeddable":true,"href":"https:\/\/www.europesays.com\/no\/wp-json\/wp\/v2\/users\/2"}],"replies":[{"embeddable":true,"href":"https:\/\/www.europesays.com\/no\/wp-json\/wp\/v2\/comments?post=345281"}],"version-history":[{"count":0,"href":"https:\/\/www.europesays.com\/no\/wp-json\/wp\/v2\/posts\/345281\/revisions"}],"wp:featuredmedia":[{"embeddable":true,"href":"https:\/\/www.europesays.com\/no\/wp-json\/wp\/v2\/media\/345282"}],"wp:attachment":[{"href":"https:\/\/www.europesays.com\/no\/wp-json\/wp\/v2\/media?parent=345281"}],"wp:term":[{"taxonomy":"category","embeddable":true,"href":"https:\/\/www.europesays.com\/no\/wp-json\/wp\/v2\/categories?post=345281"},{"taxonomy":"post_tag","embeddable":true,"href":"https:\/\/www.europesays.com\/no\/wp-json\/wp\/v2\/tags?post=345281"}],"curies":[{"name":"wp","href":"https:\/\/api.w.org\/{rel}","templated":true}]}}