{"id":345287,"date":"2026-09-05T20:08:23","date_gmt":"2026-09-05T20:08:23","guid":{"rendered":"https:\/\/www.europesays.com\/no\/345287\/"},"modified":"2026-09-05T20:08:23","modified_gmt":"2026-09-05T20:08:23","slug":"kong-harald-v-garden-i-hardtrening-til-kongens-gravferd-jonas-fra-karmoy-21-det-blir-toft","status":"publish","type":"post","link":"https:\/\/www.europesays.com\/no\/345287\/","title":{"rendered":"Kong Harald V, Garden | I hardtrening til kongens gravferd. Jonas fra Karm\u00f8y (21): \u2013 Det blir t\u00f8ft"},"content":{"rendered":"\n<p><b>KONGENS D\u00d8DSFALL: <\/b>\u2013 Vi var ute i skogen og trente p\u00e5 krig. S\u00e5 kom beskjeden, sier Jonas Hebnes om \u00f8yeblikket da kongehuset sendte ut meldingen om at kong Harald var d\u00f8d.<\/p>\n<p>21-\u00e5ringen fra Karm\u00f8y startet f\u00f8rstegangstjenesten i Garden for en liten m\u00e5ned siden, sammen med Storm Barr-Nakajima (19) fra B\u00e6rum, Alba Moreno Christiansen (20) fra Oslo og Philip Lund Bordi (19) fra Skien.<\/p>\n<p>Etter meldingen om kongens d\u00f8d ble de sendt rett i \u00f8ving p\u00e5 marsjering. Det hadde de aldri gjort f\u00f8r.<\/p>\n<p><b>\u2013 Nei, det var helt nytt. Det begynte vi med den fredagen, sier Bordi.<\/b><\/p>\n<p>I Huseby leir i Oslo, Gardens hovedkvarter, \u00f8ves det i disse dager p\u00e5 s\u00f8rgemarsj. Instrukt\u00f8rene sl\u00e5r takten med en stav for \u00e5 sikre at alle tr\u00e5r ned med venstrefoten til samme tid.<\/p>\n<p>De \u00f8ver ogs\u00e5 p\u00e5 \u00e5 st\u00e5 i espalier, alts\u00e5 oppstilt p\u00e5 rekke. Ved gravferden onsdag skal kong Haralds b\u00e5re fraktes fra Slottet til Oslo domkirke og deretter til Akershus festning. Langs hele ruten danner soldater espalier p\u00e5 begge sider av gaten.<\/p>\n<p>   <img decoding=\"async\" width=\"5569\" height=\"3713\" fetchpriority=\"low\"  loading=\"lazy\"  src=\"https:\/\/www.europesays.com\/no\/wp-content\/uploads\/2026\/09\/Soldatene p Huseby leir i Oslo gjr seg klare til kong Haralds begravelse p onsdag. Foto: Martin S.jpeg\" alt=\"\" class=\"brick-c-cFOWSL\" style=\"--brick-image-ratio: 5569 \/ 3713;\"\/><\/p>\n<p>      Soldatene p\u00e5 Huseby leir i Oslo gj\u00f8r seg klare til kong Haralds begravelse p\u00e5 onsdag.<br \/>\n      Foto: Martin Solhaug Standal \/ NTB\n    <\/p>\n<p>  M\u00e5 st\u00e5 oppstilt i seks timer<\/p>\n<p>Det samme gjorde de da kong Haakon avla ed i Stortinget tirsdag. Med tre-fire dagers \u00f8ving bak seg sto de i espalier i litt over en time.<\/p>\n<p><b>\u2013 Det var jo sol og sikkert 22 grader. Det var tungt for mange, sier Hebnes.<\/b><\/p>\n<p>Gravferden onsdag blir en mye lengre dag. Klokken 10 stiller paradetropper opp ved Akershus festning, og soldatene begynner \u00e5 danne espalier langs b\u00e5rens rute. De blir st\u00e5ende helt til kong Haakon er tilbake p\u00e5 Slottet igjen, trolig rundt klokken 16.<\/p>\n<p><b>\u2013 Tirsdag var egentlig bare oppvarming til gravferden. Det blir t\u00f8ft, sier avaldsnesbuen.<\/b><\/p>\n<p>Det gjelder \u00e5 holde blodsirkulasjonen i gang.<\/p>\n<p><b>\u2013 Du m\u00e5 aktivere alle musklene fra t\u00e5 til topp, s\u00e5 du st\u00e5r egentlig og alltid strammer alt fra t\u00e6r, legger, rumpe, l\u00e5r. Hvis du stopper \u00e5 stramme musklene, da kommer du ikke i gang igjen, sier han.<\/b><\/p>\n<p>   <img decoding=\"async\" width=\"5021\" height=\"3347\" fetchpriority=\"low\"  loading=\"lazy\"  src=\"https:\/\/www.europesays.com\/no\/wp-content\/uploads\/2026\/09\/Menig Storm Barr-Nakajima fra Brum skal vre med p kong Haralds gravferd. Han startet frstegangst.jpeg\" alt=\"\" class=\"brick-c-cFOWSL\" style=\"--brick-image-ratio: 5021 \/ 3347;\"\/><\/p>\n<p>      Menig Storm Barr-Nakajima fra B\u00e6rum skal v\u00e6re med p\u00e5 kong Haralds gravferd. Han startet f\u00f8rstegangstjenesten for en m\u00e5neds tid siden.<br \/>\n      Foto: Martin Solhaug Standal \/ NTB\n    <\/p>\n<p>  \u2013 Det er veldig stort<\/p>\n<p>Fenrik Georg Forsdal Helvik (23) skryter av omstillingsevnen til hele troppen. Fra \u00e5 \u00f8ve p\u00e5 hypotetiske scenarioer sto de br\u00e5tt overfor konkrete oppdrag som m\u00e5tte l\u00f8ses.<\/p>\n<p><b>\u2013 Jeg m\u00e5 gi all \u00e6re til soldatene og befalet mitt. De har jobbet utrolig intensivt, og de har tatt det med et smil om munnen og med en stolthet overfor det vi skal gj\u00f8re, sier Helvik.<\/b><\/p>\n<p>Han er stolt over det de er med p\u00e5.<\/p>\n<p>   <img decoding=\"async\" width=\"6000\" height=\"4000\" fetchpriority=\"low\"  loading=\"lazy\"  src=\"https:\/\/www.europesays.com\/no\/wp-content\/uploads\/2026\/09\/Fenrik Georg Forsdal Helvik er stolt over det de ferske soldatene har ftt til p kort tid. Foto: Ma.jpeg\" alt=\"\" class=\"brick-c-cFOWSL\" style=\"--brick-image-ratio: 6000 \/ 4000;\"\/><\/p>\n<p>      Fenrik Georg Forsdal Helvik er stolt over det de ferske soldatene har f\u00e5tt til p\u00e5 kort tid.<br \/>\n      Foto: Martin Solhaug Standal \/ NTB\n    <\/p>\n<p><b>\u2013 Det er veldig stort for meg \u00e5 kunne g\u00e5 foran med troppen min. Dette er noe vi l\u00f8ser sammen, jeg er jo med p\u00e5 treningen selv. S\u00e5 det er utrolig stort.<\/b><\/p>\n<p>Alle de fire vernepliktige synes det er meningsfullt \u00e5 v\u00e6re del av Forsvaret i denne tiden.<\/p>\n<p><b>\u2013 Det er en fin m\u00e5te \u00e5 f\u00f8le at man bidrar til \u00e5 hedre kongen som var, og ogs\u00e5 den nye kongen, sier Alba Moreno Christiansen.<\/b><\/p>\n<p>Hun f\u00e5r st\u00f8tte av Philip Lund Bordi.<\/p>\n<p><b>\u2013 Dette er jo noe som veldig f\u00e5 f\u00e5r oppleve. Det er trist, men det er ogs\u00e5 god l\u00e6ring, og det er kult \u00e5 f\u00e5 bli med p\u00e5, sier han.<\/b><\/p>\n<p>   <img decoding=\"async\" width=\"5825\" height=\"3883\" fetchpriority=\"low\"  loading=\"lazy\"  src=\"https:\/\/www.europesays.com\/no\/wp-content\/uploads\/2026\/09\/Menig Alba Moreno Christiansen fra Oslo ver p sluttet orden. Hun startet frstegangstjenesten for.jpeg\" alt=\"\" class=\"brick-c-cFOWSL\" style=\"--brick-image-ratio: 5825 \/ 3883;\"\/><\/p>\n<p>      Menig Alba Moreno Christiansen fra Oslo \u00f8ver p\u00e5 sluttet orden. Hun startet f\u00f8rstegangstjenesten for noen f\u00e5 uker siden.<br \/>\n      Foto: Martin Solhaug Standal \/ NTB\n    <\/p>\n<p>  Mye adrenalin<\/p>\n<p>Storm Barr-Nakajima er stolt over det troppen har f\u00e5tt til sammen.<\/p>\n<p><b>\u2013 Vi klarer \u00e5 finne motivasjon i det hele, man ser at \u00aboi, dette her f\u00e5r vi til\u00bb. Vi kan v\u00e6re stolte over det.<\/b><\/p>\n<p>Han sier de blir godt ivaretatt i leiren.<\/p>\n<p><b>\u2013 B\u00e5de av befal og feltpresten v\u00e5r, som hjelper oss gjennom denne perioden og f\u00e5r oss til \u00e5 reflektere litt, sier han.<\/b><\/p>\n<p>Onsdag blir trolig pulsen h\u00f8yere blant flere av dem.<\/p>\n<p><b>\u2013 Du kjenner jo litt p\u00e5 det. Det blir mye adrenalin n\u00e5r vi sitter p\u00e5 bussen p\u00e5 vei til oppdraget. Du kjenner at det er et rush i kroppen da, sier Hebnes.<\/b><\/p>\n","protected":false},"excerpt":{"rendered":"KONGENS D\u00d8DSFALL: \u2013 Vi var ute i skogen og trente p\u00e5 krig. S\u00e5 kom beskjeden, sier Jonas Hebnes&hellip;\n","protected":false},"author":2,"featured_media":345288,"comment_status":"","ping_status":"","sticky":false,"template":"","format":"standard","meta":{"footnotes":"","_share_on_mastodon":"0"},"categories":[5],"tags":[36,20,21,24,25,25941,15,26418,19,1761,25721,22,23,17,18,13,30,28,29,14,636,16,1510,26,27],"class_list":["post-345287","post","type-post","status-publish","format-standard","has-post-thumbnail","category-overskrifter","tag-art","tag-breaking-news","tag-breakingnews","tag-featured-news","tag-featurednews","tag-garden","tag-headlines","tag-hmk-kongens-garde","tag-hovedoppslag","tag-karmoy","tag-kong-harald-v","tag-latest-news","tag-latestnews","tag-main-news","tag-mainnews","tag-news","tag-no","tag-norge","tag-norway","tag-nyheter","tag-oslo","tag-overskrifter","tag-story","tag-top-stories","tag-topstories"],"share_on_mastodon":{"url":"https:\/\/pubeurope.com\/@no\/117220246676384198","error":""},"_links":{"self":[{"href":"https:\/\/www.europesays.com\/no\/wp-json\/wp\/v2\/posts\/345287","targetHints":{"allow":["GET"]}}],"collection":[{"href":"https:\/\/www.europesays.com\/no\/wp-json\/wp\/v2\/posts"}],"about":[{"href":"https:\/\/www.europesays.com\/no\/wp-json\/wp\/v2\/types\/post"}],"author":[{"embeddable":true,"href":"https:\/\/www.europesays.com\/no\/wp-json\/wp\/v2\/users\/2"}],"replies":[{"embeddable":true,"href":"https:\/\/www.europesays.com\/no\/wp-json\/wp\/v2\/comments?post=345287"}],"version-history":[{"count":0,"href":"https:\/\/www.europesays.com\/no\/wp-json\/wp\/v2\/posts\/345287\/revisions"}],"wp:featuredmedia":[{"embeddable":true,"href":"https:\/\/www.europesays.com\/no\/wp-json\/wp\/v2\/media\/345288"}],"wp:attachment":[{"href":"https:\/\/www.europesays.com\/no\/wp-json\/wp\/v2\/media?parent=345287"}],"wp:term":[{"taxonomy":"category","embeddable":true,"href":"https:\/\/www.europesays.com\/no\/wp-json\/wp\/v2\/categories?post=345287"},{"taxonomy":"post_tag","embeddable":true,"href":"https:\/\/www.europesays.com\/no\/wp-json\/wp\/v2\/tags?post=345287"}],"curies":[{"name":"wp","href":"https:\/\/api.w.org\/{rel}","templated":true}]}}