{"id":345293,"date":"2026-09-05T20:14:15","date_gmt":"2026-09-05T20:14:15","guid":{"rendered":"https:\/\/www.europesays.com\/no\/345293\/"},"modified":"2026-09-05T20:14:15","modified_gmt":"2026-09-05T20:14:15","slug":"tomte-hotellet-vi-beklager","status":"publish","type":"post","link":"https:\/\/www.europesays.com\/no\/345293\/","title":{"rendered":"T\u00f8mte hotellet: &#8211; Vi beklager"},"content":{"rendered":"<p class=\"kicker \" style=\"\">Kong Haralds gravferd:<\/p>\n<p class=\"subtitle \" style=\"\">Flere hotellgjester som trodde de skulle nyte denne helga i Oslo, har f\u00e5tt kontrabeskjed: De m\u00e5 ut.<\/p>\n<p>\n    KLARGJ\u00d8RES: Flere gjester ved Oslo Plaza m\u00e5tte forlate hotellet f\u00f8r planlagt. For flere kom beskjeden som en stor overraskelse. Foto: Shutterstock \/ NTB\n  <\/p>\n<p>Hotellgjester m\u00e5tte l\u00f8rdag sjekke ut av Radisson Blu Plaza Hotel i Oslo f\u00f8r planlagt.<\/p>\n<p>\u00c5rsaken er kong Haralds gravferd. Flere hoteller i Oslo sentrum gj\u00f8res n\u00e5 klare til \u00e5 ta imot kongelige, statsoverhoder og andre gjester som kommer til hovedstaden i forbindelse med gravferden.<\/p>\n<p>NRK har snakket med flere av gjestene som m\u00e5tte forlate Oslo Plaza l\u00f8rdag.<\/p>\n<p>Blant dem er Elisabeth Seville Lund. Hun skulle overnatte der med begge barna sine, men m\u00e5tte sjekke ut f\u00f8r klokka 12 i dag.<\/p>\n<p class=\"font-weight-bold m-font-weight-bold\" data-lab-font_weight=\"font-weight-bold\">&#8211; Det er bare fullt av politifolk og annen aktivitet her. Men utover det s\u00e5 visste vi ingenting. Alt er en overraskelse, sier hun til\u00a0<a href=\"https:\/\/www.nrk.no\/stor-oslo\/matte-ut-av-oslo-plaza_-_-irriterende-1.18015268\" target=\"_blank\" rel=\"nofollow noopener\">NRK<\/a>.<\/p>\n<p>&#8211; Irriterende, fordi vi ikke fikk badet i dag, legger datteren Ella Seville Dietrichson Lund til.<\/p>\n<p>        Tips oss<\/p>\n<p class=\"subtitle\">Har du f\u00e5tt beskjed om \u00e5 forlate et hotell i Oslo tidligere enn planlagt denne helga? Da vil vi h\u00f8re fra deg!<\/p>\n<p>Fikk beskjed da de sjekket inn\t<\/p>\n<p>Ogs\u00e5 britiske Marianne Garratt og ektemannen fikk f\u00f8rst beskjeden da de sjekket inn fredag.<\/p>\n<p class=\"font-weight-bold m-font-weight-bold\" data-lab-font_weight=\"font-weight-bold\">&#8211; Det var ganske sjokkerende. Vi fikk vite dette i g\u00e5r da vi sjekket inn, sier hun til <a href=\"https:\/\/www.nrk.no\/stor-oslo\/matte-ut-av-oslo-plaza_-_-irriterende-1.18015268\" target=\"_blank\" rel=\"nofollow noopener\">statskanalen<\/a>.<\/p>\n<p>&#8211; Vi beklager sterkt \u00e5 m\u00e5tte informere om at vi av strenge sikkerhetsmessige \u00e5rsaker m\u00e5 t\u00f8mme hotellet for alle andre gjester i denne perioden, som starter l\u00f8rdag 5. september klokka 12 og varer til torsdag 10. september klokka 15.<\/p>\n<p>Det er beskjeden Oslo Plaza skal ha sendt ut til gjestene sine, if\u00f8lge NRK.<\/p>\n<p>    <a itemprop=\"url\" href=\"https:\/\/borsen.dagbladet.no\/nyheter\/gjester-bratt-fratatt-hotellrommet\/85104196\" rel=\"nofollow noopener\" target=\"_blank\"><\/p>\n<p>        <img loading=\"lazy\" decoding=\"async\" src=\"https:\/\/www.europesays.com\/no\/wp-content\/uploads\/2026\/09\/85104467.webp\" width=\"180\" height=\"81\" alt=\"\" class=\"lazyload\" style=\"--aspect-ratio-image: 2.22; \"\/><\/p>\n<p>        Gjester br\u00e5tt fratatt hotellrommet<\/p>\n<p>    <\/a><\/p>\n<p>Flere m\u00e5tte vike\t<\/p>\n<p>Dagbladet omtalte torsdag at ogs\u00e5 planlagte gjester ved Thon Hotel Opera m\u00e5tte vike i forbindelse med gravferden.<\/p>\n<p>Hotellet opplyste da at norske myndigheter hadde behov for hele hotellet, og at eksisterende reservasjoner derfor m\u00e5tte flyttes til andre hoteller.<\/p>\n<p>N\u00e5 skjer alts\u00e5 det samme ved Oslo Plaza, som l\u00f8rdag ble klargjort f\u00f8r gjester til gravferden ankommer.<\/p>\n<p>Administrerende direkt\u00f8r ved Oslo Plaza, Tarje Hellebust, sier til <a href=\"https:\/\/www.nrk.no\/stor-oslo\/matte-ut-av-oslo-plaza_-_-irriterende-1.18015268\" target=\"_blank\" rel=\"nofollow noopener\">NRK<\/a> at hotellet har sendt ut informasjon til alle gjestene. P\u00e5 sp\u00f8rsm\u00e5l om gjester som ikke skal ha f\u00e5tt beskjed p\u00e5 forh\u00e5nd, svarer han at han ikke kjenner til saken.<\/p>\n<p>    <a itemprop=\"url\" href=\"https:\/\/www.dagbladet.no\/nyheter\/sju-timer-ventetid-for-a-defilere\/85113548\" rel=\"nofollow noopener\" target=\"_blank\"><\/p>\n<p>        <img loading=\"lazy\" decoding=\"async\" src=\"https:\/\/www.europesays.com\/no\/wp-content\/uploads\/2026\/09\/85113559.webp\" width=\"180\" height=\"81\" alt=\"\" class=\"lazyload\" style=\"--aspect-ratio-image: 2.22; \"\/><\/p>\n<p>        Sju timer ventetid for \u00e5 defilere<\/p>\n<p>    <\/a><\/p>\n","protected":false},"excerpt":{"rendered":"Kong Haralds gravferd: Flere hotellgjester som trodde de skulle nyte denne helga i Oslo, har f\u00e5tt kontrabeskjed: De&hellip;\n","protected":false},"author":2,"featured_media":345294,"comment_status":"","ping_status":"","sticky":false,"template":"","format":"standard","meta":{"footnotes":"","_share_on_mastodon":"0"},"categories":[10],"tags":[20,21,24,25,15,1097,26069,22,23,13,30,28,29,14,636,26419,16,26,27],"class_list":["post-345293","post","type-post","status-publish","format-standard","has-post-thumbnail","category-norge","tag-breaking-news","tag-breakingnews","tag-featured-news","tag-featurednews","tag-headlines","tag-hotell","tag-kong-harald-dod","tag-latest-news","tag-latestnews","tag-news","tag-no","tag-norge","tag-norway","tag-nyheter","tag-oslo","tag-oslo-plaza","tag-overskrifter","tag-top-stories","tag-topstories"],"share_on_mastodon":{"url":"https:\/\/pubeurope.com\/@no\/117220270054020583","error":""},"_links":{"self":[{"href":"https:\/\/www.europesays.com\/no\/wp-json\/wp\/v2\/posts\/345293","targetHints":{"allow":["GET"]}}],"collection":[{"href":"https:\/\/www.europesays.com\/no\/wp-json\/wp\/v2\/posts"}],"about":[{"href":"https:\/\/www.europesays.com\/no\/wp-json\/wp\/v2\/types\/post"}],"author":[{"embeddable":true,"href":"https:\/\/www.europesays.com\/no\/wp-json\/wp\/v2\/users\/2"}],"replies":[{"embeddable":true,"href":"https:\/\/www.europesays.com\/no\/wp-json\/wp\/v2\/comments?post=345293"}],"version-history":[{"count":0,"href":"https:\/\/www.europesays.com\/no\/wp-json\/wp\/v2\/posts\/345293\/revisions"}],"wp:featuredmedia":[{"embeddable":true,"href":"https:\/\/www.europesays.com\/no\/wp-json\/wp\/v2\/media\/345294"}],"wp:attachment":[{"href":"https:\/\/www.europesays.com\/no\/wp-json\/wp\/v2\/media?parent=345293"}],"wp:term":[{"taxonomy":"category","embeddable":true,"href":"https:\/\/www.europesays.com\/no\/wp-json\/wp\/v2\/categories?post=345293"},{"taxonomy":"post_tag","embeddable":true,"href":"https:\/\/www.europesays.com\/no\/wp-json\/wp\/v2\/tags?post=345293"}],"curies":[{"name":"wp","href":"https:\/\/api.w.org\/{rel}","templated":true}]}}