{"id":345297,"date":"2026-09-05T20:20:19","date_gmt":"2026-09-05T20:20:19","guid":{"rendered":"https:\/\/www.europesays.com\/no\/345297\/"},"modified":"2026-09-05T20:20:19","modified_gmt":"2026-09-05T20:20:19","slug":"bruce-campbell-avslorer-kreftprognose-har-fatt-fem-ar-igjen-a-leve-2","status":"publish","type":"post","link":"https:\/\/www.europesays.com\/no\/345297\/","title":{"rendered":"Bruce Campbell avsl\u00f8rer kreftprognose: Har f\u00e5tt fem \u00e5r igjen \u00e5 leve"},"content":{"rendered":"<p class=\"kicker \" style=\"\">Bruce Campbell:\u00a0<\/p>\n<p class=\"subtitle t30\" style=\"\">Den kreftsyke skuespilleren forteller at han ikke har mange \u00e5r igjen \u00e5 leve.\u00a0<\/p>\n<p>\n    KREFTSYK: Allerede i mars i \u00e5r avsl\u00f8rte Bruce Campbell at han hadde kreft &#8211; uten \u00e5 si hvilken type. N\u00e5 kommer han med nye avsl\u00f8ringer. Foto: Chris Pizzello \/ AP \/ NTB\n  <\/p>\n<p>&#8211; Jeg har f\u00e5tt en prognose p\u00e5 fem \u00e5r, sier \u00abEvil Dead\u00bb-stjerna Bruce Campbell (68) i podkasten \u00ab<a href=\"https:\/\/youtu.be\/232HC1Q55lk?si=oD1OrmOYD6pYk9gE\" rel=\"nofollow noopener\" target=\"_blank\">The Adam Carolla Show<\/a>\u00bb, if\u00f8lge <a href=\"https:\/\/variety.com\/2026\/film\/news\/bruce-campbell-cancer-5-years-live-1236852722\/\" rel=\"nofollow noopener\" target=\"_blank\">Variety<\/a>. <\/p>\n<p>N\u00e5r programleder Adam Carolla (62) sp\u00f8r om det betyr at han har rundt fem \u00e5r igjen \u00e5 leve, svarer Campbell: \u00abMer eller mindre\u00bb.<\/p>\n<p>    <a itemprop=\"url\" href=\"https:\/\/www.dagbladet.no\/kjendis\/har-fatt-sitt-tredje-barn\/85114480\" rel=\"nofollow noopener\" target=\"_blank\"><\/p>\n<p>        <img loading=\"lazy\" decoding=\"async\" src=\"https:\/\/www.europesays.com\/no\/wp-content\/uploads\/2026\/09\/1788639617_959_85114491.webp\" width=\"180\" height=\"81\" alt=\"\" class=\"lazyload\" style=\"--aspect-ratio-image: 2.22; \"\/><\/p>\n<p>        Har f\u00e5tt sitt tredje barn<\/p>\n<p>    <\/a><\/p>\n<p>I mars avsl\u00f8rte skuespilleren p\u00e5 det sosiale mediet X at han hadde uhelbredelig kreft.\u00a0Campbell har ikke sagt hvilken krefttype han er rammet av.\u00a0<\/p>\n<p>Holder seg unna diskusjonsgrupper\u00a0\t<\/p>\n<p>I den ferske podkastepisoden gj\u00f8r 68-\u00e5ringen det klart at han ikke \u00f8nsker \u00e5 bruke tida p\u00e5 \u00e5 grave seg ned i sykdommen.\u00a0<\/p>\n<p>Campbell forteller at kreftdiagnosen ogs\u00e5 p\u00e5virker psyken, og at det finnes enorme mengder informasjon og diskusjonsgrupper han bevisst holder seg unna.<\/p>\n<p>        \u00abNORGES T\u00d8FFESTE\u00bb: J\u00f8rgine Massa Vasstrand og Isak Dreyer r\u00f8per hvordan relasjonen deres er n\u00e5r de ikke spiller inn realityprogrammet. Video: Nora Skavhaug\/R\u00f8d L\u00f8per, \u00abNorges t\u00f8ffeste\u00bb\/NRK.<\/p>\n<p>&#8211; Jeg har bestemt meg, ganske konkret, for \u00e5 leve med det, ikke d\u00f8 av det. Man kan havne i et enormt kaninhull. Kreft-kaninhullet er enormt. Man kan g\u00e5 inn i grupper med 10 000 menn som har akkurat det samme som deg. Jeg vil ikke r\u00f8re det med ildtang, sier han i podkasten.\u00a0<\/p>\n<p>        <img loading=\"lazy\" decoding=\"async\" src=\"https:\/\/www.europesays.com\/no\/wp-content\/uploads\/2026\/09\/1788639618_511_85114625.webp\" width=\"686\" height=\"927\" alt=\"\" class=\"\" style=\"--aspect-ratio-image: 0.74; \"\/><\/p>\n<p>\n        MED KONA: Bruce Campbell og Ida Gaeron giftet seg i 1991. Foto: Broadimage\/REX\/ NTB\n    <\/p>\n<p>Aktuell med ny film\t<\/p>\n<p>Campbell er n\u00e5 aktuell med filmen \u00abErnie &amp; Emma\u00bb, der han b\u00e5de har regi, manus, produsentansvar og hovedrollen. Filmen handler om en enkemann som sprer asken etter sin avd\u00f8de kone, samtidig som han ser tilbake p\u00e5 livet de hadde sammen.<\/p>\n<p>    <a itemprop=\"url\" href=\"https:\/\/www.dagbladet.no\/kjendis\/hva-feiler-det-deg\/85103451\" rel=\"nofollow noopener\" target=\"_blank\"><\/p>\n<p>        <img loading=\"lazy\" decoding=\"async\" src=\"https:\/\/www.europesays.com\/no\/wp-content\/uploads\/2026\/09\/1788639619_408_85103476.webp\" width=\"180\" height=\"81\" alt=\"\" class=\"lazyload\" style=\"--aspect-ratio-image: 2.22; \"\/><\/p>\n<p>        &#8211; Hva feiler det deg?<\/p>\n<p>    <\/a><\/p>\n<p>Han sier i podkasten at filmens tema har f\u00e5tt en spesiell betydning etter diagnosen, siden den handler om d\u00f8d, sorg og det \u00e5 g\u00e5 videre. Likevel understreket han at han ikke vil la sykdommen sette hele livet p\u00e5 pause.<\/p>\n<p>&#8211; Jeg g\u00e5r videre. Jeg har en film \u00e5 promotere, sier han.\u00a0<\/p>\n<p>Campbell er mest kjent for rollen som Ash Williams i Sam Raimis \u00abThe Evil Dead\u00bb-filmer fra 1981 og 1987. Gjennom sin lange karriere har han ogs\u00e5 spilt i flere TV-serier og regissert ulike prosjekter.<\/p>\n","protected":false},"excerpt":{"rendered":"Bruce Campbell:\u00a0 Den kreftsyke skuespilleren forteller at han ikke har mange \u00e5r igjen \u00e5 leve.\u00a0 KREFTSYK: Allerede i&hellip;\n","protected":false},"author":2,"featured_media":345298,"comment_status":"","ping_status":"","sticky":false,"template":"","format":"standard","meta":{"footnotes":"","_share_on_mastodon":"0"},"categories":[12],"tags":[20,21,26417,24,25,15,479,22,23,13,30,28,29,14,16,26,27,42,43,44,45],"class_list":["post-345297","post","type-post","status-publish","format-standard","has-post-thumbnail","category-verden","tag-breaking-news","tag-breakingnews","tag-bruce-campbell","tag-featured-news","tag-featurednews","tag-headlines","tag-kjendis","tag-latest-news","tag-latestnews","tag-news","tag-no","tag-norge","tag-norway","tag-nyheter","tag-overskrifter","tag-top-stories","tag-topstories","tag-verden","tag-world","tag-world-news","tag-worldnews"],"share_on_mastodon":{"url":"https:\/\/pubeurope.com\/@no\/117220293469165264","error":""},"_links":{"self":[{"href":"https:\/\/www.europesays.com\/no\/wp-json\/wp\/v2\/posts\/345297","targetHints":{"allow":["GET"]}}],"collection":[{"href":"https:\/\/www.europesays.com\/no\/wp-json\/wp\/v2\/posts"}],"about":[{"href":"https:\/\/www.europesays.com\/no\/wp-json\/wp\/v2\/types\/post"}],"author":[{"embeddable":true,"href":"https:\/\/www.europesays.com\/no\/wp-json\/wp\/v2\/users\/2"}],"replies":[{"embeddable":true,"href":"https:\/\/www.europesays.com\/no\/wp-json\/wp\/v2\/comments?post=345297"}],"version-history":[{"count":0,"href":"https:\/\/www.europesays.com\/no\/wp-json\/wp\/v2\/posts\/345297\/revisions"}],"wp:featuredmedia":[{"embeddable":true,"href":"https:\/\/www.europesays.com\/no\/wp-json\/wp\/v2\/media\/345298"}],"wp:attachment":[{"href":"https:\/\/www.europesays.com\/no\/wp-json\/wp\/v2\/media?parent=345297"}],"wp:term":[{"taxonomy":"category","embeddable":true,"href":"https:\/\/www.europesays.com\/no\/wp-json\/wp\/v2\/categories?post=345297"},{"taxonomy":"post_tag","embeddable":true,"href":"https:\/\/www.europesays.com\/no\/wp-json\/wp\/v2\/tags?post=345297"}],"curies":[{"name":"wp","href":"https:\/\/api.w.org\/{rel}","templated":true}]}}