{"id":345299,"date":"2026-09-05T20:21:20","date_gmt":"2026-09-05T20:21:20","guid":{"rendered":"https:\/\/www.europesays.com\/no\/345299\/"},"modified":"2026-09-05T20:21:20","modified_gmt":"2026-09-05T20:21:20","slug":"understreker-at-sikkerheten-ma-loftes","status":"publish","type":"post","link":"https:\/\/www.europesays.com\/no\/345299\/","title":{"rendered":"Understreker at sikkerheten m\u00e5 l\u00f8ftes"},"content":{"rendered":"<p class=\"kicker t15 font-weight-bold m-font-weight-bold color_mobile_no_bg_color quaternary color_mobile_quaternary font-Trim text-case-transform-upper mobile-hasTextPadding hasTextColor hasTextColorMobile\" style=\"\">Nyheter<\/p>\n<p class=\"subtitle tm18\" style=\"\">Flere norske virksomheter har blitt rammet av tjenestenektangrep den siste tiden.<\/p>\n<p>\n        TJENESTENEKTANGREP: Flere offentlige tjenester har v\u00e6rt utsatt for et dataangrep den siste tiden.<br \/>\n        Foto: Gorm Kallestad, NTB\n    <\/p>\n<p>Nasjonal sikkerhetsmyndighet (NSM) understreker at tjenestenektangrepene ikke er farlige, men at sikkerheten m\u00e5 l\u00f8ftes.<\/p>\n<p>\u2013 Det er viktig \u00e5 understreke at tjenestenektangrep i seg selv ikke er farlig eller en trussel mot nasjonal sikkerhet. Denne type angrep handler som regel om oppmerksomhet og skape forstyrrelser, sier avdelingsdirekt\u00f8r ved operativ cybersikkerhet i NSM, Martin Albert-Hoff, i en e-post til NTB.<\/p>\n<p>Samtidig advarer han om at angrepene kan f\u00e5 konsekvenser ved at tidskritiske tjenester blir utilgjengelige.<\/p>\n<p>\u2013 Sikkerheten m\u00e5 l\u00f8ftes, virksomheter i Norge m\u00e5 s\u00f8rge for reservel\u00f8sninger og m\u00e5 \u00f8ve p\u00e5 hvordan de h\u00e5ndterer denne typen hendelser, sier Albert-Hoff.<\/p>\n<p>Digitaliseringen gj\u00f8r samfunnet mer avhengig av digitale tjenester, og konsekvensene blir derfor mer merkbare.<\/p>\n<p>\u2013 N\u00e5r avhengigheten \u00f8ker, m\u00e5 ogs\u00e5 sikkerhet og tiltak gjenspeile dette, mener han.<\/p>\n<p>Konkrete akt\u00f8rer\u00a0<\/p>\n<p>If\u00f8lge NSM har Etterretningstjenesten og PST pekt p\u00e5 konkrete trusselakt\u00f8rer som har en interesse av \u00e5 gjennomf\u00f8re denne typen operasjoner.<\/p>\n<p>\u2013 Tjenestenektangrep er et lavkost-virkemiddel for akt\u00f8rer som \u00f8nsker \u00e5 skape oppmerksomhet, irritasjon, og ikke minst &#8211; svekket tillit til norske myndigheter, sier Albert-Hoff.<\/p>\n<p>Blant annet Utlendigsdirektoratet (UDI) har v\u00e6rt under dataangrep, noe den prorussiske hackergruppen Server Killers skriver p\u00e5 Telegram at de st\u00e5r bak, if\u00f8lge <a href=\"https:\/\/www.dagbladet.no\/studio\/72720-nyhetsstudio\/12372246-hackergruppe-hevder-dataangrep-mot-udi\" target=\"_blank\" rel=\"noopener nofollow\">Dagbladet<\/a>.<\/p>\n","protected":false},"excerpt":{"rendered":"Nyheter Flere norske virksomheter har blitt rammet av tjenestenektangrep den siste tiden. TJENESTENEKTANGREP: Flere offentlige tjenester har v\u00e6rt&hellip;\n","protected":false},"author":2,"featured_media":345300,"comment_status":"","ping_status":"","sticky":false,"template":"","format":"standard","meta":{"footnotes":"","_share_on_mastodon":"0"},"categories":[10],"tags":[20,21,24,25,15,22,23,13,30,28,29,14,16,26,27],"class_list":["post-345299","post","type-post","status-publish","format-standard","has-post-thumbnail","category-norge","tag-breaking-news","tag-breakingnews","tag-featured-news","tag-featurednews","tag-headlines","tag-latest-news","tag-latestnews","tag-news","tag-no","tag-norge","tag-norway","tag-nyheter","tag-overskrifter","tag-top-stories","tag-topstories"],"share_on_mastodon":{"url":"https:\/\/pubeurope.com\/@no\/117220297043738079","error":""},"_links":{"self":[{"href":"https:\/\/www.europesays.com\/no\/wp-json\/wp\/v2\/posts\/345299","targetHints":{"allow":["GET"]}}],"collection":[{"href":"https:\/\/www.europesays.com\/no\/wp-json\/wp\/v2\/posts"}],"about":[{"href":"https:\/\/www.europesays.com\/no\/wp-json\/wp\/v2\/types\/post"}],"author":[{"embeddable":true,"href":"https:\/\/www.europesays.com\/no\/wp-json\/wp\/v2\/users\/2"}],"replies":[{"embeddable":true,"href":"https:\/\/www.europesays.com\/no\/wp-json\/wp\/v2\/comments?post=345299"}],"version-history":[{"count":0,"href":"https:\/\/www.europesays.com\/no\/wp-json\/wp\/v2\/posts\/345299\/revisions"}],"wp:featuredmedia":[{"embeddable":true,"href":"https:\/\/www.europesays.com\/no\/wp-json\/wp\/v2\/media\/345300"}],"wp:attachment":[{"href":"https:\/\/www.europesays.com\/no\/wp-json\/wp\/v2\/media?parent=345299"}],"wp:term":[{"taxonomy":"category","embeddable":true,"href":"https:\/\/www.europesays.com\/no\/wp-json\/wp\/v2\/categories?post=345299"},{"taxonomy":"post_tag","embeddable":true,"href":"https:\/\/www.europesays.com\/no\/wp-json\/wp\/v2\/tags?post=345299"}],"curies":[{"name":"wp","href":"https:\/\/api.w.org\/{rel}","templated":true}]}}