{"id":345301,"date":"2026-09-05T20:22:08","date_gmt":"2026-09-05T20:22:08","guid":{"rendered":"https:\/\/www.europesays.com\/no\/345301\/"},"modified":"2026-09-05T20:22:08","modified_gmt":"2026-09-05T20:22:08","slug":"andoya-space-og-isar-aerospace-forsoker-for-sjette-gang-a-skyte-opp-spectrum-2-nrk-nordland","status":"publish","type":"post","link":"https:\/\/www.europesays.com\/no\/345301\/","title":{"rendered":"And\u00f8ya Space og Isar Aerospace fors\u00f8ker for sjette gang \u00e5 skyte opp \u00abSpectrum 2\u00bb \u2013 NRK Nordland"},"content":{"rendered":"<p>Spenningen utl\u00f8ste seg endelig p\u00e5 utskytningsrampen p\u00e5 And\u00f8ya l\u00f8rdag kveld. Etter fem avbrutte fors\u00f8k kom den tyskbygde b\u00e6reraketten seg ut av startgropa.<\/p>\n<p>Med om bord er blant annet den norske satellitt \u00abFramsatt 1\u00bb lagd av NTNU-studenter og utenlandske satellitter.<\/p>\n<p>\u00c5pner nye muligheter for Europa<\/p>\n<p>Tidlig l\u00f8rdag bekreftet Isar Aerospace at de var klar for \u00e5 gjennomf\u00f8re fors\u00f8ket i dag.<\/p>\n<p>\u2013 Etter en fullskala generalpr\u00f8ve har vi returnert til utskytningsrampen. Vi planlegger \u00e5 gjennomf\u00f8re kvalifiseringsflyvningen tidligst 5. september, skrev Isar Aerospace.<\/p>\n<p><img decoding=\"async\"   src=\"data:image\/gif;base64,R0lGODlhAQABAIAAAAAAAP\/\/\/yH5BAEAAAAALAAAAAABAAEAAAIBRAA7\" loading=\"eager\" alt=\"And\u00f8ya Space 5.september 2026. \" title=\"Foto: Brynjar Magnor Myrtveit Osgjerd \/ NRK\"\/><\/p>\n<p class=\"\">\u00abSpectrum 2\u00bb klar p\u00e5 utskytningsrampen l\u00f8rdag formiddag. <\/p>\n<p>Foto: Brynjar Magnor Myrtveit Osgjerd \/ NRK<\/p>\n<p><strong>Oppskytningen skal gjennomf\u00f8res s\u00e5 lenge det var gunstige v\u00e6rforhold og sikkerheten ble godkjent.<\/strong><\/p>\n<p>Et vellykket fors\u00f8k gj\u00f8r \u00abSpectrum 2\u00bb den f\u00f8rste raketten til \u00e5 bli skutt opp fra Vest-Europa og g\u00e5 i bane rundt jorden.<\/p>\n<p>Det vil gi Europa tilgang til verdensrommet.<\/p>\n<p><strong>\u2013 Tilgang til verdensrommet er en av de st\u00f8rste begrensningene for romfartsindustrien og nasjonal sikkerhetsinfrastruktur, sier daglig leder i Isar Aerospace, Daniel Metzler.<\/strong><\/p>\n<p>Eksploderte i luften etter 30 sekunder<\/p>\n<p>Dette er det sjette fors\u00f8ket p\u00e5 \u00e5 sende raketten \u00abSpectrum 2\u00bb opp i bane fra And\u00f8ya Spaceport.<\/p>\n<p>De fire siste gangene ble oppskytningene avlyst av ulike \u00e5rsaker, mens det har kun v\u00e6rt et fors\u00f8k hvor selskapet kom seg s\u00e5 langt \u00e5 skyte opp raketten.<\/p>\n<p>Da eksploderte raketten etter 30 sekunder i luften.<\/p>\n<p>And\u00f8ya-raketten \u00abSpectrum\u00bb falt ned noen hundre meter opp i lufta og eksploderte i havet 29. mars 2025. <\/p>\n<p>Etter det siste fors\u00f8ket 15. juni 2026, fikk Isar Aerospace et nytt oppskytningsvindu mellom 4. og 10. september.<\/p>\n<p><strong>Planen var at raketten skulle skytes opp allerede f\u00f8rste dagen av perioden, men fors\u00f8ket ble avlyst \u00e5tte timer f\u00f8r.<\/strong><\/p>\n<p>Fors\u00f8kene til Isar Aerospace p\u00e5 \u00e5 komme seg i bane rundt jorden<\/p>\n<p>Isar Aerospace har p\u00e5 14 m\u00e5neder hatt fem mislykkede oppskytningsfors\u00f8k av Spectrum-raketten fra And\u00f8ya:<\/p>\n<ul>\n<li>Mars 2025: Raketten eksploderte etter 30 sekund i luften.<\/li>\n<li>Januar 2026: Avlyst p\u00e5 grunn av en ventilfeil.<\/li>\n<li>Mars 2026: Utsatt p\u00e5 grunn av v\u00e6rforhold og en fiskeb\u00e5t i sikkerhetssonen.<\/li>\n<li>April 2026: Avlyst p\u00e5 grunn av lekkasje i en trykkbeholder.<\/li>\n<li>Juni 2026: Avlyst p\u00e5 grunn av unormal oppf\u00f8rsel i v\u00e6skesystemet.<\/li>\n<\/ul>\n<p>Assisterende direkt\u00f8r Julian Lowell i r\u00e5dgivningsselskapet FGS Global kommenterte avbrytelsen p\u00e5 vegne av Isar Aerospace i en e-post til NRK:<\/p>\n<p>\u2013 V\u00e6r oppmerksom p\u00e5 at Isar Aerospace bare kan bekrefte at en oppskyting vil finne sted etter at alt er klarert n\u00e5r det gjelder v\u00e6r, sikkerhet og skytefelt. Isar Aerospace vil passe p\u00e5 \u00e5 informere offentligheten i god tid f\u00f8r et eventuelt oppskytingsfors\u00f8k.<\/p>\n<p>Det var mye vind p\u00e5 And\u00f8ya denne dagen, og Meteorologisk institutt hadde sendt ut gult farevarsel for kuling i omr\u00e5det.<\/p>\n<p><img decoding=\"async\"   src=\"data:image\/gif;base64,R0lGODlhAQABAIAAAAAAAP\/\/\/yH5BAEAAAAALAAAAAABAAEAAAIBRAA7\" loading=\"eager\" alt=\"NTNU studenter Orbit p\u00e5 And\u00f8ya satelitt\" title=\"Foto: Brynjar Magnor Myrtveit Osgjerd \/ NRK\"\/><\/p>\n<p class=\"\">NTNU-studenter er tilbake p\u00e5 And\u00f8ya i h\u00e5p om at b\u00e6reraketten \u00abSpectrum 2\u00bb med satellitten deres \u00abFramsatt 1\u00bb skal skytes opp. <\/p>\n<p>Foto: Brynjar Magnor Myrtveit Osgjerd \/ NRK<\/p>\n<p>\u2013 Det tar litt p\u00e5 lommeboka<\/p>\n<p>Prosjektleder Lars Andreas Weel Aasen og studentteamet Orbit fra NTNU sitter igjen klare p\u00e5 And\u00f8ya. De h\u00e5per at den norske satellitten deres \u00abFramSat-1\u00bb endelig blir skutt opp i kveld.<\/p>\n<p>Satellitten st\u00e5r montert p\u00e5 raketten til Isar Aerospace \u00abSpectrum 2\u00bb.<\/p>\n<p>Etter mange avlysninger av oppskytningen har reisene til og fra And\u00f8ya kostet for de studentene fra NTNU.<\/p>\n<p><strong>\u2013 Det tar jo litt p\u00e5 lommeboka, det gj\u00f8r det. N\u00e5 er vi veldig heldige som har f\u00e5tt storstipend akkurat, sier Velaasen.<\/strong><\/p>\n<p>Siden raketten har st\u00e5tt p\u00e5 plattformen i et par m\u00e5neder, har det oppst\u00e5tt sp\u00f8rsm\u00e5l rundt batterikapasiteten. Det bekymrer imidlertid ikke prosjektlederen.<\/p>\n<p>\u2013 Vi har bygd en satellitt som skal t\u00e5le verdensrommet i tre til fem \u00e5r. Vi har dobbeltsjekket dette med batteri og er helt forsikret om at det kommer til \u00e5 g\u00e5 fint, sier Velaasen.\n<\/p>\n<p><img decoding=\"async\"   src=\"data:image\/gif;base64,R0lGODlhAQABAIAAAAAAAP\/\/\/yH5BAEAAAAALAAAAAABAAEAAAIBRAA7\" loading=\"eager\" alt=\"Dav\u00e6rende kronprins Haakon p\u00e5 And\u00f8ya Space\" title=\"Foto: Vilde Bratland Erikstad \/ NRK\"\/><\/p>\n<p class=\"\">Kronprins Haakon under \u00e5pningen av romhavnen p\u00e5 And\u00f8ya i 2023.<\/p>\n<p>Foto: Vilde Bratland Erikstad \/ NRK<\/p>\n<p>Lovet kong Haakon<\/p>\n<p>Da dav\u00e6rende kronprins Haakon bes\u00f8kte And\u00f8ya i 2023, ga daglig leder i Isar, Daniel Metzler, et l\u00f8fte:<\/p>\n<p>\u2013 Jeg ga ham et l\u00f8fte, og jeg sa at vi vil bidra med \u00e5 gj\u00f8re verdensrommet tilgjengelig for Norge, har Metzler fortalt til NRK.<\/p>\n<p>Han h\u00e5pet at oppskytningen skulle skje f\u00f8r kong Harald begraves onsdag 9. september.<\/p>\n<p>Publisert<\/p>\n<p>05.09.2026, kl. 21.17<\/p>\n<p>Oppdatert<\/p>\n<p>05.09.2026, kl. 22.21<\/p>\n","protected":false},"excerpt":{"rendered":"Spenningen utl\u00f8ste seg endelig p\u00e5 utskytningsrampen p\u00e5 And\u00f8ya l\u00f8rdag kveld. Etter fem avbrutte fors\u00f8k kom den tyskbygde b\u00e6reraketten&hellip;\n","protected":false},"author":2,"featured_media":345302,"comment_status":"","ping_status":"","sticky":false,"template":"","format":"standard","meta":{"footnotes":"","_share_on_mastodon":"0"},"categories":[5],"tags":[20,21,24,25,15,19,22,23,17,18,13,30,28,29,14,16,26,27],"class_list":["post-345301","post","type-post","status-publish","format-standard","has-post-thumbnail","category-overskrifter","tag-breaking-news","tag-breakingnews","tag-featured-news","tag-featurednews","tag-headlines","tag-hovedoppslag","tag-latest-news","tag-latestnews","tag-main-news","tag-mainnews","tag-news","tag-no","tag-norge","tag-norway","tag-nyheter","tag-overskrifter","tag-top-stories","tag-topstories"],"share_on_mastodon":{"url":"https:\/\/pubeurope.com\/@no\/117220301075464910","error":""},"_links":{"self":[{"href":"https:\/\/www.europesays.com\/no\/wp-json\/wp\/v2\/posts\/345301","targetHints":{"allow":["GET"]}}],"collection":[{"href":"https:\/\/www.europesays.com\/no\/wp-json\/wp\/v2\/posts"}],"about":[{"href":"https:\/\/www.europesays.com\/no\/wp-json\/wp\/v2\/types\/post"}],"author":[{"embeddable":true,"href":"https:\/\/www.europesays.com\/no\/wp-json\/wp\/v2\/users\/2"}],"replies":[{"embeddable":true,"href":"https:\/\/www.europesays.com\/no\/wp-json\/wp\/v2\/comments?post=345301"}],"version-history":[{"count":0,"href":"https:\/\/www.europesays.com\/no\/wp-json\/wp\/v2\/posts\/345301\/revisions"}],"wp:featuredmedia":[{"embeddable":true,"href":"https:\/\/www.europesays.com\/no\/wp-json\/wp\/v2\/media\/345302"}],"wp:attachment":[{"href":"https:\/\/www.europesays.com\/no\/wp-json\/wp\/v2\/media?parent=345301"}],"wp:term":[{"taxonomy":"category","embeddable":true,"href":"https:\/\/www.europesays.com\/no\/wp-json\/wp\/v2\/categories?post=345301"},{"taxonomy":"post_tag","embeddable":true,"href":"https:\/\/www.europesays.com\/no\/wp-json\/wp\/v2\/tags?post=345301"}],"curies":[{"name":"wp","href":"https:\/\/api.w.org\/{rel}","templated":true}]}}