{"id":345305,"date":"2026-09-05T20:27:15","date_gmt":"2026-09-05T20:27:15","guid":{"rendered":"https:\/\/www.europesays.com\/no\/345305\/"},"modified":"2026-09-05T20:27:15","modified_gmt":"2026-09-05T20:27:15","slug":"usa-ekspert-en-storre-krig-i-europa-vil-nodvendigvis-tvinge-usa-pa-banen","status":"publish","type":"post","link":"https:\/\/www.europesays.com\/no\/345305\/","title":{"rendered":"USA-ekspert: \u2013 En st\u00f8rre krig i Europa vil n\u00f8dvendigvis tvinge USA p\u00e5 banen"},"content":{"rendered":"<p class=\"kicker t16 tm16 font-NotoSans\" style=\"\">Verden<\/p>\n<p class=\"subtitle font-NotoSans\" style=\"\">Mens USAs utsendinger til Moskva og Kyiv fors\u00f8ker \u00e5 f\u00e5 Putin og Zelenskyj til \u00e5 legge ned v\u00e5pnene, har Trump signalisert at Europa m\u00e5 kunne forsvare seg selv.<\/p>\n<p>\n        President Donald Trump g\u00e5r om bord i Air Force One, fredag 4. september 2026, p\u00e5 Joint Base Andrews, Maryland.<br \/>\n        Julia Demaree Nikhinson\/NTB\n    <\/p>\n<p>ABC Nyheter har spurt Hilmar Mjelde, professor i statsvitenskap ved H\u00f8gskulen p\u00e5 Vestlandet, om hvilken rolle USAs president egentlig spiller i den blodigste krigen i Europa siden 2. verdenskrig.<\/p>\n<p>\u2013 Hva h\u00e5per egentlig Trump \u00e5 oppn\u00e5 i Ukraina, og hvorfor er han ikke t\u00f8ffere med Putin?<\/p>\n<p>\u2013 To ting. For det f\u00f8rste s\u00e5 han den som en gyllen anledning til \u00e5 vinne Nobels fredspris. For det andre vil han bare ha den ut av verden, s\u00e5 han kan fokusere p\u00e5 andre ting, svarer Mjelde.<\/p>\n<p>\u2013 N\u00e5r USA trekker seg tilbake, \u00f8ker det sjansen for mer krig i verden<\/p>\n<p>\u2013 USA har tilsynelatende overlatt Ukraina i Europas hender. Hva risikerer Trump ved \u00e5 gj\u00f8re det?<\/p>\n<p>\u2013 Det som skjer i Europa, blir ikke i Europa. En st\u00f8rre krig i Europe vil n\u00f8dvendigvis tvinge USA p\u00e5 banen, inkludert med bakkestyrker, som er det siste Trump \u00f8nsker seg. N\u00e5r USA trekker seg tilbake, \u00f8ker det sjansen for mer krig i verden. N\u00e5r det er sagt, bruker Trump amerikansk makt internasjonalt p\u00e5 en delvis helt motsatt av m\u00e5te av sine forgjengere. Jeg sikter da til de imperialistiske fremst\u00f8tene hans mot Gr\u00f8nland og Venezuelas oljeressurser.<\/p>\n<p>                <img decoding=\"async\" src=\"https:\/\/www.europesays.com\/no\/wp-content\/uploads\/2026\/09\/1658133.webp\" width=\"480\" height=\"274\" alt=\"\" loading=\"lazy\" style=\"\"\/><\/p>\n<p>\n            Soldater fra Ukrainas tredje arm\u00e9korps holder en nattlig seremoni for \u00e5 hedre levningene til Yevhen Konovalets, en grunnlegger av Organisasjonen av ukrainske nasjonalister, som jobbet fra eksil for \u00e5 bygge st\u00f8tte til ukrainsk uavhengighet, og ble myrdet i Rotterdam i 1938 av en sovjetisk agent, etter at de sent ble repatriert fra Kyiv, Ukraina, Ukraina. 2026.<br \/>\n            Efrem Lukatsky\n        <\/p>\n<p>Ett av de store, ubesvarte sp\u00f8rsm\u00e5lene, er hvorfor Putin og Trump finner s\u00e5 godt sammen. Hva skyldes det egentlig, og er det noe verden ikke vet, men som burde v\u00e6rt kjent, er det mange som undrer seg over.<\/p>\n<p>\u2013 Ingen har klart \u00e5 gi noen egentlig forklaring p\u00e5 Trumps pussige beundring for Putin. Han ser seg selv, Putin og Xi som de store gutta i verden som naturlig finner sammen og har et godt forhold til hverandre. KGB-agenten Putin vet ogs\u00e5 hvordan han skal manipulere Trump, mener Hilmar Mjelde.<\/p>\n<p>\u2013 Han misliker Ukraina og Zelensky, som han ser som et \u00abshithole country\u00bb<\/p>\n<p>\u2013 Hvorfor har USA valgt en s\u00e5pass passiv rolle, sammenlignet med Bidens regjering?<\/p>\n<p>                <img decoding=\"async\" src=\"https:\/\/www.europesays.com\/no\/wp-content\/uploads\/2026\/09\/1475733.webp\" width=\"480\" height=\"274\" alt=\"\" loading=\"lazy\" style=\"\"\/><\/p>\n<p>\n            Hilmar Mjelde er professor og statsviter. Han regnes som en av Norges fremste USA-eksperter.<br \/>\n            H\u00f8gskulen p\u00e5 Vestlandet\n        <\/p>\n<p>\u2013 Trump ser Ukraina som Barack Obamas og Joe Bidens krig. Han vil helst ikke heftes med den. Han misliker ogs\u00e5 Ukraina og Zelensky, som han ser som et \u00abshithole country\u00bb, som han klandrer for at han ble stilt for riksrett i 2019.<\/p>\n<p>\u2013 Har Trump tilslutning til USAs Ukraina-politikk, eller er det stort sprik ogs\u00e5 innad i GOP?<\/p>\n<p>\u2013 Deler av partiet, spesielt i Senatet, ser fortsatt p\u00e5 Putin og Russland som en stor trussel, og \u00f8nsker \u00e5 hjelpe Ukraina. Men de kan ikke trosse Trump for \u00e5pent, og m\u00e5 pr\u00f8ve \u00e5 finne smarte m\u00e5ter \u00e5 videref\u00f8re Ukraina-st\u00f8tten p\u00e5, som ved \u00e5 f\u00e5 Europa til \u00e5 betale for den.<\/p>\n<p>\u2013 Han innser trolig at det kan bety tr\u00f8bbel for ham selv om Ukraina kollapser<\/p>\n<p>\u2013 Dersom Ukrainas overlevelse st\u00e5r p\u00e5 spill, vil Trump la det skje, eller er det en r\u00f8d linje?<\/p>\n<p>\u2013 Han bryr seg ikke om hva som skjer med Ukraina. Han vil bare ha en eller l\u00f8sning p\u00e5 den og s\u00e5 g\u00e5 videre. Han har meget begrenset evne til \u00e5 holde fokuset sitt p\u00e5 noen enkelt sak over tid, men det m\u00e5 understrekes at Ukraina fortsatt f\u00e5r kritisk viktig v\u00e5penst\u00f8tte og etterretning fra USA. Men det er mer p\u00e5 tross enn p\u00e5 grunn av Trump. Han innser trolig at det kan bety tr\u00f8bbel for ham selv om Ukraina kollapser, forklarer USA-eksperten. <\/p>\n<p>                <img decoding=\"async\" src=\"https:\/\/www.europesays.com\/no\/wp-content\/uploads\/2026\/09\/1658135.webp\" width=\"480\" height=\"274\" alt=\"\" loading=\"lazy\" style=\"\"\/><\/p>\n<p>\n            P\u00e5 dette bildet, laget fra en video levert av det russiske forsvarsdepartementets pressetjeneste torsdag 30. oktober 2025, forbereder russiske soldater et FPV-dronefly av typen \u00abMolniya-2\u00bb til \u00e5 fly mot en ukrainsk posisjon p\u00e5 et ikke oppgitt sted.<br \/>\n            AP \/ NTB\n        <\/p>\n<p>Han trekker spesielt fram Lindsey Graham som representerte South Carolina i USAs senat fra 2003 til sin d\u00f8d i 2026. Graham hadde bakgrunn som advokat og offiser i det amerikanske forsvaret.<\/p>\n<p>\u2013 Vi skal ikke undervurdere betydningen av rollen nylig avd\u00f8de Lindsey Graham spilte i \u00e5 p\u00e5virke Trump i retning av hjelp til Ukraina. Graham var en sterk st\u00f8ttespiller for Ukraina, understreker Hilmar Mjelde.\u00a0<\/p>\n","protected":false},"excerpt":{"rendered":"Verden Mens USAs utsendinger til Moskva og Kyiv fors\u00f8ker \u00e5 f\u00e5 Putin og Zelenskyj til \u00e5 legge ned&hellip;\n","protected":false},"author":2,"featured_media":345306,"comment_status":"","ping_status":"","sticky":false,"template":"","format":"standard","meta":{"footnotes":"","_share_on_mastodon":"0"},"categories":[12],"tags":[20,21,24,25,15,22,23,13,30,28,29,14,16,26,27,42,43,44,45],"class_list":["post-345305","post","type-post","status-publish","format-standard","has-post-thumbnail","category-verden","tag-breaking-news","tag-breakingnews","tag-featured-news","tag-featurednews","tag-headlines","tag-latest-news","tag-latestnews","tag-news","tag-no","tag-norge","tag-norway","tag-nyheter","tag-overskrifter","tag-top-stories","tag-topstories","tag-verden","tag-world","tag-world-news","tag-worldnews"],"share_on_mastodon":{"url":"https:\/\/pubeurope.com\/@no\/117220320939409984","error":""},"_links":{"self":[{"href":"https:\/\/www.europesays.com\/no\/wp-json\/wp\/v2\/posts\/345305","targetHints":{"allow":["GET"]}}],"collection":[{"href":"https:\/\/www.europesays.com\/no\/wp-json\/wp\/v2\/posts"}],"about":[{"href":"https:\/\/www.europesays.com\/no\/wp-json\/wp\/v2\/types\/post"}],"author":[{"embeddable":true,"href":"https:\/\/www.europesays.com\/no\/wp-json\/wp\/v2\/users\/2"}],"replies":[{"embeddable":true,"href":"https:\/\/www.europesays.com\/no\/wp-json\/wp\/v2\/comments?post=345305"}],"version-history":[{"count":0,"href":"https:\/\/www.europesays.com\/no\/wp-json\/wp\/v2\/posts\/345305\/revisions"}],"wp:featuredmedia":[{"embeddable":true,"href":"https:\/\/www.europesays.com\/no\/wp-json\/wp\/v2\/media\/345306"}],"wp:attachment":[{"href":"https:\/\/www.europesays.com\/no\/wp-json\/wp\/v2\/media?parent=345305"}],"wp:term":[{"taxonomy":"category","embeddable":true,"href":"https:\/\/www.europesays.com\/no\/wp-json\/wp\/v2\/categories?post=345305"},{"taxonomy":"post_tag","embeddable":true,"href":"https:\/\/www.europesays.com\/no\/wp-json\/wp\/v2\/tags?post=345305"}],"curies":[{"name":"wp","href":"https:\/\/api.w.org\/{rel}","templated":true}]}}