{"id":345307,"date":"2026-09-05T20:28:12","date_gmt":"2026-09-05T20:28:12","guid":{"rendered":"https:\/\/www.europesays.com\/no\/345307\/"},"modified":"2026-09-05T20:28:12","modified_gmt":"2026-09-05T20:28:12","slug":"na-loke-mot-havnaa-dagbladet-no","status":"publish","type":"post","link":"https:\/\/www.europesays.com\/no\/345307\/","title":{"rendered":"N\u00c5: L\u00f8ke mot Havnaa &#8211; dagbladet.no"},"content":{"rendered":"<ol>\n<li><a href=\"https:\/\/news.google.com\/rss\/articles\/CBMiakFVX3lxTE1waTBKMlVJZjRaN0VsSGF0a04zRkJzcm9FMmhMR2xtX1MwdS1qeDkzUmgtVzVvZ0VHVm5weVRwYU4yYVZNM2E0TWJsU21MX3JNM0dlSGpYYlpBYnB5T2RUWF9vQVlXdmRlUEE?oc=5\" target=\"_blank\" rel=\"nofollow noopener\">N\u00c5: L\u00f8ke mot Havnaa<\/a>&nbsp;&nbsp;dagbladet.no<\/li>\n<li><a href=\"https:\/\/news.google.com\/rss\/articles\/CBMingFBVV95cUxORHluRGpqTnpIaXpPUm15aGExcFBTM0tlYUlmUEp0UmhDT045MnppeW9EODZrbWFVYkl4cmtmb2VyMThvSkxMbjBlNy1zcWRlOW9LYUVEMGtmR1M4UWFSaWNSLXVEUXhyUnRrakd6d0lLQVhITzMzdWJIRmZSeFlSdGlNci13bWxaRGYyMnJ2QzA1STRDWlc1ckZlVHVGUQ?oc=5\" target=\"_blank\" rel=\"nofollow noopener\">Arendal eksploderer n\u00e5r Havnaa og L\u00f8ke entrer ringen<\/a>&nbsp;&nbsp;agderposten.no<\/li>\n<li><a href=\"https:\/\/news.google.com\/rss\/articles\/CBMilwFBVV95cUxNWEFRa1Q3VENtSVVDVlA5Qy1QMGdLTmRnZmVPZEdCYTgyWlhzMWFaWlZkeUJ0bnhuWGRoMGFBT0YzUmUwYVNRQTVmLVdPZ0JqMi1zbFpuVTZxTzZLR3Z5ZFE5aVMyOTI5dGRBN3hDZUZpX243Q0NqRTd1UDZtb09vTFRNenlZSEdXYnY3UGZMNVZTcGQtWVNj?oc=5\" target=\"_blank\" rel=\"nofollow noopener\">D\u00f8mmer Havnaa mot L\u00f8ke i kveld: \u2013\u2060 Har \u00e9n veldig viktig regel<\/a>&nbsp;&nbsp;VG<\/li>\n<li><a href=\"https:\/\/news.google.com\/rss\/articles\/CBMisgFBVV95cUxOWEFOZGVsWUlxM290VTZ0WU5HSHZ0bWFTUkkzdjJ4T3dLaGQ4a3hfR0VuSmFsR19oU1VoWFptT294a3lMZ2ZFdzZuUEo3VE56X3pLREg5UTNHVHQyOEJNcWNrQWJFS2IxQkZMZ0hYeUtCcFlRNTZDVWI3WUtCZTlJYU81Z3JsbmdXOGNrQzB5VTY2bUNxeXJSVUFXbk1mN2JSSFphWmFDVHplVXNaeWtsSi1n?oc=5\" target=\"_blank\" rel=\"nofollow noopener\">Proffbokser med oppsiktsvekkende beskjed: \u2013 L\u00f8ke kan faktisk vinne<\/a>&nbsp;&nbsp;Nettavisen<\/li>\n<li><a href=\"https:\/\/news.google.com\/rss\/articles\/CBMie0FVX3lxTE54akZYNzlScWtlOURIVXltazZYYlUtUkdZMlg3am0zdmFqeGtfcnpNVHNyRzNvS3VtQWhjeHdQWG5sWThsdHZEYmpXcWJtVkJSbXBVS3hQZ1U4ZjlwTGNxeFR5ZTlOeHBwVGo0Q2ZFUVc2cXNBTWh1U3NkYw?oc=5\" target=\"_blank\" rel=\"nofollow noopener\">(+) Disse profilene er klare for boksekamp<\/a>&nbsp;&nbsp;fvn.no<\/li>\n<\/ol>\n","protected":false},"excerpt":{"rendered":"N\u00c5: L\u00f8ke mot Havnaa&nbsp;&nbsp;dagbladet.no Arendal eksploderer n\u00e5r Havnaa og L\u00f8ke entrer ringen&nbsp;&nbsp;agderposten.no D\u00f8mmer Havnaa mot L\u00f8ke i kveld:&hellip;\n","protected":false},"author":2,"featured_media":345308,"comment_status":"","ping_status":"","sticky":false,"template":"","format":"standard","meta":{"footnotes":"","_share_on_mastodon":"0"},"categories":[10],"tags":[1563,20,21,24,25,1561,15,6828,22,23,13,30,28,29,14,16,83,26,27],"class_list":["post-345307","post","type-post","status-publish","format-standard","has-post-thumbnail","category-norge","tag-boksing","tag-breaking-news","tag-breakingnews","tag-featured-news","tag-featurednews","tag-frank-loke","tag-headlines","tag-kai-robin-havnaa","tag-latest-news","tag-latestnews","tag-news","tag-no","tag-norge","tag-norway","tag-nyheter","tag-overskrifter","tag-sport","tag-top-stories","tag-topstories"],"share_on_mastodon":{"url":"https:\/\/pubeurope.com\/@no\/117220324525188814","error":""},"_links":{"self":[{"href":"https:\/\/www.europesays.com\/no\/wp-json\/wp\/v2\/posts\/345307","targetHints":{"allow":["GET"]}}],"collection":[{"href":"https:\/\/www.europesays.com\/no\/wp-json\/wp\/v2\/posts"}],"about":[{"href":"https:\/\/www.europesays.com\/no\/wp-json\/wp\/v2\/types\/post"}],"author":[{"embeddable":true,"href":"https:\/\/www.europesays.com\/no\/wp-json\/wp\/v2\/users\/2"}],"replies":[{"embeddable":true,"href":"https:\/\/www.europesays.com\/no\/wp-json\/wp\/v2\/comments?post=345307"}],"version-history":[{"count":0,"href":"https:\/\/www.europesays.com\/no\/wp-json\/wp\/v2\/posts\/345307\/revisions"}],"wp:featuredmedia":[{"embeddable":true,"href":"https:\/\/www.europesays.com\/no\/wp-json\/wp\/v2\/media\/345308"}],"wp:attachment":[{"href":"https:\/\/www.europesays.com\/no\/wp-json\/wp\/v2\/media?parent=345307"}],"wp:term":[{"taxonomy":"category","embeddable":true,"href":"https:\/\/www.europesays.com\/no\/wp-json\/wp\/v2\/categories?post=345307"},{"taxonomy":"post_tag","embeddable":true,"href":"https:\/\/www.europesays.com\/no\/wp-json\/wp\/v2\/tags?post=345307"}],"curies":[{"name":"wp","href":"https:\/\/api.w.org\/{rel}","templated":true}]}}