{"id":34531,"date":"2025-09-13T18:11:17","date_gmt":"2025-09-13T18:11:17","guid":{"rendered":"https:\/\/www.europesays.com\/no\/34531\/"},"modified":"2025-09-13T18:11:17","modified_gmt":"2025-09-13T18:11:17","slug":"programleder-anne-lindmo-forteller-at-hun-hadde-lite-erfaring-fra-fredagstaco-i-forkant-av-kokkeskolen","status":"publish","type":"post","link":"https:\/\/www.europesays.com\/no\/34531\/","title":{"rendered":"Programleder Anne Lindmo forteller at hun hadde lite erfaring fra fredagstaco i forkant av Kokkeskolen."},"content":{"rendered":"<p class=\"kicker \" style=\"\">\u00abKokkeskolen\u00bb<\/p>\n<p>  Oppveksten p\u00e5 presteg\u00e5rd har l\u00e6rt Anne Lindmo ett og annet om \u00e5 ta vare p\u00e5 mat.\u00a0<\/p>\n<p>\n    \u00abKOKKESKOLEN\u00bb.Fredagstacoen var ukjent territorium for programleder og podkastvert Anne Lindmo f\u00f8r hun ble med p\u00e5 TV 2s reality-program \u00abKokkeskolen\u00bb. Foto: Astrid Waller\n  <\/p>\n<p>I l\u00f8rdagens episode av \u00abKokkeskolen\u00bb f\u00e5r programleder Anne Lindmo og laget hennes, med Thomas Numme og\u00a0Wanda Mashadi skryt for sin innsats p\u00e5 kj\u00f8kkenet.\u00a0<\/p>\n<p>Oppgaven var \u00e5 lage tre forskjellige tacos, og Lindmo hadde som oppgave \u00e5 bake lefsene og steke fisken. Anne er fra f\u00f8r av kjent for \u00e5 v\u00e6re en driftig dame som f\u00e5r til det meste.<\/p>\n<p>    <a itemprop=\"url\" href=\"https:\/\/www.kk.no\/samliv\/jeg-har-mott-par-som-har-blitt-skuffet-etter-a-ha-vaert-her-fordi-vi-ikke-ba-dem-holde-sammen\/83521220\" rel=\"nofollow noopener\" target=\"_blank\"><\/p>\n<p>      <img loading=\"lazy\" decoding=\"async\" src=\"https:\/\/www.europesays.com\/no\/wp-content\/uploads\/2025\/09\/83552432.webp\" width=\"980\" height=\"441\" title=\"- Jeg har m\u00f8tt par som har blitt skuffet etter \u00e5 ha v\u00e6rt her, fordi vi ikke ba dem holde sammen\" alt=\"\" class=\"lazyload\" style=\"--aspect-ratio-image: 2.22; \"\/><\/p>\n<p>        &#8211; Jeg har m\u00f8tt par som har blitt skuffet etter \u00e5 ha v\u00e6rt her, fordi vi ikke ba dem holde sammen<\/p>\n<p>    <\/a><\/p>\n<p>Ukjent territorium\t<\/p>\n<p>Men hvordan er det n\u00e5 p\u00e5 hjemmebane? Hun har tidligere fortalt om hvordan det var \u00e5 lage (kanskje) <a href=\"https:\/\/www.kk.no\/underholdning\/er-det-den-siste-matpakka-jeg-lager-til-han\/82495551\" rel=\"nofollow noopener\" target=\"_blank\">den siste matpakken til yngstes\u00f8nnen f\u00f8r han skulle ut p\u00e5 backpacking<\/a>. N\u00e5r man har to s\u00f8nner s\u00e5 har det jo blitt noen timer p\u00e5 kj\u00f8kkenet. Kan det hende\u00a0 Anne hadde med seg en fordel fra alle tacofredagene opp gjennom?\u00a0<\/p>\n<p>&#8211; V\u00e5r familie har faktisk aldri hatt noe tradisjon med den<br \/>\nurnorske fredagstacoen, s\u00e5 for meg er litt ukjent territorium, merkelig nok, sier hun til KK.\u00a0<\/p>\n<p>    <a itemprop=\"url\" href=\"https:\/\/www.kk.no\/underholdning\/im-too-sexy\/83575791\" rel=\"nofollow noopener\" target=\"_blank\"><\/p>\n<p>      <img loading=\"lazy\" decoding=\"async\" src=\"https:\/\/www.europesays.com\/no\/wp-content\/uploads\/2025\/09\/83306255.webp\" width=\"980\" height=\"441\" title=\"I'm too sexy\" alt=\"\" class=\"lazyload\" style=\"--aspect-ratio-image: 2.22; \"\/><\/p>\n<p>        I&#8217;m too sexy<\/p>\n<p>    <\/a><\/p>\n<p>          <img loading=\"lazy\" decoding=\"async\" src=\"https:\/\/www.europesays.com\/no\/wp-content\/uploads\/2025\/09\/83585495.webp\" width=\"686\" height=\"618\" title=\"P\u00e5 \u00abKokkeskolen\u00bb er Anne Lindmo del av lag Gaffel sammen med blant annet Thomas Numme. Foto: TV 2\" alt=\"\" class=\"\" style=\"--aspect-ratio-image: 1.11; \"\/><\/p>\n<p>\n          P\u00e5 \u00abKokkeskolen\u00bb er Anne Lindmo del av lag Gaffel sammen med blant annet Thomas Numme. Foto: TV 2\n      <\/p>\n<p>Jobbet ofte kveld\t<\/p>\n<p>Hun forteller at hun ofte jobbet p\u00e5 fredagskveldene n\u00e5r barna var s\u00e5 og at det derfor var guttekveld hjemme hos dem. Da lagde Hasse og s\u00f8nnene deres enorme mengder med solid maskulin pizza med tjukt lagav ost, chorizo og ananas.\u00a0<\/p>\n<p>Hva har v\u00e6rt deres helgemat-tradisjoner opp igjennom?\u00a0<\/p>\n<p>&#8211; Jeg m\u00e5 vel si at de tydeligste mat-tradisjonene hos oss er utemat, vi har v\u00e6rt mye i<br \/>\nmarka og har fintunet retter som kan lages p\u00e5 primus og b\u00e5l, sier hun og forteller om mannens ute-kokke-triks:\u00a0<\/p>\n<p>&#8211; Hasse har ofte<br \/>\nimponert med \u00e5 drasse med seg gryte og matolje i sekken og lage friterte<br \/>\nl\u00f8kringer som topping p\u00e5 grillp\u00f8lsa. Det var en sikker vinner.\u00a0 \u00a0<\/p>\n<p>Ja, det \u00e5 v\u00e6re ute p\u00e5 tur har alltid v\u00e6rt en av Annes st\u00f8rste lidenskaper og i 2023 ga ut ut boken Min tur som er en slags biografi gjennom turer i fjellheimen.<a href=\"https:\/\/www.kk.no\/livet\/da-det-plutselig-gikk-opp-for-meg-grat-jeg-i-strie-strommer\/80154641\" rel=\"nofollow noopener\" target=\"_blank\"> KK har tidligere intervjuet den popul\u00e6re programlederen sammen med hennes mor, Inger<\/a>, som ogs\u00e5 alltid har v\u00e6rt turglad.\u00a0<\/p>\n<p>    <a itemprop=\"url\" href=\"https:\/\/www.kk.no\/underholdning\/jeg-ble-et-monster-hjemme\/83542286\" rel=\"nofollow noopener\" target=\"_blank\"><\/p>\n<p>      <img loading=\"lazy\" decoding=\"async\" src=\"https:\/\/www.europesays.com\/no\/wp-content\/uploads\/2025\/09\/1757787072_257_83546340.webp\" width=\"980\" height=\"441\" title=\"- Jeg ble et monster hjemme\" alt=\"\" class=\"lazyload\" style=\"--aspect-ratio-image: 2.22; \"\/><\/p>\n<p>        &#8211; Jeg ble et monster hjemme<\/p>\n<p>    <\/a><\/p>\n<p>          <img loading=\"lazy\" decoding=\"async\" src=\"https:\/\/www.europesays.com\/no\/wp-content\/uploads\/2025\/09\/83585462.webp\" width=\"686\" height=\"549\" title=\"Anne Lindmo sammen med sin kj\u00e6re mamma Inger i 2024. Foto: Astrid Waller\" alt=\"\" class=\"\" style=\"--aspect-ratio-image: 1.25; \"\/><\/p>\n<p>\n          Anne Lindmo sammen med sin kj\u00e6re mamma Inger i 2024. Foto: Astrid Waller\n      <\/p>\n<p>Stram \u00f8konomi\t<\/p>\n<p>Kj\u00e6rligheten for friluftslivet er imidlertid ikke alt mor og datter har til felles. Gleden for \u00e5 lage mat kommer nok i h\u00f8y grad fra moren.\u00a0<\/p>\n<p>&#8211; Jeg har lagd utrolig mye mat sammen med mora mi. Vi bodde<br \/>\np\u00e5 presteg\u00e5rd og hadde stram \u00f8konomi, s\u00e5 vi m\u00e5tte drive mye innh\u00f8sting, matauk,<br \/>\nsylting og safting, sier hun og forteller om en hendelse fra barndommen som gjorde et uutslettelig inntrykk p\u00e5 henne:\u00a0<\/p>\n<p class=\"font-weight-bold m-font-weight-bold\" data-lab-font_weight=\"font-weight-bold\">&#8211; Det var den dagen<br \/>\nvi hadde bestilt en halv gris &#8211; og den ble dratt inn p\u00e5 kj\u00f8kkenbordet. Den l\u00e5<br \/>\nder med med kr\u00f8llhale, buken, kjeften og hjernen eksponert. Det ble mye l\u00e6ring<br \/>\nom anatomi og mat, litt skremmende for en sju\u00e5ring, men veldig veldig morsomt<br \/>\nogs\u00e5.\u00a0<\/p>\n<p>Det er langt fra Toten og stram \u00f8konomi til kjendis-kokkeskole, men noe sier oss at hun har tatt med mye av kunnskapen fra mat og natur inn i denne opplevelsen.\u00a0 \u00a0<\/p>\n<p>    <a itemprop=\"url\" href=\"https:\/\/www.kk.no\/underholdning\/tror-han-hadde-vaert-stolt-av-meg\/83542080\" rel=\"nofollow noopener\" target=\"_blank\"><\/p>\n<p>      <img loading=\"lazy\" decoding=\"async\" src=\"https:\/\/www.europesays.com\/no\/wp-content\/uploads\/2025\/09\/1757787073_793_83542879.webp\" width=\"980\" height=\"441\" title=\"- Tror han hadde v\u00e6rt stolt av meg\" alt=\"\" class=\"lazyload\" style=\"--aspect-ratio-image: 2.22; \"\/><\/p>\n<p>        &#8211; Tror han hadde v\u00e6rt stolt av meg<\/p>\n<p>    <\/a><\/p>\n<p>          <img loading=\"lazy\" decoding=\"async\" src=\"https:\/\/www.europesays.com\/no\/wp-content\/uploads\/2025\/09\/83585453.webp\" width=\"686\" height=\"632\" title=\"Anne Lindmo og Cecilie Skog er b\u00e5de venninner og konkurrenter i Kokkeskolen. Her er de sammen under KK-gallaen i 2024. Foto: NTB\" alt=\"\" class=\"\" style=\"--aspect-ratio-image: 1.09; \"\/><\/p>\n<p>\n          Anne Lindmo og Cecilie Skog er b\u00e5de venninner og konkurrenter i Kokkeskolen. Her er de sammen under KK-gallaen i 2024. Foto: NTB\n      <\/p>\n<p>&#8211; Det var fantastisk morsomt og koselig \u00e5 v\u00e6re med p\u00e5<br \/>\n\u00abKokkeskolen\u00bb, og s\u00e5 var det en smule stress innimellom. Jeg hadde ekstremt<br \/>\nvarierende resultater avhengig av dagsform, sier hun og legger til:\u00a0<\/p>\n<p>&#8211; Noen dager holdt jeg pulsen lav og<br \/>\nbare storkoste meg med eksamen, andre dager ble det fullt kaos, damp i barten<br \/>\nog bare tull. N\u00e5r sekundene tikker, sausen fosskoker og Eyvind Hellstr\u00f8m<br \/>\nspankulerer rundt og kikker deg over skulderen, da er det ikke bare lett \u00e5<br \/>\nholde roen! <\/p>\n<p> \u00abKokkeskolen\u00bb vises l\u00f8rdager og s\u00f8ndager p\u00e5 TV 2 Play og TV 2 Direkte. <\/p>\n<p>            <img loading=\"lazy\" decoding=\"async\" src=\"https:\/\/www.europesays.com\/no\/wp-content\/uploads\/2025\/09\/1757787074_459_83522845.webp\" width=\"206\" height=\"176\" title=\"Har du et tips?\" alt=\"\" class=\"\" style=\"--aspect-ratio-image: 1.17; \"\/><\/p>\n<p>        Har du et tips?<\/p>\n<p class=\"subtitle\">Hei, jeg heter Beth-Kajsa Elveos og er journalist i KK. Har du et tips, en historie du vil fortelle eller et felt du mener vi b\u00f8r skrive om?<\/p>\n<p>    <a itemprop=\"url\" href=\"https:\/\/www.kk.no\/samliv\/anines-samboer-traff-en-annen-begynte-med-disse-sma-endringene\/83575892\" rel=\"nofollow noopener\" target=\"_blank\"><\/p>\n<p>      <img loading=\"lazy\" decoding=\"async\" src=\"https:\/\/www.europesays.com\/no\/wp-content\/uploads\/2025\/09\/1757787075_397_83580973.webp\" width=\"980\" height=\"441\" title=\"Anines samboer traff en annen: - Begynte med disse sm\u00e5 endringene\" alt=\"\" class=\"lazyload\" style=\"--aspect-ratio-image: 2.22; \"\/><\/p>\n<p>        Anines samboer traff en annen: &#8211; Begynte med disse sm\u00e5 endringene<\/p>\n<p>    <\/a><\/p>\n<p>    <a itemprop=\"url\" href=\"https:\/\/www.kk.no\/underholdning\/jeg-matte-gjore-alt-jeg-kunne-for-a-ikke-tenke-pa-han\/83543383\" rel=\"nofollow noopener\" target=\"_blank\"><\/p>\n<p>      <img loading=\"lazy\" decoding=\"async\" src=\"https:\/\/www.europesays.com\/no\/wp-content\/uploads\/2025\/09\/1757787076_544_83543433.webp\" width=\"980\" height=\"441\" title=\"- I forkant var jeg redd for dette\" alt=\"\" class=\"lazyload\" style=\"--aspect-ratio-image: 2.22; \"\/><\/p>\n<p>        &#8211; I forkant var jeg redd for dette<\/p>\n<p>    <\/a><\/p>\n<p>    <a itemprop=\"url\" href=\"https:\/\/www.kk.no\/underholdning\/nar-barna-horer-pling-fra-mikroen-skjonner-de-at-det-er-mat\/83543083\" rel=\"nofollow noopener\" target=\"_blank\"><\/p>\n<p>      <img loading=\"lazy\" decoding=\"async\" src=\"https:\/\/www.europesays.com\/no\/wp-content\/uploads\/2025\/09\/1757787077_951_83546360.webp\" width=\"980\" height=\"441\" title=\"- N\u00e5r barna h\u00f8rer \u00abpling\u00bb fra mikroen, skj\u00f8nner de at det er mat\" alt=\"\" class=\"lazyload\" style=\"--aspect-ratio-image: 2.22; \"\/><\/p>\n<p>        &#8211; N\u00e5r barna h\u00f8rer \u00abpling\u00bb fra mikroen, skj\u00f8nner de at det er mat<\/p>\n<p>    <\/a><\/p>\n","protected":false},"excerpt":{"rendered":"\u00abKokkeskolen\u00bb Oppveksten p\u00e5 presteg\u00e5rd har l\u00e6rt Anne Lindmo ett og annet om \u00e5 ta vare p\u00e5 mat.\u00a0 \u00abKOKKESKOLEN\u00bb.Fredagstacoen&hellip;\n","protected":false},"author":2,"featured_media":34532,"comment_status":"","ping_status":"","sticky":false,"template":"","format":"standard","meta":{"footnotes":""},"categories":[5],"tags":[5538,20,21,4528,24,25,15,19,3999,22,23,17,18,737,4001,13,30,28,29,14,16,5539,26,27,2431,72],"class_list":{"0":"post-34531","1":"post","2":"type-post","3":"status-publish","4":"format-standard","5":"has-post-thumbnail","7":"category-overskrifter","8":"tag-anne-lindmo","9":"tag-breaking-news","10":"tag-breakingnews","11":"tag-eyvind-hellstrom","12":"tag-featured-news","13":"tag-featurednews","14":"tag-headlines","15":"tag-hovedoppslag","16":"tag-kokkeskolen","17":"tag-latest-news","18":"tag-latestnews","19":"tag-main-news","20":"tag-mainnews","21":"tag-mat","22":"tag-matlaging","23":"tag-news","24":"tag-no","25":"tag-norge","26":"tag-norway","27":"tag-nyheter","28":"tag-overskrifter","29":"tag-taco","30":"tag-top-stories","31":"tag-topstories","32":"tag-truls-svendsen","33":"tag-underholdning"},"share_on_mastodon":{"url":"","error":""},"_links":{"self":[{"href":"https:\/\/www.europesays.com\/no\/wp-json\/wp\/v2\/posts\/34531","targetHints":{"allow":["GET"]}}],"collection":[{"href":"https:\/\/www.europesays.com\/no\/wp-json\/wp\/v2\/posts"}],"about":[{"href":"https:\/\/www.europesays.com\/no\/wp-json\/wp\/v2\/types\/post"}],"author":[{"embeddable":true,"href":"https:\/\/www.europesays.com\/no\/wp-json\/wp\/v2\/users\/2"}],"replies":[{"embeddable":true,"href":"https:\/\/www.europesays.com\/no\/wp-json\/wp\/v2\/comments?post=34531"}],"version-history":[{"count":0,"href":"https:\/\/www.europesays.com\/no\/wp-json\/wp\/v2\/posts\/34531\/revisions"}],"wp:featuredmedia":[{"embeddable":true,"href":"https:\/\/www.europesays.com\/no\/wp-json\/wp\/v2\/media\/34532"}],"wp:attachment":[{"href":"https:\/\/www.europesays.com\/no\/wp-json\/wp\/v2\/media?parent=34531"}],"wp:term":[{"taxonomy":"category","embeddable":true,"href":"https:\/\/www.europesays.com\/no\/wp-json\/wp\/v2\/categories?post=34531"},{"taxonomy":"post_tag","embeddable":true,"href":"https:\/\/www.europesays.com\/no\/wp-json\/wp\/v2\/tags?post=34531"}],"curies":[{"name":"wp","href":"https:\/\/api.w.org\/{rel}","templated":true}]}}