{"id":345311,"date":"2026-09-05T20:34:21","date_gmt":"2026-09-05T20:34:21","guid":{"rendered":"https:\/\/www.europesays.com\/no\/345311\/"},"modified":"2026-09-05T20:34:21","modified_gmt":"2026-09-05T20:34:21","slug":"vi-onsker-ham-ikke-her","status":"publish","type":"post","link":"https:\/\/www.europesays.com\/no\/345311\/","title":{"rendered":"&#8211; Vi \u00f8nsker ham ikke her"},"content":{"rendered":"<p>Donald Trump \u00f8nsker \u00e5 involvere seg kraftig i republikanernes mellomvalg.\u00a0<\/p>\n<p>Det er ikke n\u00f8dvendigvis alle de republikanske politikerne s\u00e5 forn\u00f8yde med.<\/p>\n<p>Nylig avsl\u00f8rte Trump noen av planene sine for mellomvalget, noe som inneb\u00e6rer et politisk fyrverkeri komplett med TV-kameraer, partitopper, stordonorer og kandidater p\u00e5 rekke og rad.<\/p>\n<p>Likevel innr\u00f8mmer flere republikanske politikere overfor avisa\u00a0<a href=\"https:\/\/www.politico.com\/news\/2026\/09\/04\/trump-republicans-struggle-midterms-01064541\" rel=\"nofollow noopener\" target=\"_blank\">Politico<\/a>\u00a0at stemninga i partiet er alt annet enn feststemt &#8211; og beskriver situasjonen \u00abukomfortabel\u00bb:<\/p>\n<p>Flere av kildene peker p\u00e5 at dersom de st\u00f8tter Trump, risikerer de \u00e5 g\u00e5 p\u00e5 en blemme ettersom president fortsetter \u00e5 synke p\u00e5 meningsm\u00e5lingene.\u00a0<\/p>\n<p>Dersom de g\u00e5r imot presidenten, kan de f\u00e5\u00a0MAGA-gjengen &#8211; eller i verste fall Trump selv &#8211; mot seg selv, skriver Politico.<\/p>\n<p>    <a itemprop=\"url\" href=\"https:\/\/www.dagbladet.no\/nyheter\/rykter-i-usa-aner-ikke-hva-de-snakker-om\/85113609\" rel=\"nofollow noopener\" target=\"_blank\"><\/p>\n<p>        <img loading=\"lazy\" decoding=\"async\" src=\"https:\/\/www.europesays.com\/no\/wp-content\/uploads\/2026\/09\/85113623.webp\" width=\"147\" height=\"98\" alt=\"\" class=\"lazyload\" style=\"--aspect-ratio-image: 1.50; \"\/><\/p>\n<p>        Rykter i USA: &#8211; Aner ikke hva de snakker om<\/p>\n<p>    <\/a><\/p>\n<p>&#8211; Har sagt han ikke kan komme\t<\/p>\n<p>Forel\u00f8pig har de ikke bestemt seg for en felles tiln\u00e6rming, if\u00f8lge intervjuer med mer enn to dusin lovgivere, kandidater og operative.\u00a0<\/p>\n<p>For det meste \u00f8nsker ingen \u00e5 snakke om temaet.<\/p>\n<p>Da Rob Wittman i det republikanske partiet ble spurt om han \u00f8nsket at Trump skulle gjennomf\u00f8re kampanjen sin i vippestaten Virginia, ga han et indirekte svar tilbake.<\/p>\n<p>        <img loading=\"lazy\" decoding=\"async\" src=\"https:\/\/www.europesays.com\/no\/wp-content\/uploads\/2026\/09\/85114257.webp\" width=\"688\" height=\"393\" alt=\"\" class=\"\" style=\"--aspect-ratio-image: 1.75; \"\/><\/p>\n<p>\n        INDIREKTE: Rob Wittman unngikk \u00e5 svare p\u00e5 om han \u00f8nsket seg Trump til Virginia eller ikke. Foto: AP Photo\/Alex Brandon, NTB\n    <\/p>\n<p>&#8211; Jeg er veldig forn\u00f8yd med kampanjen og det han gj\u00f8r, og har selvtillit etter samtaler med velgerne. Vi er laserfokusert p\u00e5 \u00e5 snakke med velgerne om problemer som er viktige for dem, sa Wittman.<\/p>\n<p>Andre skal ha sagt til Trumps politiske team at de ikke vil at han skal bes\u00f8ke distriktene deres i forbindelse med valget i november, if\u00f8lge fire republikanske kandidater som Politico har snakket med.<\/p>\n<p>    <a itemprop=\"url\" href=\"https:\/\/www.dagbladet.no\/nyheter\/sann-ser-verden-egentlig-ut\/85113070\" rel=\"nofollow noopener\" target=\"_blank\"><\/p>\n<p>        <img loading=\"lazy\" decoding=\"async\" src=\"https:\/\/www.europesays.com\/no\/wp-content\/uploads\/2026\/09\/85113258.webp\" width=\"180\" height=\"81\" alt=\"\" class=\"lazyload\" style=\"--aspect-ratio-image: 2.22; \"\/><\/p>\n<p>        S\u00e5nn ser verden egentlig ut<\/p>\n<p>    <\/a><\/p>\n<p>Noen skal ha g\u00e5tt s\u00e5 langt som \u00e5 anbefale kandidater \u00e5 unng\u00e5 og snakke om presidenten i det hele tatt, if\u00f8lge tre kilder.<\/p>\n<p>&#8211; Vi har sagt at han ikke kan komme, sa en ledende republikansk politiker fra et distrikt hvor Trump vant med tosifrede tall i 2024, if\u00f8lge Politico.<\/p>\n<p>&#8211; Han vil ikke v\u00e6re til hjelp, og jeg tror ikke de vil sende han dersom vi ikke \u00f8nsker ham her, fortsetter han.<\/p>\n<p>Avsl\u00f8rte planer\t<\/p>\n<p>Trump skal p\u00e5 sin side v\u00e6re interessert i \u00e5 ta del i s\u00e5 mye som mulig de siste 30 dagene f\u00f8r mellomvalget, noe han fortalte under en middag i\u00a0\u00abRose Garden\u00bb i Det Hvite hus.<\/p>\n<p>Mange republikanere er ogs\u00e5 spente p\u00e5 hvordan han vil ta i bruk den massive krigskisten som er tilgjengelig, i et fors\u00f8k p\u00e5 \u00e5 beholde flertallene sine i kongressen.<\/p>\n<p>    <a itemprop=\"url\" href=\"https:\/\/www.dagbladet.no\/nyheter\/lekket-kallenavn-haner-forsvarsministeren\/85111840\" rel=\"nofollow noopener\" target=\"_blank\"><\/p>\n<p>        <img loading=\"lazy\" decoding=\"async\" src=\"https:\/\/www.europesays.com\/no\/wp-content\/uploads\/2026\/09\/85111904.webp\" width=\"147\" height=\"98\" alt=\"\" class=\"lazyload\" style=\"--aspect-ratio-image: 1.50; \"\/><\/p>\n<p>        Lekket kallenavn: H\u00e5ner forsvarsministeren<\/p>\n<p>    <\/a><\/p>\n<p>Andre skal ha i baktankene at de risikerer \u00e5 ende opp med \u00e5 gj\u00f8re presidenten forbanna dersom de ikke viser st\u00f8tte, noe han historisk sett har vist seg \u00e5 bli p\u00e5 medlemmer av eget parti som har brutt med Trump, skriver avisa.<\/p>\n<p class=\"font-weight-bold m-font-weight-bold\" data-lab-font_weight=\"font-weight-bold\">&#8211; Noen av r\u00e5dene som har kommet, er at du er kj\u00f8rt hvis du nevner Trump for mye, og at du ogs\u00e5 er kj\u00f8rt dersom du ikke holder tonen god mellom deg og han, sier en annen republikansk politiker.\u00a0<\/p>\n<p>Det finnes ogs\u00e5 de som fortsatt st\u00e5r st\u00f8tt bak presidenten, noe blant annet politikeren Rob Bresnahan uttrykte tydelig.<\/p>\n<p>        <img loading=\"lazy\" decoding=\"async\" src=\"https:\/\/www.europesays.com\/no\/wp-content\/uploads\/2026\/09\/85114259.webp\" width=\"688\" height=\"393\" alt=\"\" class=\"\" style=\"--aspect-ratio-image: 1.75; \"\/><\/p>\n<p>\n        ST\u00d8TTER TRUMP: Rob Bresnahan forsvarer sitt sete i Pennsylvania, og sier at han gjerne kunne tenkt seg \u00e5 f\u00e5 Trump p\u00e5 bes\u00f8k. FOTO: AP Photo\/Matt Rourke, NTB\n    <\/p>\n<p>&#8211; Jeg kunne definitivt tenkt meg \u00e5 f\u00e5 Trump hit. Vi er alltid interesserte i\u00a0 \u00e5 jobbe med administrasjonen for \u00e5 n\u00e5 m\u00e5lene vi har for folk i nord\u00f8stlige Pennsylvania, sa han.<\/p>\n<p>Flere dropper \u00e5 delta\t<\/p>\n<p><a href=\"https:\/\/www.politico.com\/news\/2026\/09\/02\/gop-midterm-convention-attendance-01061286\" target=\"_blank\" rel=\"nofollow noopener\">Politico<\/a>\u00a0har gjort en kartlegging blant mer enn 70 republikanske kandidater og folkevalgte i forkant av neste ukes republikanske konvent i Dallas.<\/p>\n<p>    <a itemprop=\"url\" href=\"https:\/\/www.dagbladet.no\/nyheter\/eksperter-advarer-kan-spore-av\/85112061\" rel=\"nofollow noopener\" target=\"_blank\"><\/p>\n<p>        <img loading=\"lazy\" decoding=\"async\" src=\"https:\/\/www.europesays.com\/no\/wp-content\/uploads\/2026\/09\/85112416.webp\" width=\"180\" height=\"81\" alt=\"\" class=\"lazyload\" style=\"--aspect-ratio-image: 2.22; \"\/><\/p>\n<p>        Eksperter advarer: &#8211; Kan spore av<\/p>\n<p>    <\/a><\/p>\n<p>Den viser at de fleste enten ikke planlegger \u00e5 delta, eller fortsatt vurderer om de skal dra. Flere titalls andre vil ikke si hva de har tenkt \u00e5 gj\u00f8re.<\/p>\n<p>Flere reagerer ogs\u00e5 p\u00e5 prislappen.<\/p>\n<p>Partiapparatet ber folkevalgte som vil delta om \u00e5 bla opp minst 25 000 dollar. Det tilsvarer over 232 000 norske kroner.<\/p>\n<p>En av de som ikke \u00f8nsker \u00e5 stille, er politiker Tom Barrett.<\/p>\n<p class=\"no_italic m-no_italic font-weight-bold m-font-weight-bold\" data-lab-italic=\"\" data-lab-font_weight=\"font-weight-bold\">&#8211; Jeg kan ikke bestemme hva presidenten kommer til \u00e5 si, men jeg kan bestemme hvor jeg skal v\u00e6re, sa Barrett.<\/p>\n<p>        <img loading=\"lazy\" decoding=\"async\" src=\"https:\/\/www.europesays.com\/no\/wp-content\/uploads\/2026\/09\/85114266.webp\" width=\"688\" height=\"393\" alt=\"\" class=\"\" style=\"--aspect-ratio-image: 1.75; \"\/><\/p>\n<p>\n        NEI TAKK: Tom Barrett \u00f8nsker ikke \u00e5 delta p\u00e5 den republikanske konventen i Dallas neste uke. Foto: Finn Gomez \/ GETTY IMAGES NORTH AMERICA \/ Getty Images via AFP, NTB\n    <\/p>\n<p>Likevel deltok Michigan-republikaneren p\u00e5 en middag med Trump i Det hvite hus, der presidenten hyllet han sammen med andre republikanske representanter fra viktige delstater.<\/p>\n<p>Den republikanske nasjonalkomiteen advarer ogs\u00e5 republikanere mot \u00e5 ta avstand fra presidenten.<\/p>\n<p>&#8211; Man risikerer at 15 til 20 prosent av n\u00f8kkelvelgerne ikke stemmer fordi de ikke f\u00f8ler at de st\u00f8tter presidentens politikk, sier komitteen.<\/p>\n<p>    <a itemprop=\"url\" href=\"https:\/\/www.dagbladet.no\/nyheter\/opptatt-under-gravferden\/85112877\" rel=\"nofollow noopener\" target=\"_blank\"><\/p>\n<p>        <img loading=\"lazy\" decoding=\"async\" src=\"https:\/\/www.europesays.com\/no\/wp-content\/uploads\/2026\/09\/85106724.webp\" width=\"147\" height=\"98\" alt=\"\" class=\"lazyload\" style=\"--aspect-ratio-image: 1.50; \"\/><\/p>\n<p>        Opptatt under gravferden<\/p>\n<p>    <\/a><\/p>\n<p>&#8211; Gj\u00f8r MAGA-elskerne irriterte\t<\/p>\n<p>NRCC-leder Richard Hudson ble spurt i et intervju om noen av medlemmene hans privat hadde sagt at de ikke ville at Trump skulle gjennomf\u00f8re kampanjen i distriktene deres, men nedtonet disse bekymringene.<\/p>\n<p>        <img loading=\"lazy\" decoding=\"async\" src=\"https:\/\/www.europesays.com\/no\/wp-content\/uploads\/2026\/09\/85114270.webp\" width=\"688\" height=\"393\" alt=\"\" class=\"\" style=\"--aspect-ratio-image: 1.75; \"\/><\/p>\n<p>\n        JA TAKK: Richard Hudson, leder for republikanernes politiske komit\u00e9, sier han har oppmuntret Trump til \u00e5 gjennomf\u00f8re b\u00e5de arrangementer og rallyer. Foto: CHIP SOMODEVILLA \/ GETTY IMAGES NORTH AMERICA \/ Getty Images via AFP, NTB\n    <\/p>\n<p>&#8211; Vel, basert p\u00e5 v\u00e5re meningsm\u00e5linger, er presidenten netto positiv i hvert distrikt, sa Hudson.\u00a0<\/p>\n<p>&#8211; Jeg har oppmuntret ham til \u00e5 g\u00e5 ut og holde arrangementer og rallyer. Jeg kommer til \u00e5 fortsette med det. Jeg tror jo mer han snakker om sin rekord og de utrolige prestasjonene han har oppn\u00e5dd i den siste kongressen, jo bedre.<\/p>\n<p>Andre republikanere kom til samme konklusjon, men av en helt annen grunn.<\/p>\n<p>&#8211; Vi kan ikke plutselig late som vi ikke kjenner han. Det eneste det gj\u00f8r er \u00e5 gj\u00f8re MAGA-elskerne irriterte, og de trenger vi \u00e5 holde i familien, sa en republikansk politiker.<\/p>\n","protected":false},"excerpt":{"rendered":"Donald Trump \u00f8nsker \u00e5 involvere seg kraftig i republikanernes mellomvalg.\u00a0 Det er ikke n\u00f8dvendigvis alle de republikanske politikerne&hellip;\n","protected":false},"author":2,"featured_media":345312,"comment_status":"","ping_status":"","sticky":false,"template":"","format":"standard","meta":{"footnotes":"","_share_on_mastodon":"0"},"categories":[12],"tags":[20,21,55,24,25,15,22,23,25613,13,30,28,29,14,16,5094,26,27,766,412,42,43,44,45],"class_list":["post-345311","post","type-post","status-publish","format-standard","has-post-thumbnail","category-verden","tag-breaking-news","tag-breakingnews","tag-donald-trump","tag-featured-news","tag-featurednews","tag-headlines","tag-latest-news","tag-latestnews","tag-mellomvalg","tag-news","tag-no","tag-norge","tag-norway","tag-nyheter","tag-overskrifter","tag-republikanerne","tag-top-stories","tag-topstories","tag-trump","tag-utenriks","tag-verden","tag-world","tag-world-news","tag-worldnews"],"share_on_mastodon":{"url":"https:\/\/pubeurope.com\/@no\/117220349114004939","error":""},"_links":{"self":[{"href":"https:\/\/www.europesays.com\/no\/wp-json\/wp\/v2\/posts\/345311","targetHints":{"allow":["GET"]}}],"collection":[{"href":"https:\/\/www.europesays.com\/no\/wp-json\/wp\/v2\/posts"}],"about":[{"href":"https:\/\/www.europesays.com\/no\/wp-json\/wp\/v2\/types\/post"}],"author":[{"embeddable":true,"href":"https:\/\/www.europesays.com\/no\/wp-json\/wp\/v2\/users\/2"}],"replies":[{"embeddable":true,"href":"https:\/\/www.europesays.com\/no\/wp-json\/wp\/v2\/comments?post=345311"}],"version-history":[{"count":0,"href":"https:\/\/www.europesays.com\/no\/wp-json\/wp\/v2\/posts\/345311\/revisions"}],"wp:featuredmedia":[{"embeddable":true,"href":"https:\/\/www.europesays.com\/no\/wp-json\/wp\/v2\/media\/345312"}],"wp:attachment":[{"href":"https:\/\/www.europesays.com\/no\/wp-json\/wp\/v2\/media?parent=345311"}],"wp:term":[{"taxonomy":"category","embeddable":true,"href":"https:\/\/www.europesays.com\/no\/wp-json\/wp\/v2\/categories?post=345311"},{"taxonomy":"post_tag","embeddable":true,"href":"https:\/\/www.europesays.com\/no\/wp-json\/wp\/v2\/tags?post=345311"}],"curies":[{"name":"wp","href":"https:\/\/api.w.org\/{rel}","templated":true}]}}