{"id":345313,"date":"2026-09-05T20:36:02","date_gmt":"2026-09-05T20:36:02","guid":{"rendered":"https:\/\/www.europesays.com\/no\/345313\/"},"modified":"2026-09-05T20:36:02","modified_gmt":"2026-09-05T20:36:02","slug":"nav-sykefravaer-sykefravaeret-oker-en-lokal-kommune-skiller-seg-ut","status":"publish","type":"post","link":"https:\/\/www.europesays.com\/no\/345313\/","title":{"rendered":"Nav, Sykefrav\u00e6r | Sykefrav\u00e6ret \u00f8ker \u2013 \u00e9n lokal kommune skiller seg ut"},"content":{"rendered":"\n<p>Det legemeldte sykefrav\u00e6ret i Innlandet var 6,0 prosent i 2. kvartal 2026. Det er en \u00f8kning fra 5,8 prosent i samme kvartal \u00e5ret f\u00f8r. Sykefrav\u00e6ret er dermed tilbake p\u00e5 niv\u00e5et fra 2024, og Innlandet ligger p\u00e5 niv\u00e5 med landsgjennomsnittet.\u00a0<\/p>\n<p><b>I v\u00e5rt distrikt er det \u00e9n kommune som skiller seg ut i fylkestoppen: Grue kommune er blant de kommunene med h\u00f8yest sykefrav\u00e6rsprosent i Innlandet med 7,3 prosent \u2013 selv om det har v\u00e6rt en positiv utvikling i kommunen.<\/b><\/p>\n<p>Sykefrav\u00e6ret varierer betydelig mellom kommunene i Innlandet. H\u00f8yest sykefrav\u00e6r hadde: \u00d8ystre Slidre: 7,5 prosent, Grue: 7,3 prosent, Etnedal: 7,3 prosent, Nordre Land: 7,1 prosent, S\u00f8r-Aurdal: 6,9 prosent.<\/p>\n<p>\u2013 Etter nedgangen vi s\u00e5 i 2025, har sykefrav\u00e6ret \u00f8kt igjen. Selv om \u00f8kningen er moderat, er niv\u00e5et fortsatt h\u00f8yt. Sykefrav\u00e6ret p\u00e5virker b\u00e5de den enkelte, arbeidsplassene og samfunnet som helhet, sier fylkesdirekt\u00f8r Bj\u00f8rn Lien i Nav Innlandet om totaltallene for fylket.\u00a0<\/p>\n<p>    Kvinner har fortsatt h\u00f8yest sykefrav\u00e6r<\/p>\n<p>Kvinners sykefrav\u00e6r var 7,9 prosent i 2. kvartal, opp fra 7,7 prosent \u00e5ret f\u00f8r. Menns sykefrav\u00e6r \u00f8kte fra 4,2 til 4,4 prosent. Kvinners sykefrav\u00e6r er fortsatt n\u00e6r dobbelt s\u00e5 h\u00f8yt som menns.<\/p>\n<p><b>\u2013 Utviklingen viser at sykefrav\u00e6r fortsatt er en viktig utfordring i arbeidslivet. Det er behov for et fortsatt sterkt samarbeid mellom arbeidsgivere, arbeidstakere, helsevesenet og Nav for \u00e5 forebygge frav\u00e6r og bidra til at flere kan st\u00e5 i arbeid, sier Lien. <\/b><\/p>\n<p>Lavest sykefrav\u00e6r i Innlandet hadde: Dovre: 4,0 prosent, Tolga: 4,1 prosent, \u00c5mot: 4,5 prosent, Nord-Fron: 4,7 prosent, Alvdal, Ringebu, Skj\u00e5k og Stor-Elvdal: 4,9 prosent.<\/p>\n<p>Forskjellen mellom kommunen med h\u00f8yest og lavest sykefrav\u00e6r er 3,5 prosentpoeng.<\/p>\n<p>\u2013 De store forskjellene mellom kommunene viser at lokale forhold har betydning. Det er viktig \u00e5 l\u00e6re av kommuner og virksomheter som lykkes med \u00e5 holde sykefrav\u00e6ret nede, sier Lien.\u00a0<\/p>\n<p>   <img decoding=\"async\" width=\"1280\" height=\"720\" fetchpriority=\"low\"  loading=\"lazy\"  src=\"https:\/\/www.europesays.com\/no\/wp-content\/uploads\/2026\/09\/Infografikk sykefrav\u00e6r Innlandet 2. kvartal 2026.png\" alt=\"\" class=\"brick-c-cFOWSL\" style=\"--brick-image-ratio: 1280 \/ 720;\"\/><\/p>\n<p>  Helse- og sosialtjenestene skiller seg ut<\/p>\n<p>Helse- og sosialtjenester hadde det h\u00f8yeste sykefrav\u00e6ret blant n\u00e6ringene i Innlandet, med 8,6 prosent. N\u00e6ringen stod ogs\u00e5 for klart flest tapte dagsverk, med 177 136 dager i l\u00f8pet av kvartalet.<\/p>\n<p>Andre n\u00e6ringer med h\u00f8yt sykefrav\u00e6r var forretningsmessig tjenesteyting med 6,4 prosent og undervisning med 6,1 prosent.\u00a0<\/p>\n<p>\u2013 Helse- og omsorgssektoren er avgj\u00f8rende for velferdssamfunnet. N\u00e5r sykefrav\u00e6ret er h\u00f8yt i denne sektoren, p\u00e5virker det b\u00e5de arbeidsmilj\u00f8et og tjenestene som innbyggerne mottar, sier Lien.\u00a0<\/p>\n<p>H\u00f8yest sykefrav\u00e6r blant eldre arbeidstakere<\/p>\n<p>Sykefrav\u00e6ret var h\u00f8yest blant personer i alderen 60 til 64 \u00e5r, med 7,1 prosent. Gruppen 55 til 59 \u00e5r hadde et sykefrav\u00e6r p\u00e5 6,6 prosent. Lavest sykefrav\u00e6r hadde de yngste arbeidstakerne, 16 til 19 \u00e5r, med 1,7 prosent.\u00a0<\/p>\n<p>Det gikk tapt 508 898 dagsverk som f\u00f8lge av legemeldt sykefrav\u00e6r i Innlandet i 2. kvartal 2026. Det er om lag 19 000 flere tapte dagsverk enn i samme kvartal \u00e5ret f\u00f8r. Kvinner stod for 308 699 av de tapte dagsverkene, mens menn stod for 200 199.\u00a0<\/p>\n<p>De fleste sykefrav\u00e6rstilfellene var relativt korte. 62 prosent av avsluttede sykefrav\u00e6r varte under \u00e9n m\u00e5ned. Samtidig varte 10,4 prosent av tilfellene i minst 26 uker.\u00a0<\/p>\n<p>\u2013 De lange sykefrav\u00e6rene st\u00e5r for en stor del av de tapte arbeidsdagene. Derfor er tidlig oppf\u00f8lging og tilrettelegging avgj\u00f8rende for \u00e5 f\u00e5 flere tilbake i arbeid raskere, sier Lien.\u00a0<\/p>\n","protected":false},"excerpt":{"rendered":"Det legemeldte sykefrav\u00e6ret i Innlandet var 6,0 prosent i 2. kvartal 2026. Det er en \u00f8kning fra 5,8&hellip;\n","protected":false},"author":2,"featured_media":345314,"comment_status":"","ping_status":"","sticky":false,"template":"","format":"standard","meta":{"footnotes":"","_share_on_mastodon":"0"},"categories":[10],"tags":[465,36,575,20,21,550,24,25,8138,15,551,22,23,652,13,30,15217,28,29,14,16,971,1510,131,26,27,1986],"class_list":["post-345313","post","type-post","status-publish","format-standard","has-post-thumbnail","category-norge","tag-arbeidsliv","tag-art","tag-asnes","tag-breaking-news","tag-breakingnews","tag-eidskog","tag-featured-news","tag-featurednews","tag-grue","tag-headlines","tag-kongsvinger","tag-latest-news","tag-latestnews","tag-nav","tag-news","tag-no","tag-nord-odal","tag-norge","tag-norway","tag-nyheter","tag-overskrifter","tag-sor-odal","tag-story","tag-sykefravaer","tag-top-stories","tag-topstories","tag-valer"],"share_on_mastodon":{"url":"https:\/\/pubeurope.com\/@no\/117220356512009331","error":""},"_links":{"self":[{"href":"https:\/\/www.europesays.com\/no\/wp-json\/wp\/v2\/posts\/345313","targetHints":{"allow":["GET"]}}],"collection":[{"href":"https:\/\/www.europesays.com\/no\/wp-json\/wp\/v2\/posts"}],"about":[{"href":"https:\/\/www.europesays.com\/no\/wp-json\/wp\/v2\/types\/post"}],"author":[{"embeddable":true,"href":"https:\/\/www.europesays.com\/no\/wp-json\/wp\/v2\/users\/2"}],"replies":[{"embeddable":true,"href":"https:\/\/www.europesays.com\/no\/wp-json\/wp\/v2\/comments?post=345313"}],"version-history":[{"count":0,"href":"https:\/\/www.europesays.com\/no\/wp-json\/wp\/v2\/posts\/345313\/revisions"}],"wp:featuredmedia":[{"embeddable":true,"href":"https:\/\/www.europesays.com\/no\/wp-json\/wp\/v2\/media\/345314"}],"wp:attachment":[{"href":"https:\/\/www.europesays.com\/no\/wp-json\/wp\/v2\/media?parent=345313"}],"wp:term":[{"taxonomy":"category","embeddable":true,"href":"https:\/\/www.europesays.com\/no\/wp-json\/wp\/v2\/categories?post=345313"},{"taxonomy":"post_tag","embeddable":true,"href":"https:\/\/www.europesays.com\/no\/wp-json\/wp\/v2\/tags?post=345313"}],"curies":[{"name":"wp","href":"https:\/\/api.w.org\/{rel}","templated":true}]}}