{"id":345329,"date":"2026-09-05T21:11:26","date_gmt":"2026-09-05T21:11:26","guid":{"rendered":"https:\/\/www.europesays.com\/no\/345329\/"},"modified":"2026-09-05T21:11:26","modified_gmt":"2026-09-05T21:11:26","slug":"frykter-arvekrig-i-svenske-kongefamilien-kong-carl-gustafs-private-formue-kan-skape-konflikt","status":"publish","type":"post","link":"https:\/\/www.europesays.com\/no\/345329\/","title":{"rendered":"Frykter arvekrig i svenske kongefamilien: Kong Carl Gustafs private formue kan skape konflikt"},"content":{"rendered":"<p class=\"kicker t20\" style=\"\">Carl Gustaf og Silvia<\/p>\n<p class=\"subtitle \" style=\"\">Slott, kunst, villa p\u00e5 Rivieraen og et gammelt naust. Dette kan bli kilde til konflikt mellom kongeparets barn.<\/p>\n<p>\n    MYE EIENDOM: Carl Gustaf har mange eiedommer og slott. Det p\u00e5st\u00e5s at kongens formue tilsvarer et tosifret antall milliarder svenske kroner \u2013 og best\u00e5r av juveler, kunst og antikviteter. Foto: NTB (Montasje)\n  <\/p>\n<p>Kan bli roten til alt ondt. Europas kongelige lider sjelden noen \u00f8konomisk n\u00f8d. Ofte g\u00e5r b\u00e5de eiendommer, smykker og andre verdier i arv. Blant annet skal den bilinteresserte kong <a href=\"https:\/\/www.seher.no\/video\/gjestene-ankommer-kong-carl-gustafs-80-arsdag\/TREis0Rx\" rel=\"nofollow noopener\" target=\"_blank\">Carl Gustaf<\/a> (80) ha en sjelden bilsamling med en ansl\u00e5tt verdi p\u00e5 hele 30 millioner.<\/p>\n<p>        <img loading=\"lazy\" decoding=\"async\" src=\"https:\/\/www.europesays.com\/no\/wp-content\/uploads\/2026\/09\/85006950.webp\" width=\"667\" height=\"701\" alt=\"\" class=\"\" style=\"--aspect-ratio-image: 0.95; \"\/><\/p>\n<p>\n        STOR FLOKK: Kongeparet fikk tre barn,<br \/>\nVictoria, Carl Philip og Madeleine, som har<br \/>\ns\u00f8rget for \u00e5 gi dem mange etterkommere. N\u00e5<br \/>\ner svenskene redde for at det trekker opp til<br \/>\narvestrid den dagen kongeparet har g\u00e5tt bort. Foto: Sara Friberg \/ Kungliga Hovstaterna\n    <\/p>\n<p>\u00d8konomimagasinet Business Insider har flere ganger skrevet om hvor store formuer de kongelige overhodene har.\u00a0<\/p>\n<p>If\u00f8lge magasinet hadde svenskekongen en formue p\u00e5 625 millioner kroner i 2018. Tolv \u00e5r tidligere, i 2006, skal han ha oppgitt at han hadde en formue p\u00e5 290 millioner svenske kroner overfor det svenske Skatteverket.<\/p>\n<p>    DROTTNINGHOLM<br \/>\nSLOTT<\/p>\n<p>        <img loading=\"lazy\" decoding=\"async\" src=\"https:\/\/www.europesays.com\/no\/wp-content\/uploads\/2026\/09\/85006989.webp\" width=\"579\" height=\"388\" alt=\"\" class=\"\" style=\"--aspect-ratio-image: 1.49; \"\/><\/p>\n<p>Uvurderlig. Carl Gustaf og Silivias hjem ligger<br \/>\np\u00e5 Lov\u00f8ya, rett vest for Stockholm. Kongefamilien flyttet hit fra Det kongelige slott i 1981,<br \/>\nog siden har det v\u00e6rt deres private residens.<br \/>\nDrottningholm slott best\u00e5r av 192 rom \u2013 men<br \/>\nbare en br\u00f8kdel brukes av kongeparet.<br \/>\nKongen og dronningen bor i slottets s\u00f8rlige<br \/>\nfl\u00f8y. Deres private leilighet med 20 rom er<br \/>\nvirkelig privat. Bortsett fra noen f\u00e5 rom, hvor<br \/>\ndet av og til tas offisielle bilder, er det ikke<br \/>\nmange glimt man har f\u00e5tt av hvordan de har<br \/>\ndet hjemme.<br \/>\nKongeparet har ogs\u00e5 en privat indre g\u00e5rdsplass, hvor Silvias badehus ligger.<br \/>\nDrottningholm slott eies av staten, men er<br \/>\nen av eiendommene som inng\u00e5r i den kongelige disposisjonsretten. Da nettstedet Fastighetsnytt verdsatte kongens eiendommer, ble<br \/>\nDrottningholm ansett som uvurderlig. Foto:\u00a0Sara Friberg\/Kungl. Hovstaternar<\/p>\n<p>      Vis mer<br \/>\n      Vis mindre<\/p>\n<p>Men Thomas Lyrevik, som er \u00f8konom og tidligere ansatt ved det svenske Finansdepartementet, gikk mye lenger i sin bok \u00abDen kungliga kleptokratin\u00bb fra 2018. <\/p>\n<p>    SPORTSTUA<br \/>\nI STORLIEN<\/p>\n<p>        <img loading=\"lazy\" decoding=\"async\" src=\"https:\/\/www.europesays.com\/no\/wp-content\/uploads\/2026\/09\/85007007.webp\" width=\"579\" height=\"388\" alt=\"\" class=\"\" style=\"--aspect-ratio-image: 1.49; \"\/><\/p>\n<p>Bryllupsgave. Kongefamilien har gjennom \u00e5rene sendt mange p\u00e5skehilsener fra fjellet. Da bor de i sportstua i Storlien i J\u00e4mtland, som ogs\u00e5<br \/>\neies privat av kongen. Den var opprinnelig en bryllupsgave fra Skidfr\u00e4mjandet til kongens foreldre, og gikk senere i arv til ham.<br \/>\nDen r\u00f8de stua er p\u00e5 105 kvadratmeter, og rundt den ligger flere<br \/>\nmindre gjestehytter. If\u00f8lge Expressen er hele eiendommen verdt et<br \/>\npar millioner kroner. Foto: NTB<\/p>\n<p>      Vis mer<br \/>\n      Vis mindre<\/p>\n<p>Han hevder blant annet at manglende offentlig innsyn har gjort det mulig for kongefamilien \u00e5 samle langt st\u00f8rre verdier enn det offentligheten kjenner til.\u00a0<\/p>\n<p>If\u00f8lge avisen Expressen p\u00e5st\u00e5r han at kongens formue tilsvarer et tosifret antall milliarder svenske kroner \u2013 og best\u00e5r av juveler, kunst og antikviteter.<\/p>\n<p>    HOVSTALLET<br \/>\nVERDI 450 MILL.<\/p>\n<p>        <img loading=\"lazy\" decoding=\"async\" src=\"https:\/\/www.europesays.com\/no\/wp-content\/uploads\/2026\/09\/85007058.webp\" width=\"579\" height=\"388\" alt=\"\" class=\"\" style=\"--aspect-ratio-image: 1.49; \"\/><\/p>\n<p>BOR I BYG\u00c5RD: Etter at Madde flyttet hjem til Sverige, fikk hun og<br \/>\nfamilien bo i en luksus-leilighet i Hovstallet i Stockholm. Verdien er ansl\u00e5tt<br \/>\ntil 450 millioner. Foto: NTB<\/p>\n<p>      Vis mer<br \/>\n      Vis mindre<\/p>\n<p>I dokumentaren \u00abKungen med tv\u00e5 ansikten\u00bb uttalte 80-\u00e5ringen at han ikke syntes det svenske folk trengte \u00e5 vite s\u00e5 mye om privat\u00f8konomien hans.<\/p>\n<p>    VILLA SOLBACKEN<br \/>\nVERDI 40 MILL.<\/p>\n<p>        <img loading=\"lazy\" decoding=\"async\" src=\"https:\/\/www.europesays.com\/no\/wp-content\/uploads\/2026\/09\/85007073.webp\" width=\"579\" height=\"383\" alt=\"\" class=\"\" style=\"--aspect-ratio-image: 1.51; \"\/><\/p>\n<p>BOR P\u00c5 EN \u00d8Y: Prins Carl Philip og<br \/>\nprinsesse Sofia har siden 2017 bodd i Villa<br \/>\nSolbacken p\u00e5 Djurg\u00e5rden, en \u00f8y i Stockholm,<br \/>\nmed barna Alexander, Gabriel, Julian og lille<br \/>\nInes. Verdien er \u00abbare\u00bb 40 millioner. Foto: NTB<\/p>\n<p>      Vis mer<br \/>\n      Vis mindre<\/p>\n<p>\u2013 Man vil ha noe for seg selv, sa Carl Gustaf i TV-dokumentaren.<\/p>\n<p>    HAGA SLOTT<br \/>\nVERDI 560 MILL.<\/p>\n<p>        <img loading=\"lazy\" decoding=\"async\" src=\"https:\/\/www.europesays.com\/no\/wp-content\/uploads\/2026\/09\/85007089.webp\" width=\"579\" height=\"388\" alt=\"\" class=\"\" style=\"--aspect-ratio-image: 1.49; \"\/><\/p>\n<p>BOR P\u00c5 ET SLOTT: Kronprinsesse Victoria og familien har i flere<br \/>\n\u00e5r bodd p\u00e5 det vakre slottet som<br \/>\nverdsettes til 560 millioner. Foto: AllOver<\/p>\n<p>      Vis mer<br \/>\n      Vis mindre<\/p>\n<p>Riktignok er det den svenske staten som eier Drottningholm og Stockholms slott, der kongeparet bor, men m\u00f8blene og andre verdisaker tilh\u00f8rer kongefamilien.\u00a0<\/p>\n<p>I dokumentaren kommer det frem at det er sv\u00e6rt uklart hva som eies av staten, og hva som eies av kongefamilien. Forfatter Lyrevik mener \u00e5 vite at Carl Gustaf privat eier langt mer av slottets eiendeler enn staten. <\/p>\n<p>    VILLA MIRAGE<br \/>\nVERDI 103 MILL.<\/p>\n<p>        <img loading=\"lazy\" decoding=\"async\" src=\"https:\/\/www.europesays.com\/no\/wp-content\/uploads\/2026\/09\/85007111.webp\" width=\"579\" height=\"377\" alt=\"\" class=\"\" style=\"--aspect-ratio-image: 1.54; \"\/><\/p>\n<p>Privat strand. Den franske rivieraen, og spesielt Villa<br \/>\nMirage, som ligger i byen Sainte-Maxime i Saint Tropez-bukten, har blitt et kj\u00e6rkomment feriested for den svenske<br \/>\nkongefamilien.<br \/>\nPrins Bertil kj\u00f8pte Villa Mirage i 1946 som et tilfluktssted<br \/>\nfor seg selv og sin store kj\u00e6rlighet Lilian Craig f\u00f8r de fikk<br \/>\ngifte seg. Carl Gustaf arvet eiendommen etter prins Bertils<br \/>\nbortgang i 1997, og det er dermed en privat eiendom.<br \/>\nVillaen har sju rom, og fantastisk utsikt mot Middelhavet<br \/>\nog en privat strand. Husets hjerte er en stor spisestue,<br \/>\nsom ogs\u00e5 har store vinduer mot sj\u00f8en og peis.<br \/>\nDa kongen arvet Villa Mirage, ble eiendommen verdsatt<br \/>\ntil ni millioner korner. For noen \u00e5r siden ble en naboeiendom<br \/>\nsolgt for svimlende 103 millioner. Foto: AllOver<\/p>\n<p>      Vis mer<br \/>\n      Vis mindre<\/p>\n<p>I tillegg skal kongens eiendeler v\u00e6re verdivurdert sv\u00e6rt lavt. Blant annet skal eksklusive s\u00f8lvgjenstander i enkelte tilfeller ha v\u00e6rt vurdert n\u00e6rmest ut fra metallverdien, og Lyrevik retter kritikk mot verdsettingen av juveler og smykker.<\/p>\n<p>    <a itemprop=\"url\" href=\"https:\/\/www.seher.no\/kongelig\/vondt-for-madeleine\/84987921\" rel=\"nofollow noopener\" target=\"_blank\"><\/p>\n<p>        <img loading=\"lazy\" decoding=\"async\" src=\"https:\/\/www.europesays.com\/no\/wp-content\/uploads\/2026\/09\/84493902.webp\" width=\"180\" height=\"81\" alt=\"\" class=\"lazyload\" style=\"--aspect-ratio-image: 2.22; \"\/><\/p>\n<p>        &#8211; Vondt for Madeleine<\/p>\n<p>    <\/a><\/p>\n<p>I 2023 kom SVT-dokumentaren \u00abSveriges sista kungar\u00bb som kastet nytt lys over b\u00e5de \u00f8konomi og arverekkef\u00f8lge i den svenske kongefamilien.\u00a0<\/p>\n<p>Da prins Carl Philip (47) ble f\u00f8dt, ble han automatisk tronf\u00f8lger \u2013 siden han var gutt. Et halvt \u00e5r senere kom grunnlovsendringen som &#8211; med tilbakevirkende kraft &#8211; gjorde stores\u00f8ster kronprinsesse Victoria (49) til tronarving.<\/p>\n<p>    ANDRE SLOTT OG<br \/>\nEIENDOMMER<\/p>\n<p>        <img loading=\"lazy\" decoding=\"async\" src=\"https:\/\/www.europesays.com\/no\/wp-content\/uploads\/2026\/09\/85007121.webp\" width=\"579\" height=\"388\" alt=\"\" class=\"\" style=\"--aspect-ratio-image: 1.49; \"\/><\/p>\n<p>Elleville verdier. I tillegg til eiendommene Carl Gustaf eier privat<br \/>\neller leier, har han tilgang til en lang rekke slott og eiendommer gjennom den kongelige disposisjonsretten \u2013 en over 200 \u00e5r gammel<br \/>\navtale mellom Karl XIII og stenderforsamlingen.<br \/>\nFastighetsnytt beskriver avtalen som at kongen har \u00abevig besittelsesrett\u00bb, og forklarer det med at kongen disponerer eiendommene, men staten bekoster det ytre vedlikeholdet.<br \/>\nI tillegg til Drottningholm gjelder dette blant annet Det kongelige<br \/>\nslottet, Riddarholmskyrkan, Haga slott, Gripsholm slott, Ulriksdal slott og i praksis hele Djurg\u00e5rden.<br \/>\nFastighetsnytt har verdsatt alle eiendommene som inng\u00e5r i disposisjonsretten. Haga slott, hvor kronprinsesse Victoria bor med sin<br \/>\nfamilie, verdsettes til 560 millioner, og Hovstallet, hvor prinsesse<br \/>\nMadeleine bor med sin familie i en stor leilighet, verdsettes til 450<br \/>\nmillioner.<br \/>\nDen totale verdien av alle eiendommene ansl\u00e5s til vanvittige 75<br \/>\nmilliarder kroner. Foto: NTB<\/p>\n<p>      Vis mer<br \/>\n      Vis mindre<\/p>\n<p>Carl Gustaf syntes endringen var \u00abforferdelig\u00bb, og mente at det var urettferdig at hans eneste s\u00f8nn ikke fikk bli Sveriges neste konge.<\/p>\n<p>    <a itemprop=\"url\" href=\"https:\/\/www.seher.no\/kongelig\/lave-forventninger-til-den-dumme-prinsen\/84978764\" rel=\"nofollow noopener\" target=\"_blank\"><\/p>\n<p>        <img loading=\"lazy\" decoding=\"async\" src=\"https:\/\/www.europesays.com\/no\/wp-content\/uploads\/2026\/09\/1788642682_215_84948706.webp\" width=\"180\" height=\"81\" alt=\"\" class=\"lazyload\" style=\"--aspect-ratio-image: 2.22; \"\/><\/p>\n<p>        \u00abLave forventninger til den dumme prinsen\u00bb<\/p>\n<p>    <\/a><\/p>\n<p>\u2013 S\u00f8nnen min, prins Carl Philip, ble f\u00f8dt, og s\u00e5 endrer de det plutselig slik at han mister alt. Det er ganske rart, synes jeg, sa han.<\/p>\n<p>P\u00e5 sp\u00f8rsm\u00e5l om han synes det var urettferdig, svarer han: <\/p>\n<p>\u2013 Ja, jeg tror det. Som forelder synes jeg det er forferdelig, sa han i SVT-dokumentaren.<\/p>\n<p>    FISKESTUA<br \/>\nI FORSAVAN<\/p>\n<p>        <img loading=\"lazy\" decoding=\"async\" src=\"https:\/\/www.europesays.com\/no\/wp-content\/uploads\/2026\/09\/85007138.webp\" width=\"530\" height=\"345\" alt=\"\" class=\"\" style=\"--aspect-ratio-image: 1.54; \"\/><\/p>\n<p>Sjarmerende. Den beskjedne, men<br \/>\nkanskje mest sjarmerende av kongens<br \/>\neiendommer, er den lille fiskestua ved<br \/>\ninnsj\u00f8en Forsavan i Lappland. Det var<br \/>\nkongens farfar, Gustaf VI Adolf, som<br \/>\nfikk den bygget p\u00e5 1930-tallet.<br \/>\nGjennom \u00e5rene har kongen reist dit,<br \/>\nofte uten familien, for \u00e5 fiske \u00f8rret.<br \/>\nEtter at fiskestua for noen \u00e5r siden ble<br \/>\nutsatt for innbrudd \u2013 hvor blant annet<br \/>\nfiskeutstyr, alkohol og et bilde av kongen med en stor \u00f8rret ble stj\u00e5let \u2013 fikk<br \/>\nman gjennom politirapporter se bilder<br \/>\nfra innsiden. <\/p>\n<p>      Vis mer<br \/>\n      Vis mindre<\/p>\n<p>Og det var ikke bare retten til tronen som r\u00f8k for Carl Philip. Han gikk ogs\u00e5 glipp av en arv verdt minst 50 millioner kroner, if\u00f8lge svenske medier.\u00a0<\/p>\n<p>Det var nemlig det s\u00e5kalte Gallierafondet, som skulle g\u00e5 videre gjennom den mannlige linjen. Men i 2012 ble det endret slik at ogs\u00e5 kvinner kunne arve fondet.<\/p>\n<p>    <a itemprop=\"url\" href=\"https:\/\/www.seher.no\/kongelig\/stalket-prinsessen-pagrepet\/84985528\" rel=\"nofollow noopener\" target=\"_blank\"><\/p>\n<p>        <img loading=\"lazy\" decoding=\"async\" src=\"https:\/\/www.europesays.com\/no\/wp-content\/uploads\/2026\/09\/84985864.webp\" width=\"180\" height=\"81\" alt=\"\" class=\"lazyload\" style=\"--aspect-ratio-image: 2.22; \"\/><\/p>\n<p>        Stalket kronprinsessen: P\u00e5grepet<\/p>\n<p>    <\/a><\/p>\n<p>Med andre ord er det duket for en rekke mulige konflikter n\u00e5r svenskekongen og hans kj\u00e6re Silvia en gang i fremtiden skal fordele arven mellom prinsesse Madeleine (43) og hennes to eldre s\u00f8sken. <\/p>\n<p>        <img loading=\"lazy\" decoding=\"async\" src=\"https:\/\/www.europesays.com\/no\/wp-content\/uploads\/2026\/09\/85007147.webp\" width=\"667\" height=\"627\" alt=\"\" class=\"\" style=\"--aspect-ratio-image: 1.06; \"\/><\/p>\n<p>\n        BONDEDR\u00d8M: Kong Carl Gustaf og dronning Silvia tar ofte med seg hunden Brandie til Stenhammars slott utenfor Stockholm. Her lever kongen ut sine bondedr\u00f8mmer. Men kronprinsesse Victoria vil aldri arve det vakre slottet. Foto: NTB\n    <\/p>\n<p>Og det er ikke alltid tradisjon for \u00e5 f\u00f8lge vanlig arvekutyme i den svenske kongefamilien. Blant annet skaper et gammelt testamente arveproblemer.\u00a0<\/p>\n<p>Den forrige eieren av kongeparets favoritt-slott Stenhammar har nemlig bestemt nemlig at det \u00e5 f\u00e5 eie den flotte eiendommen kun skal v\u00e6re mulig for en prins med arverett til tronen \u2013 og da er det en prins som er hertug av S\u00f6dermanland, st\u00e5r han fremst i k\u00f8en.<\/p>\n<p>        <img loading=\"lazy\" decoding=\"async\" src=\"https:\/\/www.europesays.com\/no\/wp-content\/uploads\/2026\/09\/85007199.webp\" width=\"667\" height=\"534\" alt=\"\" class=\"\" style=\"--aspect-ratio-image: 1.25; \"\/><\/p>\n<p>\n        F\u00c5R SJOKK-ARV: Et gammelt testamente fra 1903 sier at det er 10 \u00e5r gamle prins Alexander som vil arve retten til \u00e5 forpakte slottet Stenhammar. Foto: NTB\n    <\/p>\n<p>\u2013 Det er bare \u00e5 gratulere prins Alexander (10) med arven, sier Svensk Damtidnings kongeekspert Herman Lindqvist. <\/p>\n<p>    <a itemprop=\"url\" href=\"https:\/\/www.seher.no\/kongelig\/ma-fortsatt-ha-fotlenke\/84993998\" rel=\"nofollow noopener\" target=\"_blank\"><\/p>\n<p>        <img loading=\"lazy\" decoding=\"async\" src=\"https:\/\/www.europesays.com\/no\/wp-content\/uploads\/2026\/09\/84994032.webp\" width=\"180\" height=\"81\" alt=\"\" class=\"lazyload\" style=\"--aspect-ratio-image: 2.22; \"\/><\/p>\n<p>        M\u00e5 fortsatt ha fotlenke<\/p>\n<p>    <\/a><\/p>\n<p>Og i juni i \u00e5r var det tre m\u00e5neder siden Carl Gustafs stores\u00f8ster prinsesse D\u00e9sir\u00e9e (1938\u20132026) gikk bort, og det ble kjent hvordan hennes arv p\u00e5 126 millioner kroner skulle fordeles.<\/p>\n<p>        <img loading=\"lazy\" decoding=\"async\" src=\"https:\/\/www.europesays.com\/no\/wp-content\/uploads\/2026\/09\/85007214.webp\" width=\"686\" height=\"467\" alt=\"\" class=\"\" style=\"--aspect-ratio-image: 1.47; \"\/><\/p>\n<p>\n        VILLE AT S\u00d8NNEN SKULLE<br \/>\nARVE: &#8211; Ja, som forelder synes jeg det<br \/>\ner forferdelig! sa Carl Gustaf i dokumentaren \u00abSveriges sista kungar\u00bb i 2023 om<br \/>\nat s\u00f8nnen ble fratatt arveretten et halvt \u00e5r<br \/>\netter at han ble f\u00f8dt. Foto: NTB\n    <\/p>\n<p>If\u00f8lge Expressen besto arven av kontanter, smykker og en leilighet p\u00e5 Mallorca verdsatt til 6,5 millioner kroner.\u00a0<\/p>\n<p>D\u00e9sir\u00e9e hadde testamentert alt sammen til d\u00f8trene sine, Christina (59) og H\u00e9l\u00e8ne (57). S\u00f8nnen Carl Silfverschi\u00f6ld (61) fikk ikke en krone etter sin mor.<\/p>\n<p>Hvordan kong Carl Gustaf vil testamentere sine store verdier til sine tre barn, er enn s\u00e5 lenge en godt bevart hemmelighet. <\/p>\n<p>Men at det er mange eiendommer og store verdier som skal fordeles, er det ingen tvil om.<\/p>\n","protected":false},"excerpt":{"rendered":"Carl Gustaf og Silvia Slott, kunst, villa p\u00e5 Rivieraen og et gammelt naust. Dette kan bli kilde til&hellip;\n","protected":false},"author":2,"featured_media":345330,"comment_status":"","ping_status":"","sticky":false,"template":"","format":"standard","meta":{"footnotes":"","_share_on_mastodon":"0"},"categories":[12],"tags":[24936,20,21,26420,4104,24,25,15,76,5037,22,23,13,30,28,29,14,16,7073,5100,26,27,42,43,44,45],"class_list":["post-345329","post","type-post","status-publish","format-standard","has-post-thumbnail","category-verden","tag-arvestrid","tag-breaking-news","tag-breakingnews","tag-carl-gustaf","tag-eksklusivt","tag-featured-news","tag-featurednews","tag-headlines","tag-kongelig","tag-kronprinsesse-victoria","tag-latest-news","tag-latestnews","tag-news","tag-no","tag-norge","tag-norway","tag-nyheter","tag-overskrifter","tag-prins-carl-philip","tag-prinsesse-madeleine","tag-top-stories","tag-topstories","tag-verden","tag-world","tag-world-news","tag-worldnews"],"share_on_mastodon":{"url":"https:\/\/pubeurope.com\/@no\/117220494387303673","error":""},"_links":{"self":[{"href":"https:\/\/www.europesays.com\/no\/wp-json\/wp\/v2\/posts\/345329","targetHints":{"allow":["GET"]}}],"collection":[{"href":"https:\/\/www.europesays.com\/no\/wp-json\/wp\/v2\/posts"}],"about":[{"href":"https:\/\/www.europesays.com\/no\/wp-json\/wp\/v2\/types\/post"}],"author":[{"embeddable":true,"href":"https:\/\/www.europesays.com\/no\/wp-json\/wp\/v2\/users\/2"}],"replies":[{"embeddable":true,"href":"https:\/\/www.europesays.com\/no\/wp-json\/wp\/v2\/comments?post=345329"}],"version-history":[{"count":0,"href":"https:\/\/www.europesays.com\/no\/wp-json\/wp\/v2\/posts\/345329\/revisions"}],"wp:featuredmedia":[{"embeddable":true,"href":"https:\/\/www.europesays.com\/no\/wp-json\/wp\/v2\/media\/345330"}],"wp:attachment":[{"href":"https:\/\/www.europesays.com\/no\/wp-json\/wp\/v2\/media?parent=345329"}],"wp:term":[{"taxonomy":"category","embeddable":true,"href":"https:\/\/www.europesays.com\/no\/wp-json\/wp\/v2\/categories?post=345329"},{"taxonomy":"post_tag","embeddable":true,"href":"https:\/\/www.europesays.com\/no\/wp-json\/wp\/v2\/tags?post=345329"}],"curies":[{"name":"wp","href":"https:\/\/api.w.org\/{rel}","templated":true}]}}