{"id":345427,"date":"2026-09-05T23:45:21","date_gmt":"2026-09-05T23:45:21","guid":{"rendered":"https:\/\/www.europesays.com\/no\/345427\/"},"modified":"2026-09-05T23:45:21","modified_gmt":"2026-09-05T23:45:21","slug":"arbeidsliv-helse-en-halv-million-arbeidsdager-gikk-tapt-i-innlandet-pa-grunn-av-sykefravaer","status":"publish","type":"post","link":"https:\/\/www.europesays.com\/no\/345427\/","title":{"rendered":"Arbeidsliv, Helse | En halv million arbeidsdager gikk tapt i Innlandet p\u00e5 grunn av sykefrav\u00e6r"},"content":{"rendered":"\n<p>Over en halv million arbeidsdager gikk tapt p\u00e5 grunn av sykefrav\u00e6r i Innlandet i \u00e5rets andre kvartal.<\/p>\n<p>Totalt gikk det tapt 508 898 dagsverk som f\u00f8lge av legemeldt sykefrav\u00e6r. Det er rundt 19 000 flere enn p\u00e5 samme tid i fjor.<\/p>\n<p>Sjekk hvilke kommuner som skiller seg ut.<\/p>\n<p>Skiller seg ut<\/p>\n<p>Samtidig \u00f8ker sykefrav\u00e6ret i fylket. Det var p\u00e5 6,0 prosent i andre kvartal, opp fra 5,8 prosent \u00e5ret f\u00f8r.\u00a0<\/p>\n<p>Dermed er Innlandet tilbake p\u00e5 samme niv\u00e5 som i 2024, og ligger n\u00e5 p\u00e5 landsgjennomsnittet.<\/p>\n<p>\u2013 Etter nedgangen vi s\u00e5 i 2025, har sykefrav\u00e6ret \u00f8kt igjen. Selv om \u00f8kningen er moderat, er niv\u00e5et fortsatt h\u00f8yt, sier fylkesdirekt\u00f8r Bj\u00f8rn Lien i Nav Innlandet.<\/p>\n<p>Kvinner har fortsatt klart h\u00f8yere sykefrav\u00e6r enn menn. I andre kvartal var frav\u00e6ret p\u00e5 7,9 prosent blant kvinner, mot 4,4 prosent blant menn.<\/p>\n<p>Det er ogs\u00e5 store forskjeller mellom kommunene.\u00a0<\/p>\n<p>Elverum, V\u00e5ler og \u00c5snes har alle sykefrav\u00e6r p\u00e5 over fem prosent. \u00c5mot ligger derimot i andre enden av skalaen og er en av kommunene med lavest sykefrav\u00e6r i hele Innlandet.\u00a0<\/p>\n<p>    Disse yrkene har mest frav\u00e6r<\/p>\n<p>Helse- og sosialtjenestene peker seg ut som n\u00e6ringen med h\u00f8yest sykefrav\u00e6r, p\u00e5 8,6 prosent. Her ble det registrert hele 177 136 tapte dagsverk i kvartalet.<\/p>\n<p>\u2013 Helse- og omsorgssektoren er avgj\u00f8rende for velferdssamfunnet. N\u00e5r sykefrav\u00e6ret er h\u00f8yt i denne sektoren, p\u00e5virker det b\u00e5de arbeidsmilj\u00f8et og tjenestene som innbyggerne mottar, sier Lien.<\/p>\n<p>Sykefrav\u00e6ret er h\u00f8yest blant arbeidstakere mellom 60 og 64 \u00e5r, med 7,1 prosent.<\/p>\n<p>De fleste sykefrav\u00e6rstilfellene er likevel relativt korte. 62 prosent av de avsluttede tilfellene varte under \u00e9n m\u00e5ned. Samtidig varte 10,4 prosent i minst 26 uker.<\/p>\n<p>\u2013 De lange sykefrav\u00e6rene st\u00e5r for en stor del av de tapte arbeidsdagene. Derfor er tidlig oppf\u00f8lging og tilrettelegging avgj\u00f8rende for \u00e5 f\u00e5 flere tilbake i arbeid raskere, sier Lien.<\/p>\n<p><a class=\"brick-c-hOTghF\" href=\"#skip-\">Hopp over karusellen.<\/a><\/p>\n<p data-static=\"\" class=\"brick-c-fgNmNC\" id=\"carousel-title-\">Innholdskarusell med 20 artikler.<\/p>\n<ul data-static=\"\" aria-label=\"Navigasjon for innholdskarusell\" class=\"carousel-nav\">\n<li>\n<\/li>\n<li>\n<\/li>\n<\/ul>\n","protected":false},"excerpt":{"rendered":"Over en halv million arbeidsdager gikk tapt p\u00e5 grunn av sykefrav\u00e6r i Innlandet i \u00e5rets andre kvartal. Totalt&hellip;\n","protected":false},"author":2,"featured_media":345428,"comment_status":"","ping_status":"","sticky":false,"template":"","format":"standard","meta":{"footnotes":"","_share_on_mastodon":"0"},"categories":[10],"tags":[4178,7554,465,36,575,20,21,1070,8137,24,25,4179,8138,15,736,22,23,1272,8136,13,30,1745,28,29,14,2932,16,2256,478,7555,1510,4176,26,27,2040,7984,4177,1986],"class_list":["post-345427","post","type-post","status-publish","format-standard","has-post-thumbnail","category-norge","tag-alvdal","tag-amot","tag-arbeidsliv","tag-art","tag-asnes","tag-breaking-news","tag-breakingnews","tag-elverum","tag-engerdal","tag-featured-news","tag-featurednews","tag-folldal","tag-grue","tag-headlines","tag-helse","tag-latest-news","tag-latestnews","tag-loten","tag-midt-osterdal","tag-news","tag-no","tag-nord-osterdal","tag-norge","tag-norway","tag-nyheter","tag-os","tag-overskrifter","tag-rendalen","tag-solor","tag-stor-elvdal","tag-story","tag-tolga","tag-top-stories","tag-topstories","tag-trysil","tag-trysil-og-engerdal","tag-tynset","tag-valer"],"share_on_mastodon":{"url":"https:\/\/pubeurope.com\/@no\/117221099104090227","error":""},"_links":{"self":[{"href":"https:\/\/www.europesays.com\/no\/wp-json\/wp\/v2\/posts\/345427","targetHints":{"allow":["GET"]}}],"collection":[{"href":"https:\/\/www.europesays.com\/no\/wp-json\/wp\/v2\/posts"}],"about":[{"href":"https:\/\/www.europesays.com\/no\/wp-json\/wp\/v2\/types\/post"}],"author":[{"embeddable":true,"href":"https:\/\/www.europesays.com\/no\/wp-json\/wp\/v2\/users\/2"}],"replies":[{"embeddable":true,"href":"https:\/\/www.europesays.com\/no\/wp-json\/wp\/v2\/comments?post=345427"}],"version-history":[{"count":0,"href":"https:\/\/www.europesays.com\/no\/wp-json\/wp\/v2\/posts\/345427\/revisions"}],"wp:featuredmedia":[{"embeddable":true,"href":"https:\/\/www.europesays.com\/no\/wp-json\/wp\/v2\/media\/345428"}],"wp:attachment":[{"href":"https:\/\/www.europesays.com\/no\/wp-json\/wp\/v2\/media?parent=345427"}],"wp:term":[{"taxonomy":"category","embeddable":true,"href":"https:\/\/www.europesays.com\/no\/wp-json\/wp\/v2\/categories?post=345427"},{"taxonomy":"post_tag","embeddable":true,"href":"https:\/\/www.europesays.com\/no\/wp-json\/wp\/v2\/tags?post=345427"}],"curies":[{"name":"wp","href":"https:\/\/api.w.org\/{rel}","templated":true}]}}