{"id":345481,"date":"2026-09-06T02:54:14","date_gmt":"2026-09-06T02:54:14","guid":{"rendered":"https:\/\/www.europesays.com\/no\/345481\/"},"modified":"2026-09-06T02:54:14","modified_gmt":"2026-09-06T02:54:14","slug":"boligbrann-i-arendal-slukket-20-personer-ble-evakuert","status":"publish","type":"post","link":"https:\/\/www.europesays.com\/no\/345481\/","title":{"rendered":"Boligbrann i Arendal slukket &#8211; 20 personer ble evakuert"},"content":{"rendered":"<p data-v-0ec4b2dc=\"\" data-v-db60476c=\"\">Politiet meldte om brannen like f\u00f8r klokken 1.30 natt til s\u00f8ndag. Da var det \u00e5pne flammer p\u00e5 stedet og spredningsfare til n\u00e6rliggende boliger.<\/p>\n<p data-v-0ec4b2dc=\"\" data-v-db60476c=\"\">En knapp time senere hadde brannmannskapene brannen under kontroll, og det var ikke lenger spredningsfare, opplyste 110-sentralen Agder til NTB.<\/p>\n<p data-v-0ec4b2dc=\"\" data-v-db60476c=\"\">Rundt 20 personer fra den aktuelle boligen og nabohus ble evakuert, og en person ble sjekket av helsepersonell etter \u00e5 ha pustet inn r\u00f8yk.<\/p>\n<p data-v-0ec4b2dc=\"\" data-v-db60476c=\"\">Brannen ble meldt slukket klokken 3.38. Politiet opplyser at det kan se ut som brannen startet p\u00e5 en veranda.<\/p>\n","protected":false},"excerpt":{"rendered":"Politiet meldte om brannen like f\u00f8r klokken 1.30 natt til s\u00f8ndag. Da var det \u00e5pne flammer p\u00e5 stedet&hellip;\n","protected":false},"author":2,"featured_media":345482,"comment_status":"","ping_status":"","sticky":false,"template":"","format":"standard","meta":{"footnotes":"","_share_on_mastodon":"0"},"categories":[5],"tags":[20,21,24,25,15,19,22,23,17,18,13,30,28,29,14,16,26,27],"class_list":["post-345481","post","type-post","status-publish","format-standard","has-post-thumbnail","category-overskrifter","tag-breaking-news","tag-breakingnews","tag-featured-news","tag-featurednews","tag-headlines","tag-hovedoppslag","tag-latest-news","tag-latestnews","tag-main-news","tag-mainnews","tag-news","tag-no","tag-norge","tag-norway","tag-nyheter","tag-overskrifter","tag-top-stories","tag-topstories"],"share_on_mastodon":{"url":"https:\/\/pubeurope.com\/@no\/117221842137592930","error":""},"_links":{"self":[{"href":"https:\/\/www.europesays.com\/no\/wp-json\/wp\/v2\/posts\/345481","targetHints":{"allow":["GET"]}}],"collection":[{"href":"https:\/\/www.europesays.com\/no\/wp-json\/wp\/v2\/posts"}],"about":[{"href":"https:\/\/www.europesays.com\/no\/wp-json\/wp\/v2\/types\/post"}],"author":[{"embeddable":true,"href":"https:\/\/www.europesays.com\/no\/wp-json\/wp\/v2\/users\/2"}],"replies":[{"embeddable":true,"href":"https:\/\/www.europesays.com\/no\/wp-json\/wp\/v2\/comments?post=345481"}],"version-history":[{"count":0,"href":"https:\/\/www.europesays.com\/no\/wp-json\/wp\/v2\/posts\/345481\/revisions"}],"wp:featuredmedia":[{"embeddable":true,"href":"https:\/\/www.europesays.com\/no\/wp-json\/wp\/v2\/media\/345482"}],"wp:attachment":[{"href":"https:\/\/www.europesays.com\/no\/wp-json\/wp\/v2\/media?parent=345481"}],"wp:term":[{"taxonomy":"category","embeddable":true,"href":"https:\/\/www.europesays.com\/no\/wp-json\/wp\/v2\/categories?post=345481"},{"taxonomy":"post_tag","embeddable":true,"href":"https:\/\/www.europesays.com\/no\/wp-json\/wp\/v2\/tags?post=345481"}],"curies":[{"name":"wp","href":"https:\/\/api.w.org\/{rel}","templated":true}]}}