{"id":345493,"date":"2026-09-06T03:28:25","date_gmt":"2026-09-06T03:28:25","guid":{"rendered":"https:\/\/www.europesays.com\/no\/345493\/"},"modified":"2026-09-06T03:28:25","modified_gmt":"2026-09-06T03:28:25","slug":"trump-apner-pengesekken-for-mellomvalget","status":"publish","type":"post","link":"https:\/\/www.europesays.com\/no\/345493\/","title":{"rendered":"Trump \u00e5pner pengesekken f\u00f8r mellomvalget"},"content":{"rendered":"<p><strong>Donald Trump sier at hans politiske aksjonskomit\u00e9 Maga Inc. skal bruke mellom 400 og 500 millioner dollar for \u00e5 hjelpe republikanerne i mellomvalget i november. Det skjer etter \u00f8kende press fra partifeller om \u00e5 ta i bruk pengene som organisasjonen har samlet inn.<\/strong><\/p>\n<p>Maga Inc. st\u00f8ttet Trumps presidentvalgkamp i 2024 og hadde ved utgangen av juli mer enn 403 millioner dollar i kassen. If\u00f8lge Financial Times har komiteen s\u00e5 langt brukt relativt lite av pengene og ikke rapportert om st\u00f8rre utbetalinger til valgkampen.<\/p>\n<p>\u2013 Vi skal bruke mye penger fordi vi ikke vil miste landet v\u00e5rt, sier Trump if\u00f8lge <a href=\"https:\/\/www.ft.com\/content\/e2524b81-a089-4022-869c-1fa54da24285?syn-25a6b1a6=1\" rel=\"nofollow noopener\" target=\"_blank\">Financial Times.<\/a><\/p>\n<p><strong>\u00c5pner pengesekken<\/strong><\/p>\n<p>Uttalelsen er det tydeligste signalet hittil om at pengene skal brukes f\u00f8r valget i november, framfor \u00e5 spares til et senere presidentvalg eller andre politiske form\u00e5l.<\/p>\n<p>Republikanere har den siste tiden uttrykt bekymring for at Maga Inc. ikke bruker midlene raskt nok. Flere valgkretser i Representantenes hus kan bli avgj\u00f8rende, samtidig som meningsm\u00e5linger viser at Demokratene har mulighet til \u00e5 ta tilbake kontrollen over Kongressen.<\/p>\n<p>I 21 valgkretser som det ikke-partiske Cook Political Report vurderer som jevne, har demokratiske kandidater samlet inn mer penger enn republikanerne. If\u00f8lge Financial Times\u2019 gjennomgang av valgmyndighetenes tall har Demokratene samlet inn 73 millioner dollar mot republikanernes 62 millioner i disse kretsene.<\/p>\n<p><strong>Intens valgkamp <\/strong><\/p>\n<p>Republikaneren Ryan Mackenzie, som representerer en viktig vippkrets i Pennsylvania, har tidligere oppfordret Trump til \u00e5 bruke pengene raskt. Han mener tilgjengelige ressurser b\u00f8r settes inn i valgkampen f\u00f8r valget.<\/p>\n<p>Republikanerne har et knapt utgangspunkt. Demokratene trenger bare \u00e5 vinne noen f\u00e5 mandater for \u00e5 ta tilbake Representantenes hus, mens partiet m\u00e5 vinne fire senatorplasser uten \u00e5 tape noen av sine egne for \u00e5 f\u00e5 flertall i Senatet. Trumps fallende oppslutning og velgernes bekymring for inflasjonen trekkes ogs\u00e5 fram som utfordringer for republikanerne.<\/p>\n","protected":false},"excerpt":{"rendered":"Donald Trump sier at hans politiske aksjonskomit\u00e9 Maga Inc. skal bruke mellom 400 og 500 millioner dollar for&hellip;\n","protected":false},"author":2,"featured_media":345494,"comment_status":"","ping_status":"","sticky":false,"template":"","format":"standard","meta":{"footnotes":"","_share_on_mastodon":"0"},"categories":[12],"tags":[20,21,55,24,25,15,22,23,13,30,28,29,14,16,5094,26,27,50,42,43,44,45],"class_list":["post-345493","post","type-post","status-publish","format-standard","has-post-thumbnail","category-verden","tag-breaking-news","tag-breakingnews","tag-donald-trump","tag-featured-news","tag-featurednews","tag-headlines","tag-latest-news","tag-latestnews","tag-news","tag-no","tag-norge","tag-norway","tag-nyheter","tag-overskrifter","tag-republikanerne","tag-top-stories","tag-topstories","tag-usa","tag-verden","tag-world","tag-world-news","tag-worldnews"],"share_on_mastodon":{"url":"https:\/\/pubeurope.com\/@no\/117221976045731113","error":""},"_links":{"self":[{"href":"https:\/\/www.europesays.com\/no\/wp-json\/wp\/v2\/posts\/345493","targetHints":{"allow":["GET"]}}],"collection":[{"href":"https:\/\/www.europesays.com\/no\/wp-json\/wp\/v2\/posts"}],"about":[{"href":"https:\/\/www.europesays.com\/no\/wp-json\/wp\/v2\/types\/post"}],"author":[{"embeddable":true,"href":"https:\/\/www.europesays.com\/no\/wp-json\/wp\/v2\/users\/2"}],"replies":[{"embeddable":true,"href":"https:\/\/www.europesays.com\/no\/wp-json\/wp\/v2\/comments?post=345493"}],"version-history":[{"count":0,"href":"https:\/\/www.europesays.com\/no\/wp-json\/wp\/v2\/posts\/345493\/revisions"}],"wp:featuredmedia":[{"embeddable":true,"href":"https:\/\/www.europesays.com\/no\/wp-json\/wp\/v2\/media\/345494"}],"wp:attachment":[{"href":"https:\/\/www.europesays.com\/no\/wp-json\/wp\/v2\/media?parent=345493"}],"wp:term":[{"taxonomy":"category","embeddable":true,"href":"https:\/\/www.europesays.com\/no\/wp-json\/wp\/v2\/categories?post=345493"},{"taxonomy":"post_tag","embeddable":true,"href":"https:\/\/www.europesays.com\/no\/wp-json\/wp\/v2\/tags?post=345493"}],"curies":[{"name":"wp","href":"https:\/\/api.w.org\/{rel}","templated":true}]}}