{"id":345499,"date":"2026-09-06T04:17:18","date_gmt":"2026-09-06T04:17:18","guid":{"rendered":"https:\/\/www.europesays.com\/no\/345499\/"},"modified":"2026-09-06T04:17:18","modified_gmt":"2026-09-06T04:17:18","slug":"lekket-kallenavn-haner-forsvarsministeren","status":"publish","type":"post","link":"https:\/\/www.europesays.com\/no\/345499\/","title":{"rendered":"Lekket kallenavn: H\u00e5ner forsvarsministeren"},"content":{"rendered":"<p class=\"subtitle \" style=\"\">Pete Hegseth skal ha f\u00e5tt et ydmykende kallenavn i Pentagon. N\u00e5 hevder avisa Daily Beast at misn\u00f8yen koker blant USAs mest dekorerte soldater.\u00a0<\/p>\n<p>\n    \u00abNO TAB PETE\u00bb: Hegseth drikker champagne under et TV-innslag i 2023. If\u00f8lge Daily Beast brukes det nedsettende kallenavnet av enkelte i Pentagon. Foto: Fox News\n  <\/p>\n<p>USAs forsvarsminister Pete Hegseth m\u00f8ter \u00f8kende motstand internt i det amerikanske milit\u00e6ret. Det skriver avisa <a href=\"https:\/\/www.thedailybeast.com\/army-heroes-humiliating-nickname-for-pete-hegseth-is-leaked\/?utm_source=twitter_owned_snd&amp;utm_medium=twitter&amp;utm_campaign=owned_social\" rel=\"nofollow noopener\" target=\"_blank\">Daily Beast.<\/a><\/p>\n<p>If\u00f8lge avisa omtales Hegseth av enkelte i Pentagon som\u00a0\u00abNo Tab Pete\u00bb, et kallenavn som viser til at han ikke har oppn\u00e5dd eliteutmerkelsene, eller\u00a0\u00abtabs\u00bb, som mange h\u00f8yt respekterte offiserer og spesialsoldater b\u00e6rer p\u00e5 uniformen.\u00a0<\/p>\n<p>    <a itemprop=\"url\" href=\"https:\/\/www.dagbladet.no\/bok\/grandiose-forestillinger-om-seg-selv\/85092875\" rel=\"nofollow noopener\" target=\"_blank\"><\/p>\n<p>        <img loading=\"lazy\" decoding=\"async\" src=\"https:\/\/www.europesays.com\/no\/wp-content\/uploads\/2026\/09\/1788668235_373_85092924.webp\" width=\"180\" height=\"81\" alt=\"\" class=\"lazyload\" style=\"--aspect-ratio-image: 2.22; \"\/><\/p>\n<p>        Grandiose forestillinger om seg selv<\/p>\n<p>    <\/a><\/p>\n<p>Skal ha kokt over\t<\/p>\n<p>Bakgrunnen for avsl\u00f8ringen skal v\u00e6re pensjoneringsseremonien til general Christopher Donahue ved Fort Bragg i North Carolina.\u00a0<\/p>\n<p>Donahue regnes som en av USAs mest respekterte offiserer og ledet tidligere den hemmelige spesialstyrken Delta Force.<\/p>\n<p>        <img loading=\"lazy\" decoding=\"async\" src=\"https:\/\/www.europesays.com\/no\/wp-content\/uploads\/2026\/09\/1788668236_658_85111945.webp\" width=\"667\" height=\"381\" alt=\"\" class=\"\" style=\"--aspect-ratio-image: 1.75; \"\/><\/p>\n<p>\n        HEDRET GENERAL: Christopher Donahue regnes som en av USAs mest respekterte offiserer. If\u00f8lge Daily Beast kom misn\u00f8yen med Pete Hegseth tydelig til uttrykk under markeringen av Donahues avgang. Foto: Lucy North \/ Pa photos \/ NTB\n    <\/p>\n<p>Han ble ogs\u00e5 kjent som den siste amerikanske soldaten som forlot Afghanistan under tilbaketrekkingen i 2021.<\/p>\n<p>Under den formelle delen av arrangementet var fokuset rettet mot den avtroppende generalen Christopher Donahue. Men under middagen etterp\u00e5 ble deltakerne mindre tilbakeholdne i sin omtale av Hegseth, if\u00f8lge Daily Beast.<\/p>\n<p>        IRAN: Et sp\u00f8rsm\u00e5l om \u00e5 bruke atomv\u00e5pen i krigen mot Iran f\u00e5r Donald Trump til \u00e5 reagere kraftig. Video: AP \/ CENTCOM \/ X, reporter: Danny Son To. <\/p>\n<p>&#8211; Da bourbonen begynte \u00e5 flyte &#8230;, sier en Army-kilde til avisa.<\/p>\n<p>Kilden forteller at han gikk fra samlingen med et klart inntrykk av at h\u00e6rsjef Daniel Driscoll var p\u00e5 bristepunktet i forholdet til forsvarsministeren.<\/p>\n<p>\u00abDriscoll kommer til \u00e5 si opp denne uka\u00bb, var f\u00f8lelsen blant flere til stede, if\u00f8lge kilden.<\/p>\n<p>        <img loading=\"lazy\" decoding=\"async\" src=\"https:\/\/www.europesays.com\/no\/wp-content\/uploads\/2026\/09\/1788668237_718_85111946.webp\" width=\"667\" height=\"381\" alt=\"\" class=\"\" style=\"--aspect-ratio-image: 1.75; \"\/><\/p>\n<p>\n        KONFLIKTP\u00c5STANDER: Daniel Driscoll (i midten) og Pete Hegseth (t.v.) ved Dover Air Force Base i mars 2026. Daily Beast hevder at det har vokst fram betydelig intern motstand mot Hegseth i Pentagon. Foto: Kevin Lamarque \/ Reuters \/ NTB\n    <\/p>\n<p>Daily Beast hevder ogs\u00e5 at avgangen til h\u00e6rminister Daniel<br \/>\nDriscolls avgang henger sammen med en voksende konflikt rundt Hegseths ledelse.<\/p>\n<p>De skriver at Driscoll skal ha advart president<br \/>\nDonald Trump om konsekvensene av \u00e5 kvitte seg med erfarne milit\u00e6re ledere.<\/p>\n<p>If\u00f8lge avisa har mer enn 20 h\u00f8ytst\u00e5ende milit\u00e6re<br \/>\nledere forlatt sine stillinger siden Hegseth ble forsvarsminister.<\/p>\n<p>    <a itemprop=\"url\" href=\"https:\/\/www.dagbladet.no\/nyheter\/kan-bli-putins-neste-mal\/85102971\" rel=\"nofollow noopener\" target=\"_blank\"><\/p>\n<p>        <img loading=\"lazy\" decoding=\"async\" src=\"https:\/\/www.europesays.com\/no\/wp-content\/uploads\/2026\/09\/1788668238_86_85103047.webp\" width=\"180\" height=\"81\" alt=\"\" class=\"lazyload\" style=\"--aspect-ratio-image: 2.22; \"\/><\/p>\n<p>        Kan bli Putins neste m\u00e5l<\/p>\n<p>    <\/a><\/p>\n<p>&#8211; Ingen flere feite generaler<\/p>\n<p>Artikkelen beskriver Hegseth som en kontroversiell skikkelse<br \/>\nsom har prioritert lojalitet og fysiske krav framfor milit\u00e6r erfaring.<\/p>\n<p>Forsvarsministeren har blant annet innf\u00f8rt nye krav til<br \/>\nfysisk form blant offiserer og uttalt:<\/p>\n<p>        SVALBARD: Russiske myndigheter reagerer kraftig etter norske myndigheter tok et russisk skip i arrest p\u00e5 Svalbard. Video: NTB \/ Storyblocks \/ Natfogaz \/ AP \/ Reuters. Reporter: Silja Furset.<\/p>\n<p>&#8211; Ingen<br \/>\nflere skjeggete typer, ingen flere feite generaler.<\/p>\n<p>Samtidig peker Daily Beast p\u00e5 at flere av generalene som er<br \/>\nblitt fjernet eller presset ut, har arbeidet med \u00e5 modernisere den amerikanske<br \/>\nh\u00e6ren etter erfaringene fra krigen i Ukraina.<\/p>\n","protected":false},"excerpt":{"rendered":"Pete Hegseth skal ha f\u00e5tt et ydmykende kallenavn i Pentagon. N\u00e5 hevder avisa Daily Beast at misn\u00f8yen koker&hellip;\n","protected":false},"author":2,"featured_media":345500,"comment_status":"","ping_status":"","sticky":false,"template":"","format":"standard","meta":{"footnotes":"","_share_on_mastodon":"0"},"categories":[12],"tags":[20,21,24,25,15,22,23,13,30,28,29,14,16,26,27,412,42,43,44,45],"class_list":["post-345499","post","type-post","status-publish","format-standard","has-post-thumbnail","category-verden","tag-breaking-news","tag-breakingnews","tag-featured-news","tag-featurednews","tag-headlines","tag-latest-news","tag-latestnews","tag-news","tag-no","tag-norge","tag-norway","tag-nyheter","tag-overskrifter","tag-top-stories","tag-topstories","tag-utenriks","tag-verden","tag-world","tag-world-news","tag-worldnews"],"share_on_mastodon":{"url":"https:\/\/pubeurope.com\/@no\/117222169467424486","error":""},"_links":{"self":[{"href":"https:\/\/www.europesays.com\/no\/wp-json\/wp\/v2\/posts\/345499","targetHints":{"allow":["GET"]}}],"collection":[{"href":"https:\/\/www.europesays.com\/no\/wp-json\/wp\/v2\/posts"}],"about":[{"href":"https:\/\/www.europesays.com\/no\/wp-json\/wp\/v2\/types\/post"}],"author":[{"embeddable":true,"href":"https:\/\/www.europesays.com\/no\/wp-json\/wp\/v2\/users\/2"}],"replies":[{"embeddable":true,"href":"https:\/\/www.europesays.com\/no\/wp-json\/wp\/v2\/comments?post=345499"}],"version-history":[{"count":0,"href":"https:\/\/www.europesays.com\/no\/wp-json\/wp\/v2\/posts\/345499\/revisions"}],"wp:featuredmedia":[{"embeddable":true,"href":"https:\/\/www.europesays.com\/no\/wp-json\/wp\/v2\/media\/345500"}],"wp:attachment":[{"href":"https:\/\/www.europesays.com\/no\/wp-json\/wp\/v2\/media?parent=345499"}],"wp:term":[{"taxonomy":"category","embeddable":true,"href":"https:\/\/www.europesays.com\/no\/wp-json\/wp\/v2\/categories?post=345499"},{"taxonomy":"post_tag","embeddable":true,"href":"https:\/\/www.europesays.com\/no\/wp-json\/wp\/v2\/tags?post=345499"}],"curies":[{"name":"wp","href":"https:\/\/api.w.org\/{rel}","templated":true}]}}