{"id":345501,"date":"2026-09-06T04:26:19","date_gmt":"2026-09-06T04:26:19","guid":{"rendered":"https:\/\/www.europesays.com\/no\/345501\/"},"modified":"2026-09-06T04:26:19","modified_gmt":"2026-09-06T04:26:19","slug":"kong-harald-begravelse-kong-harald-begravelse-terje-riis-johansen-bard-hoksrud-og-morten-stordalen-invitert","status":"publish","type":"post","link":"https:\/\/www.europesays.com\/no\/345501\/","title":{"rendered":"Kong Harald, Begravelse | Kong Harald begravelse: Terje Riis-Johansen, B\u00e5rd Hoksrud og Morten Stordalen invitert"},"content":{"rendered":"\n<p>Onsdag 9. september rettes hele Norges oppmerksomhet mot hovedstaden og den historiske statsgravferden.\u00a0<\/p>\n<p>Blant dem som f\u00e5r ta et siste farvel med kong Harald fra kirkebenkene, er fungerende fylkesordf\u00f8rer i Telemark, Terje Riis-Johansen.<\/p>\n<p>Det bekrefter fylkeskommunen i en pressemelding.<\/p>\n<p>\u2013 Den siste tiden har vi sett hvor mye kong Harald har betydd for hele det norske folk, Telemark inkludert. Jeg setter pris p\u00e5 \u00e5 f\u00e5 representere fylket v\u00e5rt ved en slik hendelse, sier Riis-Johansen.<\/p>\n<p>I en uttalelse publisert p\u00e5 kommunens nettsider har fylkesordf\u00f8reren uttrykt sin dypeste medf\u00f8lelse med kongefamilien. Han minnes monarken som en samlende skikkelse for nasjonen, og en konge som sto n\u00e6r folket. Spesielt trekker han fram de offisielle fylkesbes\u00f8kene.<\/p>\n<p>\u2013 Vi har hatt gleden av \u00e5 f\u00e5 bes\u00f8k av kongen flere ganger her i Telemark. Det har gitt oss gode minner om en konge som var inkluderende, im\u00f8tekommende og samlende for hele landet, skriver Riis-Johansen.<\/p>\n<p>Hoksrud og Stordalen<\/p>\n<p>Det er imidlertid ikke bare fylkesordf\u00f8reren som setter kursen mot Oslo domkirke denne onsdagen. Hele Telemarksbenken er invitert til begravelsen.<\/p>\n<p>Stordalen deltar i egenskap av sin rolle som f\u00f8rste visepresident p\u00e5 Stortinget. Hoksrud representerer den lovgivende forsamlingen som leder av Stortingets transport- og kommunikasjonskomit\u00e9.<\/p>\n","protected":false},"excerpt":{"rendered":"Onsdag 9. september rettes hele Norges oppmerksomhet mot hovedstaden og den historiske statsgravferden.\u00a0 Blant dem som f\u00e5r ta&hellip;\n","protected":false},"author":2,"featured_media":345502,"comment_status":"","ping_status":"","sticky":false,"template":"","format":"standard","meta":{"footnotes":"","_share_on_mastodon":"0"},"categories":[5],"tags":[36,294,20,21,24,25,15,19,2590,22,23,17,18,13,30,28,29,14,16,26424,1510,992,26,27],"class_list":["post-345501","post","type-post","status-publish","format-standard","has-post-thumbnail","category-overskrifter","tag-art","tag-begravelse","tag-breaking-news","tag-breakingnews","tag-featured-news","tag-featurednews","tag-headlines","tag-hovedoppslag","tag-kong-harald","tag-latest-news","tag-latestnews","tag-main-news","tag-mainnews","tag-news","tag-no","tag-norge","tag-norway","tag-nyheter","tag-overskrifter","tag-politikere","tag-story","tag-telemark","tag-top-stories","tag-topstories"],"share_on_mastodon":{"url":"https:\/\/pubeurope.com\/@no\/117222203905980123","error":""},"_links":{"self":[{"href":"https:\/\/www.europesays.com\/no\/wp-json\/wp\/v2\/posts\/345501","targetHints":{"allow":["GET"]}}],"collection":[{"href":"https:\/\/www.europesays.com\/no\/wp-json\/wp\/v2\/posts"}],"about":[{"href":"https:\/\/www.europesays.com\/no\/wp-json\/wp\/v2\/types\/post"}],"author":[{"embeddable":true,"href":"https:\/\/www.europesays.com\/no\/wp-json\/wp\/v2\/users\/2"}],"replies":[{"embeddable":true,"href":"https:\/\/www.europesays.com\/no\/wp-json\/wp\/v2\/comments?post=345501"}],"version-history":[{"count":0,"href":"https:\/\/www.europesays.com\/no\/wp-json\/wp\/v2\/posts\/345501\/revisions"}],"wp:featuredmedia":[{"embeddable":true,"href":"https:\/\/www.europesays.com\/no\/wp-json\/wp\/v2\/media\/345502"}],"wp:attachment":[{"href":"https:\/\/www.europesays.com\/no\/wp-json\/wp\/v2\/media?parent=345501"}],"wp:term":[{"taxonomy":"category","embeddable":true,"href":"https:\/\/www.europesays.com\/no\/wp-json\/wp\/v2\/categories?post=345501"},{"taxonomy":"post_tag","embeddable":true,"href":"https:\/\/www.europesays.com\/no\/wp-json\/wp\/v2\/tags?post=345501"}],"curies":[{"name":"wp","href":"https:\/\/api.w.org\/{rel}","templated":true}]}}