{"id":345503,"date":"2026-09-06T04:43:15","date_gmt":"2026-09-06T04:43:15","guid":{"rendered":"https:\/\/www.europesays.com\/no\/345503\/"},"modified":"2026-09-06T04:43:15","modified_gmt":"2026-09-06T04:43:15","slug":"sniktitt-pa-xiaomi-18-fold-skal-sla-samsung-pa-kamera-teknokratiet","status":"publish","type":"post","link":"https:\/\/www.europesays.com\/no\/345503\/","title":{"rendered":"Sniktitt p\u00e5 Xiaomi 18 Fold: Skal sl\u00e5 Samsung p\u00e5 kamera \u2013 Teknokratiet"},"content":{"rendered":"<p>Xiaomi tok med seg over 380 produkter til <a href=\"https:\/\/www.androidauthority.com\/xiaomi-18-fold-ifa-2026-showcase-3704608\/\" rel=\"nofollow noopener\" target=\"_blank\">IFA 2026<\/a>, selskapets st\u00f8rste messe utenfor Kina noensinne. Elsparkesykler, st\u00f8vsugere, TV-er, biler, telefoner.<\/p>\n<p><img decoding=\"async\" loading=\"lazy\" src=\"https:\/\/www.europesays.com\/no\/wp-content\/uploads\/2026\/09\/1788669792_241_1024w.jpg\" alt=\"McLaren-inspirert racerbil fra Xiaomi utstilt p\u00e5 messegulvet under IFA 2026\"\/>Denne McLaren-inspirerte racerbilen fra Xiaomi fikk vi vilt lyst til \u00e5 pr\u00f8ve.FotoOle Magnus Kinapel<\/p>\n<p>Etter at vi hadde latt oss imponere noe voldsomt av Xiaomis biler, snublet vi over en monter der en kirseb\u00e6rr\u00f8d brettbar l\u00e5 bak et glasslokk.<\/p>\n<p><img decoding=\"async\" loading=\"lazy\" src=\"https:\/\/www.europesays.com\/no\/wp-content\/uploads\/2026\/09\/1788669793_650_1024w.jpg\" alt=\"Xiaomis elbiler utstilt p\u00e5 selskapets stand under IFA 2026 i Berlin\"\/>Xiaomis biler er imponerende b\u00e5de i ytelse og pris. De er ogs\u00e5 ganske statssubsidierte, har vi h\u00f8rt.FotoOle Magnus Kinapel<\/p>\n<p>Xiaomi 18 Fold er kort og bred istedet for lang og smal, og bretter seg ut til et format som ligner mest av alt p\u00e5 en liten notatbok. Det er n\u00f8yaktig samme grep Samsung tok med <a href=\"https:\/\/teknokratiet.no\/test\/samsung-galaxy-z-fold8-test\" rel=\"nofollow noopener\" target=\"_blank\">Galaxy Z Fold8<\/a>, og som Apple etter alt \u00e5 d\u00f8mme tar med sin f\u00f8rste <a href=\"https:\/\/teknokratiet.no\/artikkel\/har-provd-nye-iphone-ultra\" rel=\"nofollow noopener\" target=\"_blank\">brettbare iPhone<\/a>.<\/p>\n<p>Kort, bred og rund i kantene<\/p>\n<p>Dekselskjermen m\u00e5ler 5,38 tommer, innsiden 7,58 tommer i 4:3-format. Sammenbrettet er telefonen omtrent p\u00e5 st\u00f8rrelse med et pass, og Xiaomi kaller selv formatet en \u00abmid-fold\u00bb \u2013 et sted mellom den store brettbare og den lille flippen.<\/p>\n<p><img decoding=\"async\" loading=\"lazy\" src=\"https:\/\/www.europesays.com\/no\/wp-content\/uploads\/2026\/09\/1788669794_252_1024w.jpg\" alt=\"N\u00e6rbilde av den innvendige skjermen p\u00e5 Xiaomi 18 Fold der bretten knapt er synlig\"\/>Kan du se bretten?FotoOle Magnus Kinapel<\/p>\n<p>Der Samsung holder p\u00e5 skarpe hj\u00f8rner og rette kanter, runder Xiaomi av hele veien. Det gir en litt asymmetrisk profil n\u00e5r telefonen er lukket, men ser bedre ut i virkeligheten enn p\u00e5 pressebildene. Fargen er ogs\u00e5 kraftigere i virkeligheten enn p\u00e5 nett.<\/p>\n<p>Bak monterglasset var det umulig \u00e5 f\u00e5 \u00f8ye p\u00e5 bretten. Hvordan den oppleves i h\u00e5nden gjenst\u00e5r \u00e5 se. Inni en monter ser ting litt ekstra bra ut.<\/p>\n<p>Pennen Samsung ga opp<\/p>\n<p>I en ny reklamefilm for Xiaomi 18 Fold viser selskapet en mann som betjener telefonen med penn p\u00e5 den innvendige skjermen.<\/p>\n<p>Samsung har g\u00e5tt motsatt vei. Galaxy Z Fold8 <a href=\"https:\/\/www.androidauthority.com\/samsung-galaxy-z-fold-8-series-s-pen-support-3687201\/\" rel=\"nofollow noopener\" target=\"_blank\">har ingen S Pen-st\u00f8tte<\/a>. Dette har de fjernet for \u00e5 gj\u00f8re telefonen s\u00e5 tynn som mulig. Z Fold8 m\u00e5ler 9,7 millimeter sammenbrettet, 4,5 millimeter utbrettet, og veier 201 gram. Xiaomi har ikke oppgitt sine egne m\u00e5l enn\u00e5, men de som har sett Xiaomi 18 Fold p\u00e5 n\u00e6rt hold ansl\u00e5r 7 til 9 millimeter sammenbrettet og rundt 5 millimeter utbrettet. Utbrettet er Samsung alts\u00e5 tynnest, og det er der pennen ble ofret.<\/p>\n<p><img decoding=\"async\" loading=\"lazy\" src=\"https:\/\/www.europesays.com\/no\/wp-content\/uploads\/2026\/09\/1788669795_603_1024w.jpg\" alt=\"Xiaomi 18 Fold sett fra siden, sammenbrettet, med Leica-kameravisiret synlig\"\/>Litt tykkere enn Z Fold8, men ogs\u00e5 et kamera ekstra og st\u00f8rre batteri.FotoOle Magnus Kinapel<\/p>\n<p>Men penn gir mening p\u00e5 brettbare notatboktelefoner. Samsung sier ogs\u00e5 at de \u00abutforsker\u00bb en retur.<\/p>\n<p>Egen brikke for f\u00f8rste gang<\/p>\n<p>Under lokket sitter Xiaomis egen Xring O3. Det er f\u00f8rste gang selskapet setter sin egen brikke i et flaggskip. Med den f\u00f8lger 16 GB LPDDR6-minne fra kinesiske CXMT, med overf\u00f8ringshastigheter opp til 12 800 Mbps. Xiaomi 18 Fold er den f\u00f8rste telefonen i verden som f\u00e5r denne minnetypen.<\/p>\n<p class=\"faktaboks-kicker\">Fakta<\/p>\n<p>Hvorfor egen prosessor??<\/p>\n<p>Xring er Xiaomis egen serie med systembrikker, alts\u00e5 hjernen i telefonen. Selskapet har tidligere kj\u00f8pt brikker fra Qualcomm og MediaTek. Med O3 tar Xiaomi steget Apple tok med sine A-brikker: \u00c5 designe prosessoren selv, slik at maskinvare og programvare kan tilpasses hverandre tettere.<\/p>\n<p>Tre kameraer mot Samsungs to<\/p>\n<p>Baksiden har et Leica Summilux-oppsett med tre kameraer i en visir-stripe: Et hovedkamera p\u00e5 200 megapiksler med optisk stabilisering, en ultravidvinkel p\u00e5 50 megapiksler og en telelinse p\u00e5 50 megapiksler med 3,5 ganger optisk zoom. Brennvidden g\u00e5r fra 17 til 80 millimeter.<\/p>\n<p><img decoding=\"async\" loading=\"lazy\" src=\"https:\/\/www.europesays.com\/no\/wp-content\/uploads\/2026\/09\/1788669795_585_1024w.jpg\" alt=\"Sammenbrettet Xiaomi 18 Fold med dekselskjermen og Leica-kameravisiret synlig\"\/>Stor og lekker skjerm.FotoOle Magnus Kinapel<\/p>\n<p>Det virker lovende. Det eneste vi har \u00e5 trekke Samsung Galaxy Z Fold8 for er kameraet.<\/p>\n<p>Batteriet er p\u00e5 6000 mAh, med 67 W lading med ledning og 50 W tr\u00e5dl\u00f8st. Ogs\u00e5 langt bedre enn Samsungs. Hengslet heter \u00abDragon Bone\u00bb, dekselglasset Dragon Crystal Glass 3.0, og telefonen er IP68-sertifisert. Fingeravtrykkleseren sitter p\u00e5 siden.<\/p>\n<p>Xiaomi rakk det f\u00f8r Apple<\/p>\n<p>Telefonen slippes i Kina 7. september. Om den kommer til Europa har Xiaomi ikke sagt et ord om, og selskapet har en lang historie med \u00e5 holde de brettbare hjemme. Synd, for denne ser virkelig bra ut.<\/p>\n<p>Med bedre kamera og batteri, og med st\u00f8tte for penn kan Xiaomi ta innersvingen p\u00e5 Samsung.<\/p>\n<p>Kommer den hit har vi tre knallsterke notatboktelefoner \u00e5 velge mellom. Apple har enn\u00e5 ikke vist frem sin egen notatbokbrettbare, men ryktene sier at den vil bli vist frem p\u00e5 Apples september-lansering, allerede n\u00e5 p\u00e5 onsdag.<\/p>\n","protected":false},"excerpt":{"rendered":"Xiaomi tok med seg over 380 produkter til IFA 2026, selskapets st\u00f8rste messe utenfor Kina noensinne. Elsparkesykler, st\u00f8vsugere,&hellip;\n","protected":false},"author":2,"featured_media":345504,"comment_status":"","ping_status":"","sticky":false,"template":"","format":"standard","meta":{"footnotes":"","_share_on_mastodon":"0"},"categories":[57],"tags":[30,28,29,65,63,64,66,70,69,67,68],"class_list":["post-345503","post","type-post","status-publish","format-standard","has-post-thumbnail","category-vitenskap-og-teknologi","tag-no","tag-norge","tag-norway","tag-science","tag-science-and-technology","tag-scienceandtechnology","tag-technology","tag-teknologi","tag-vitenskap","tag-vitenskap-og-teknologi","tag-vitenskapteknologi"],"share_on_mastodon":{"url":"https:\/\/pubeurope.com\/@no\/117222271554544670","error":""},"_links":{"self":[{"href":"https:\/\/www.europesays.com\/no\/wp-json\/wp\/v2\/posts\/345503","targetHints":{"allow":["GET"]}}],"collection":[{"href":"https:\/\/www.europesays.com\/no\/wp-json\/wp\/v2\/posts"}],"about":[{"href":"https:\/\/www.europesays.com\/no\/wp-json\/wp\/v2\/types\/post"}],"author":[{"embeddable":true,"href":"https:\/\/www.europesays.com\/no\/wp-json\/wp\/v2\/users\/2"}],"replies":[{"embeddable":true,"href":"https:\/\/www.europesays.com\/no\/wp-json\/wp\/v2\/comments?post=345503"}],"version-history":[{"count":0,"href":"https:\/\/www.europesays.com\/no\/wp-json\/wp\/v2\/posts\/345503\/revisions"}],"wp:featuredmedia":[{"embeddable":true,"href":"https:\/\/www.europesays.com\/no\/wp-json\/wp\/v2\/media\/345504"}],"wp:attachment":[{"href":"https:\/\/www.europesays.com\/no\/wp-json\/wp\/v2\/media?parent=345503"}],"wp:term":[{"taxonomy":"category","embeddable":true,"href":"https:\/\/www.europesays.com\/no\/wp-json\/wp\/v2\/categories?post=345503"},{"taxonomy":"post_tag","embeddable":true,"href":"https:\/\/www.europesays.com\/no\/wp-json\/wp\/v2\/tags?post=345503"}],"curies":[{"name":"wp","href":"https:\/\/api.w.org\/{rel}","templated":true}]}}