{"id":345513,"date":"2026-09-06T05:42:49","date_gmt":"2026-09-06T05:42:49","guid":{"rendered":"https:\/\/www.europesays.com\/no\/345513\/"},"modified":"2026-09-06T05:42:49","modified_gmt":"2026-09-06T05:42:49","slug":"seo-tittel-kong-harald-takket-legene-jeg-takker-dem-for-at-jeg-lever","status":"publish","type":"post","link":"https:\/\/www.europesays.com\/no\/345513\/","title":{"rendered":"SEO-tittel: Kong Harald takket legene: \u2013 Jeg takker dem for at jeg lever"},"content":{"rendered":"<p>Gjennom mer enn 20 \u00e5r med alvorlig sykdom, store operasjoner og gjentatte sykehusinnleggelser ble legene og helsepersonellet rundt kong Harald en viktig del av livet hans.<\/p>\n<p>    <a itemprop=\"url\" href=\"https:\/\/www.seher.no\/kongelig\/umulig-ikke-a-bli-rort\/85078893\" rel=\"nofollow noopener\" target=\"_blank\"><\/p>\n<p>        <img loading=\"lazy\" decoding=\"async\" src=\"https:\/\/www.europesays.com\/no\/wp-content\/uploads\/2026\/09\/1788673349_637_85082178.webp\" width=\"180\" height=\"81\" alt=\"\" class=\"lazyload\" style=\"--aspect-ratio-image: 2.22; \"\/><\/p>\n<p>        &#8211; Umulig ikke \u00e5 bli r\u00f8rt<\/p>\n<p>    <\/a><\/p>\n<p>Rikshospitalet ble etter hvert et fast holdepunkt. Her ble han operert for kreft i 2003, gjennomgikk omfattende hjertekirurgi i 2005 og fikk senere b\u00e5de ny hjerteklaff og permanent pacemaker.<\/p>\n<p>Gang p\u00e5 gang kunne kong Harald vende tilbake til familien og de kongelige pliktene etter behandling. Selv la han aldri skjul p\u00e5 hvor gode erfaringer han hadde som pasient \u2013 eller hvor mye hjelpen hadde betydd for ham.<\/p>\n<p>        B\u00c5RESEREMONI: Mandag ble kong Haralds b\u00e5re til Slottskapellet. B\u00e5ren ble fraktet av kong Haakon og kongens barnebarn. Bilder fra NRK. <\/p>\n<p class=\"font-weight-bold m-font-weight-bold\" data-lab-font_weight=\"font-weight-bold\">Det var ogs\u00e5 p\u00e5 Rikshospitalet han tilbrakte sine siste dager.<\/p>\n<p>Kong Harald ble lagt inn 17. august etter komplikasjoner i forbindelse med behandling for blodsykdommen hemolytisk anemi. Behandlingen hadde f\u00f8rt til v\u00e6skeansamling i kroppen, og noen dager senere ble det kjent at sykehusoppholdet m\u00e5tte forlenges.<\/p>\n<p>        <img loading=\"lazy\" decoding=\"async\" src=\"https:\/\/www.europesays.com\/no\/wp-content\/uploads\/2026\/09\/85062166.webp\" width=\"667\" height=\"527\" alt=\"\" class=\"\" style=\"--aspect-ratio-image: 1.27; \"\/><\/p>\n<p>\n        TAKKNEMLIG: Kong Harald smilte og ble m\u00f8tt med applaus da han forlot Rikshospitalet etter kreftoperasjonen i 2003. Harald dro direkte til Kongsseteren hvor han og dronning Sonja tilbrakte jule- og nytt\u00e5rshelgen. P\u00e5 bildet tok han farvel med legene som opererte ham. Foto: Knut Fjeldstad \/ NTB\n    <\/p>\n<p>S\u00e5 forverret situasjonen seg. Det ble p\u00e5vist bakterier i blodet, og kongen fikk antibiotikabehandling. I f\u00f8rste omgang responderte han p\u00e5 behandlingen, men torsdag 27. august kom den alvorlige beskjeden fra Slottet om at helsetilstanden var \u00absv\u00e6rt alvorlig\u00bb.<\/p>\n<p class=\"font-weight-bold m-font-weight-bold\" data-lab-font_weight=\"font-weight-bold\">Familien samlet seg p\u00e5 sykehuset. Neste morgen, fredag 28. august klokken 06.35, sovnet kong Harald stille inn, 89 \u00e5r gammel.<\/p>\n<p>Bak ham l\u00e5 mer enn to ti\u00e5r der sykdom og behandling gradvis hadde blitt en st\u00f8rre del av livet.<\/p>\n<p>Det begynte for alvor med kreftbeskjeden i 2003.<\/p>\n<p>\u2013 \u00c5penhet avler trygghet\t<\/p>\n<p class=\"font-weight-bold m-font-weight-bold\" data-lab-font_weight=\"font-weight-bold\">Kong Harald var tydelig p\u00e5 betydningen av \u00e5penhet rundt sykdom.<\/p>\n<p>        <img loading=\"lazy\" decoding=\"async\" src=\"https:\/\/www.europesays.com\/no\/wp-content\/uploads\/2026\/09\/85082406.webp\" width=\"667\" height=\"507\" alt=\"\" class=\"\" style=\"--aspect-ratio-image: 1.32; \"\/><\/p>\n<p>\n        BLOMSTERHAVET VOKSER: S\u00f8rgende str\u00f8mmer til Slottsplassen med lys og blomster etter at det ble kjent at kong Harald d\u00f8de fredag.Foto: Ole Berg-Rusten \/ NTB\n    <\/p>\n<p>\u2013 Jeg tror b\u00e5de pasienter og leger b\u00f8r v\u00e6re \u00e5pne om sykdom. \u00c5penhet avler trygghet. Ogs\u00e5 for pasientene, sa kong Harald da Se og H\u00f8r fikk stille ham sp\u00f8rsm\u00e5l i forbindelse med en helsekonferanse p\u00e5 Jessheim i 2016.<\/p>\n<p>Da han ogs\u00e5 ble spurt om sine egne erfaringer som pasient, kom kongen med ordene som oppsummerte forholdet til legene gjennom mange \u00e5r.<\/p>\n<p>Han hadde tidligere sagt at han takket legene for at han levde.<\/p>\n<p>        <img loading=\"lazy\" decoding=\"async\" src=\"https:\/\/www.europesays.com\/no\/wp-content\/uploads\/2026\/09\/85062157.webp\" width=\"667\" height=\"688\" alt=\"\" class=\"\" style=\"--aspect-ratio-image: 0.97; \"\/><\/p>\n<p>\n        BEKYMRET: Dronning Sonja var en sterk st\u00f8tte for kong Harald, og hun bes\u00f8kte ham titt og ofte under de mange sykehusinnleggelsene. Her er hun p\u00e5 visitt p\u00e5 Rikshospitalet etter Malaysia-ferien, som br\u00e5tt ble avbrutt da kong Harald ble innlagt p\u00e5 sykehus. Foto: Andreas Fadum\n    <\/p>\n<p class=\"font-weight-bold m-font-weight-bold\" data-lab-font_weight=\"font-weight-bold\">\u2013 Det har jeg sagt mange ganger, s\u00e5 det kan jeg gjerne si igjen, sa kongen til Se og H\u00f8r, og la til at han bare hadde gode erfaringer med \u00e5 v\u00e6re pasient.<\/p>\n<p>Ordene skulle f\u00e5 stadig st\u00f8rre tyngde etter hvert som kongen ble eldre og sykdomsperiodene flere.<\/p>\n<p>For hver gang kongen kom tilbake etter en alvorlig sykdom, var legene og helsepersonellet ved hans side.<\/p>\n<p>Syk p\u00e5 ferie\t<\/p>\n<p>Bare et halvt \u00e5r f\u00f8r kongens d\u00f8d m\u00e5tte han igjen legges inn p\u00e5 sykehus.\u00a0Under et privat opphold med dronning Sonja p\u00e5 Tenerife i februar ble han innlagt p\u00e5 Hospital Universitario Hospiten Sur.<\/p>\n<p>        <img loading=\"lazy\" decoding=\"async\" src=\"https:\/\/www.europesays.com\/no\/wp-content\/uploads\/2026\/09\/85062101.webp\" width=\"667\" height=\"667\" alt=\"\" class=\"\" style=\"--aspect-ratio-image: 1.00; \"\/><\/p>\n<p>\n        HYGGET SEG: Her ser vi kong Harald da han ble kj\u00f8rt rundt inne p\u00e5 hotellomr\u00e5det p\u00e5 Tenerife i en elektrisk minibil under kongeparets f\u00f8rste opphold p\u00e5 hotellet \u00e5ret i forveien. Foto: Privat\n    <\/p>\n<p class=\"font-weight-bold m-font-weight-bold\" data-lab-font_weight=\"font-weight-bold\">Kongen ble behandlet for en infeksjon og dehydrering. Livlegen Bj\u00f8rn Bendz reiste etter til Tenerife og opplyste senere at infeksjonen stammet fra en hudinfeksjon i det ene beinet.<\/p>\n<p>\u2013 N\u00e5r personer p\u00e5 nesten 90 \u00e5r legges inn med infeksjon er det alvorlig, uttalte Bendz.<\/p>\n<p>Kongen responderte godt p\u00e5 behandlingen og ble skrevet ut 26. februar. Kongeparet fortsatte deretter det private oppholdet f\u00f8r de returnerte til Norge. Men ingen tok noen sjanser: Livlegen fulgte kongeparet under resten av ferien.<\/p>\n<p>        <img loading=\"lazy\" decoding=\"async\" src=\"https:\/\/www.europesays.com\/no\/wp-content\/uploads\/2026\/09\/85062105.webp\" width=\"667\" height=\"461\" alt=\"\" class=\"\" style=\"--aspect-ratio-image: 1.45; \"\/><\/p>\n<p>\n        TID FOR RO:<br \/>\nDet var ingenting \u00e5 utsette<br \/>\np\u00e5 fasilitetene p\u00e5 Bahia del<br \/>\nDuque-resorten p\u00e5 Tenerife, der<br \/>\nkongeparet fortsettar ferien. FOto: BAH\u00cdA DEL<br \/>\nDUQUE HOTE\n    <\/p>\n<p>Dramatisk sykdom i Malaysia\t<\/p>\n<p>To \u00e5r tidligere hadde en annen ferie f\u00e5tt en enda mer dramatisk utvikling.\u00a0I slutten av januar 2024 ble kong Harald sykmeldt med en luftveisinfeksjon. Han kom tilbake p\u00e5 jobb f\u00e5 dager senere.<\/p>\n<p>I februar reiste kong Harald og dronning Sonja p\u00e5 privat ferie til Malaysia, og 27. februar ble kongen innlagt p\u00e5 sykehus p\u00e5 ferie\u00f8ya Langkawi med en infeksjon.<\/p>\n<p>        <img loading=\"lazy\" decoding=\"async\" src=\"https:\/\/www.europesays.com\/no\/wp-content\/uploads\/2026\/09\/85062141.webp\" width=\"688\" height=\"393\" alt=\"\" class=\"\" style=\"--aspect-ratio-image: 1.75; \"\/><\/p>\n<p>\n        MALAYSIA: Kong Harald var innlagt p\u00e5 Sultanah Maliha Hospital p\u00e5 ferie\u00f8yen Langkawi i Malaysia. Foto: NTB\n    <\/p>\n<p class=\"font-weight-bold m-font-weight-bold\" data-lab-font_weight=\"font-weight-bold\">Livlegen Bj\u00f8rn Bendz reiste til Malaysia sammen med norsk helsepersonell. Under sykehusoppholdet fikk kongen lav hjertefrekvens, og 2. mars ble det lagt inn en midlertidig pacemaker for \u00e5 gj\u00f8re hjemreisen tryggere.<\/p>\n<p>Dagen etter ble kongen fl\u00f8yet hjem til Norge i et medisinsk evakueringsfly og lagt inn p\u00e5 Rikshospitalet.<\/p>\n<p>        <img loading=\"lazy\" decoding=\"async\" src=\"https:\/\/www.europesays.com\/no\/wp-content\/uploads\/2026\/09\/85062133.webp\" width=\"688\" height=\"393\" alt=\"\" class=\"\" style=\"--aspect-ratio-image: 1.75; \"\/><\/p>\n<p>\n        GARDERMOEN: Det medisinske evakueringsflyet med kong Harald om bord kom fra Langkawi i Malaysia. Kong Harald ble trillet ut av flyet p\u00e5 en b\u00e5re.Foto: Bj\u00f8rn Langsem \/ Dagbladet\n    <\/p>\n<p>Der fikk han operert inn en permanent pacemaker 12. mars. Og nok en gang kunne kong Harald reise hjem fra sykehus og g\u00e5 tilbake til sine plikter.<\/p>\n<p>Ogs\u00e5 \u00e5rene f\u00f8r var preget av gjentatte sykdomsperioder.<\/p>\n<p>I mai 2023 ble kong Harald innlagt p\u00e5 Rikshospitalet med en infeksjon som m\u00e5tte behandles. Han ble skrevet ut en uke senere og kunne delta p\u00e5 nasjonaldagen 17. mai.<\/p>\n<p>        <img loading=\"lazy\" decoding=\"async\" src=\"https:\/\/www.europesays.com\/no\/wp-content\/uploads\/2026\/09\/85062071.webp\" width=\"667\" height=\"607\" alt=\"\" class=\"\" style=\"--aspect-ratio-image: 1.10; \"\/><\/p>\n<p>\n        VAR \u00c5PEN OM OPERASJONEN: Kong Haralds livlege Bj\u00f8rn Bendz m\u00f8tte pressen p\u00e5 Rikshospitalet etter at kong Harald hadde f\u00e5tt operert inn den permanente pacemakeren. Foto: Rodrigo Freitas \/ NTB\n    <\/p>\n<p class=\"font-weight-bold m-font-weight-bold\" data-lab-font_weight=\"font-weight-bold\">I slutten av august samme \u00e5r ble kongen sykmeldt med forkj\u00f8lelse. Det skjedde samtidig som han og dronning Sonja markerte sin 55-\u00e5rige bryllupsdag 29. august.<\/p>\n<p>I oktober ble kongen syk igjen etter \u00e5 ha blitt smittet med coronavirus. Han hadde forkj\u00f8lelsessymptomer og m\u00e5tte blant annet st\u00e5 over den tradisjonelle stortingsmiddagen p\u00e5 Slottet. Dette var andre gang kong Harald fikk p\u00e5vist corona.<\/p>\n<p>To sykehusinnleggelser i 2022\t<\/p>\n<p>F\u00f8rste gang kong Harald ble smittet med coronavirus var i mars 2022.<\/p>\n<p>Han hadde lettere symptomer og var sykmeldt i rundt halvannen uke.<\/p>\n<p>        Stortingspresident Masud Gharahkhani forteller om det sterke m\u00f8tet han hadde med Norges nye konge. Reporter: Omar Bouignane. Video: Sanne Holt. <\/p>\n<p>Allerede tidligere samme \u00e5r, i slutten av januar, hadde kongen v\u00e6rt sykmeldt med forkj\u00f8lelsessymptomer. Han testet da negativt for corona.<\/p>\n<p class=\"font-weight-bold m-font-weight-bold\" data-lab-font_weight=\"font-weight-bold\">I begynnelsen av august ble kong Harald innlagt p\u00e5 Rikshospitalet etter \u00e5 ha f\u00e5tt feber. Det ble p\u00e5vist en infeksjon, og kongen ble behandlet med intraven\u00f8s antibiotika. Fire dager senere kunne han forlate sykehuset.<\/p>\n<p>Men f\u00f8r jul var han tilbake p\u00e5 Rikshospitalet med en ny infeksjon. Ogs\u00e5 denne gangen fikk han intraven\u00f8s antibiotika.<\/p>\n<p>Han ble skrevet ut f\u00f8r jul og kunne feire h\u00f8ytiden med familien.\u00a0Men i 2021 startet \u00e5ret med nok en sykdomsperiode.<\/p>\n<p class=\"font-weight-bold m-font-weight-bold\" data-lab-font_weight=\"font-weight-bold\">Kong Harald hadde f\u00e5tt en skade p\u00e5 en sene over h\u00f8yre kne og m\u00e5tte opereres 30. januar. Operasjonen var vellykket, men kongen m\u00e5tte gjennom en periode med opptrening og var sykmeldt i flere uker.<\/p>\n<p>        <img loading=\"lazy\" decoding=\"async\" src=\"https:\/\/www.europesays.com\/no\/wp-content\/uploads\/2026\/09\/85062061.webp\" width=\"667\" height=\"381\" alt=\"\" class=\"\" style=\"--aspect-ratio-image: 1.75; \"\/><\/p>\n<p>\n        VISTE OMSORG: Dronning Sonja bes\u00f8kte Rikshospitalet noen timer etter at kong Harald var operert i senen over kneet. i 2021. Foto: Andreas Fadum\/Se og H\u00f8r\n    <\/p>\n<p>Mens kongen var ute av tjeneste, fungerte dav\u00e6rende kronprins Haakon som regent og overtok farens konstitusjonelle oppgaver.\u00a0Det skulle han komme til \u00e5 gj\u00f8re flere ganger i farens siste leve\u00e5r.<\/p>\n<p>M\u00e5tte bytte hjerteklaff\t<\/p>\n<p>2020 ble ogs\u00e5 et krevende \u00e5r for kongens helse.<\/p>\n<p class=\"font-weight-bold m-font-weight-bold\" data-lab-font_weight=\"font-weight-bold\">I begynnelsen av januar ble han innlagt p\u00e5 Rikshospitalet p\u00e5 grunn av svimmelhet. Slottet opplyste at det ikke var funnet tegn til alvorlig sykdom, og kongen ble skrevet ut etter en uke.<\/p>\n<p>I september samme \u00e5r ble kong Harald igjen innlagt p\u00e5 Rikshospitalet, denne gangen p\u00e5 grunn av tung pust.\u00a0Unders\u00f8kelsene viste etter hvert at den biologiske hjerteklaffen han hadde f\u00e5tt operert inn 15 \u00e5r tidligere, m\u00e5tte skiftes ut.<\/p>\n<p>1. oktober 2020 gjennomgikk kongen en ny hjerteklaffoperasjon. Inngrepet ble gjennomf\u00f8rt via en puls\u00e5re i lysken med lokalbed\u00f8velse, og kong Harald var v\u00e5ken under hele operasjonen.<\/p>\n<p>        KONG HAAKON: Etter kong Haralds bortgang er det n\u00e5 kong Haakon som trer inn i sin nye rolle. Kongehusekspert Caroline Vagle understreker den store overgangen og legger ikke skjul p\u00e5 det vemodige tronskiftet. Foto: Det kongelige hoff\/NTB\/Se og H\u00f8r<\/p>\n<p class=\"font-weight-bold m-font-weight-bold\" data-lab-font_weight=\"font-weight-bold\">Det medisinske teamet ble ledet av kongens livlege Bj\u00f8rn Bendz sammen med leger ved Rikshospitalet.\u00a0Operasjonen var vellykket.<\/p>\n<p>Mens kongen var sykmeldt, fungerte dav\u00e6rende kronprins Haakon som regent.<\/p>\n<p>Det var ogs\u00e5 Haakon som sto for den h\u00f8ytidelige \u00e5pningen av Stortinget 2. oktober. Sist gang en dav\u00e6rende kronprins hadde \u00e5pnet Stortinget, var i 1990, da dav\u00e6rende kronprins Harald vikarierte for sin syke far, kong Olav.<\/p>\n<p>Kongen hadde ogs\u00e5 flere kortere sykdomsperioder i \u00e5rene f\u00f8r.<\/p>\n<p>    <a itemprop=\"url\" href=\"https:\/\/www.seher.no\/kongelig\/tronskifte-er-over\/85094035\" rel=\"nofollow noopener\" target=\"_blank\"><\/p>\n<p>        <img loading=\"lazy\" decoding=\"async\" src=\"https:\/\/www.europesays.com\/no\/wp-content\/uploads\/2026\/09\/85095027.webp\" width=\"147\" height=\"98\" alt=\"\" class=\"lazyload\" style=\"--aspect-ratio-image: 1.50; \"\/><\/p>\n<p>        Tronskiftet er over<\/p>\n<p>    <\/a><\/p>\n<p class=\"font-weight-bold m-font-weight-bold\" data-lab-font_weight=\"font-weight-bold\">I november 2017 ble han innlagt p\u00e5 Rikshospitalet med en infeksjon, og v\u00e5ren \u00e5ret etter ble han sykmeldt som f\u00f8lge av overbelastning og smerter i en fot.<\/p>\n<p>Sammenlignet med sykdomsperiodene som senere skulle komme, var dette mindre helseproblemer.<\/p>\n<p>Den alvorlige kreftbeskjeden<\/p>\n<p>        <img loading=\"lazy\" decoding=\"async\" src=\"https:\/\/www.europesays.com\/no\/wp-content\/uploads\/2026\/09\/85062019.webp\" width=\"688\" height=\"393\" alt=\"\" class=\"\" style=\"--aspect-ratio-image: 1.75; \"\/><\/p>\n<p>\n        \u00c5PENHET: Ogs\u00e5 i 2003 inviterte Slottet til pressekonferanse p\u00e5 Slottet i anledning kong Haralds kreftdiagnose. Ved bordet satt den gang overlege Trygve Talseth, overlege Ha\u030akon W\u00e6hre, hoffsjef Lars Petter<br \/>\nForberg og professor Anstein Bergan for \u00e5 redegjorde for kong Haralds sykdom til pressen. Foto: NTB\n    <\/p>\n<p>Den f\u00f8rste virkelig alvorlige sykdommen i kong Haralds regjeringstid kom f\u00f8r jul i 2003.<\/p>\n<p>I begynnelsen av desember ble det offentlig kjent at kong Harald hadde f\u00e5tt p\u00e5vist kreft i urinbl\u00e6ren.<\/p>\n<p class=\"font-weight-bold m-font-weight-bold\" data-lab-font_weight=\"font-weight-bold\">En uke senere gjennomgikk han en omfattende operasjon p\u00e5 Rikshospitalet.\u00a0Etter inngrepet kom den gode beskjeden fra legene: Det var ingen holdepunkter for at kreften hadde spredt seg.<\/p>\n<p>    <a itemprop=\"url\" href=\"https:\/\/www.seher.no\/kongelig\/samler-norge-for-siste-gang\/85070756\" rel=\"nofollow noopener\" target=\"_blank\"><\/p>\n<p>        <img loading=\"lazy\" decoding=\"async\" src=\"https:\/\/www.europesays.com\/no\/wp-content\/uploads\/2026\/09\/1788673366_415_85070927.webp\" width=\"180\" height=\"81\" alt=\"\" class=\"lazyload\" style=\"--aspect-ratio-image: 2.22; \"\/><\/p>\n<p>        Samler Norge for siste gang<\/p>\n<p>    <\/a><\/p>\n<p>Kongen ble skrevet ut fra Rikshospitalet 19. desember og fikk feire jul med familien.<\/p>\n<p>        HARALD OG SONJA: Det tidligere kongeparets unike kj\u00e6rlighetshistorie g\u00e5r viralt. Video: Sanne Holt\/R\u00f8d L\u00f8per, \u00abTil minne om kong Harald\u00bb\/ NRK TV, Instagram\/ @detnorskekongehuset<\/p>\n<p>Bare et par uker senere m\u00e5tte han imidlertid tilbake til sykehuset. I begynnelsen av januar 2004 ble han innlagt med urinveisinfeksjon og feber og behandlet med antibiotika.<\/p>\n<p>Stor hjerteoperasjon\t<\/p>\n<p class=\"font-weight-bold m-font-weight-bold\" data-lab-font_weight=\"font-weight-bold\">Bare halvannet \u00e5r etter kreftoperasjonen ventet en ny alvorlig helseutfordring.<\/p>\n<p>Kong Harald hadde aortastenose, en forsnevring i hjerteklaffen mellom venstre hjertekammer og hovedpuls\u00e5ren.<\/p>\n<p>        <img loading=\"lazy\" decoding=\"async\" src=\"https:\/\/www.europesays.com\/no\/wp-content\/uploads\/2026\/09\/85062032.webp\" width=\"667\" height=\"581\" alt=\"\" class=\"\" style=\"--aspect-ratio-image: 1.15; \"\/><\/p>\n<p>\n        TAKKET LEGENE:<br \/>\nDronning Sonja sto hele<br \/>\ntiden st\u00f8tt ved sin<br \/>\nektemanns side. Her<br \/>\nhilser hun p\u00e5 legene f\u00f8r<br \/>\nkong Haralds hjerteoperasjon i 2005. Foto: NTB\n    <\/p>\n<p class=\"font-weight-bold m-font-weight-bold\" data-lab-font_weight=\"font-weight-bold\">I april 2005 gjennomgikk han en stor hjerteoperasjon p\u00e5 Rikshospitalet. Den defekte aortaklaffen ble fjernet og erstattet med en biologisk hjerteklaff. Samtidig gjennomf\u00f8rte legene en bypassoperasjon, der en blod\u00e5re hentet fra kongens legg ble brukt til \u00e5 f\u00f8re blodet forbi en innsnevring i en kransarterie.<\/p>\n<p>Operasjonen gikk etter planen.\u00a0Men ni dager senere m\u00e5tte kongen igjen p\u00e5 operasjonsbordet.\u00a0Det hadde samlet seg v\u00e6ske i hjerteposen rundt hjertet, og 10. april ble v\u00e6sken fjernet i et nytt inngrep.\u00a0Ogs\u00e5 dette inngrepet var vellykket.<\/p>\n<p>    <a itemprop=\"url\" href=\"https:\/\/www.seher.no\/kongelig\/droyt-og-respektlost\/85076686\" rel=\"nofollow noopener\" target=\"_blank\"><\/p>\n<p>        <img loading=\"lazy\" decoding=\"async\" src=\"https:\/\/www.europesays.com\/no\/wp-content\/uploads\/2026\/09\/85077581.webp\" width=\"180\" height=\"81\" alt=\"\" class=\"lazyload\" style=\"--aspect-ratio-image: 2.22; \"\/><\/p>\n<p>        Om Harald: &#8211; Skammelig!<\/p>\n<p>    <\/a><\/p>\n<p>Den biologiske hjerteklaffen kong Harald fikk i 2005, ble sittende i 15 \u00e5r f\u00f8r den m\u00e5tte erstattes i 2020.<\/p>\n<p>Slik fortsatte det gjennom mer enn to ti\u00e5r: Kreft, hjerteoperasjoner, infeksjoner, pacemaker og stadig nye opphold p\u00e5 Rikshospitalet.\u00a0Gang p\u00e5 gang kunne kong Harald etter behandling vende tilbake til Sonja, familien og de kongelige oppgavene.<\/p>\n<p>        <img loading=\"lazy\" decoding=\"async\" src=\"https:\/\/www.europesays.com\/no\/wp-content\/uploads\/2026\/09\/85062034.webp\" width=\"667\" height=\"381\" alt=\"\" class=\"\" style=\"--aspect-ratio-image: 1.75; \"\/><\/p>\n<p>\n        HJERTE-TEAMET: Odd Geiran, Jan Svennevig og kong Haralds dav\u00e6rende livlege Halfdan Ihlen. Alle ble dekorert med den gjeve St. Olav Orden. Foto: NTB\n    <\/p>\n<p>Til slutt endte ogs\u00e5 hans siste sykdomsperiode p\u00e5 Rikshospitalet \u2013 sykehuset som hadde fulgt ham gjennom noen av de mest alvorlige helseutfordringene i livet.<\/p>\n<p>Og ordene han sa til Se og H\u00f8r i 2016 st\u00e5r igjen.\u00a0Han hadde bare gode erfaringer med \u00e5 v\u00e6re pasient.<\/p>\n","protected":false},"excerpt":{"rendered":"Gjennom mer enn 20 \u00e5r med alvorlig sykdom, store operasjoner og gjentatte sykehusinnleggelser ble legene og helsepersonellet rundt&hellip;\n","protected":false},"author":2,"featured_media":345514,"comment_status":"","ping_status":"","sticky":false,"template":"","format":"standard","meta":{"footnotes":"","_share_on_mastodon":"0"},"categories":[10],"tags":[17686,20,21,1560,4104,24,25,15,2590,76,22,23,13,30,28,29,14,16,2805,26,27],"class_list":["post-345513","post","type-post","status-publish","format-standard","has-post-thumbnail","category-norge","tag-bjorn-bendz","tag-breaking-news","tag-breakingnews","tag-dronning-sonja","tag-eksklusivt","tag-featured-news","tag-featurednews","tag-headlines","tag-kong-harald","tag-kongelig","tag-latest-news","tag-latestnews","tag-news","tag-no","tag-norge","tag-norway","tag-nyheter","tag-overskrifter","tag-rikshospitalet","tag-top-stories","tag-topstories"],"share_on_mastodon":{"url":"https:\/\/pubeurope.com\/@no\/117222503925654889","error":""},"_links":{"self":[{"href":"https:\/\/www.europesays.com\/no\/wp-json\/wp\/v2\/posts\/345513","targetHints":{"allow":["GET"]}}],"collection":[{"href":"https:\/\/www.europesays.com\/no\/wp-json\/wp\/v2\/posts"}],"about":[{"href":"https:\/\/www.europesays.com\/no\/wp-json\/wp\/v2\/types\/post"}],"author":[{"embeddable":true,"href":"https:\/\/www.europesays.com\/no\/wp-json\/wp\/v2\/users\/2"}],"replies":[{"embeddable":true,"href":"https:\/\/www.europesays.com\/no\/wp-json\/wp\/v2\/comments?post=345513"}],"version-history":[{"count":0,"href":"https:\/\/www.europesays.com\/no\/wp-json\/wp\/v2\/posts\/345513\/revisions"}],"wp:featuredmedia":[{"embeddable":true,"href":"https:\/\/www.europesays.com\/no\/wp-json\/wp\/v2\/media\/345514"}],"wp:attachment":[{"href":"https:\/\/www.europesays.com\/no\/wp-json\/wp\/v2\/media?parent=345513"}],"wp:term":[{"taxonomy":"category","embeddable":true,"href":"https:\/\/www.europesays.com\/no\/wp-json\/wp\/v2\/categories?post=345513"},{"taxonomy":"post_tag","embeddable":true,"href":"https:\/\/www.europesays.com\/no\/wp-json\/wp\/v2\/tags?post=345513"}],"curies":[{"name":"wp","href":"https:\/\/api.w.org\/{rel}","templated":true}]}}