{"id":345519,"date":"2026-09-06T06:05:10","date_gmt":"2026-09-06T06:05:10","guid":{"rendered":"https:\/\/www.europesays.com\/no\/345519\/"},"modified":"2026-09-06T06:05:10","modified_gmt":"2026-09-06T06:05:10","slug":"afd-tyskland-historisk-valg-i-tyskland-i-dag-afd-kan-fa-regjeringsmakt-for-forste-gang","status":"publish","type":"post","link":"https:\/\/www.europesays.com\/no\/345519\/","title":{"rendered":"AfD, Tyskland | Historisk valg i Tyskland i dag: AfD kan f\u00e5 regjeringsmakt for f\u00f8rste gang"},"content":{"rendered":"\n<p>Alternativ for Tysklands (AfD) toppkandidat har lovet \u00e5 deportere s\u00e5 mange migranter som mulig dersom partiet f\u00e5r makten etter delstatsvalget i dag.<\/p>\n<p>\u2013 Jeg vil ha mitt vakre, gamle, trygge Tyskland tilbake, sier Ulrich Siegmund, 35-\u00e5ringen som h\u00e5per \u00e5 bli AfDs f\u00f8rste regjeringssjef noensinne.<\/p>\n<p>AfD har lenge hatt en solid ledelse p\u00e5 meningsm\u00e5lingene i Sachsen-Anhalt, med en oppslutning p\u00e5 rundt 40 prosent. P\u00e5 en <a rel=\"noopener nofollow\" href=\"https:\/\/presseportal.zdf.de\/pressemitteilung\/zdf-politbarometer-extra-ii-sachsen-anhalt-september-2026\" id=\"21308b7f-c2a8-42c4-a93d-3093e09bbf35\" target=\"_blank\">fersk m\u00e5ling <\/a>utf\u00f8rt for kringkasteren ZDF torsdag, fikk partiet 41 prosent, mens det nest st\u00f8rste partiet, konservative CDU, fikk bare 23 prosent.<\/p>\n<p>Kristeligdemokratene leder i dag en koalisjonsregjering i delstaten med dr\u00f8yt 2 millioner innbyggere, sammen med sosialdemokratene (SPD) og fridemokratene (FDP). SPD og CDU sitter ogs\u00e5 sammen i den nasjonale regjeringskoalisjonen, der de har et knapt flertall i Forbundsdagen.<\/p>\n<p><b>Les ogs\u00e5: <a href=\"https:\/\/www.nettavisen.no\/nyheter\/afd-kan-velte-lasset-i-tysk-politikk\/s\/80-95-54737\" rel=\"Follow nofollow noopener\" target=\"_blank\">\u2013 En forsmak p\u00e5 et alternativt Tyskland<\/a><\/b><\/p>\n<p>Stemples som h\u00f8yreekstremister<\/p>\n<p>Denne uka sa 35-\u00e5ringen at et stabilt flertall er en forutsetning dersom han skal stille som kandidat til \u00e5 bli regjeringssjef i delstaten.<\/p>\n<p>Om AfD f\u00e5r regjeringsmakten, avhenger trolig av hvor mange av de mindre partiene som havner under sperregrensa p\u00e5 5 prosent. Alle de store partiene har utelukket \u00e5 samarbeide med AfD, en s\u00e5kalt \u00abbrannmur\u00bb-strategi som ogs\u00e5 gjelder p\u00e5 nasjonalt plan.<\/p>\n<p>Men p\u00e5 grunn av valgsystemet kan alts\u00e5 AfD f\u00e5 rent flertall selv om de f\u00e5r under halvparten av stemmene. Noen m\u00e5linger tyder p\u00e5 at hele fire partier risikerer \u00e5 havne under sperregrensa, inkludert De Gr\u00f8nne, FDP og SPD. Dersom tre partier f\u00e5r under 5 prosent av stemmene, trenger AfD trolig bare rundt 43 prosent for \u00e5 f\u00e5 rent flertall i delstatsforsamlingen.<\/p>\n<p>Det har f\u00f8rt til en kampanje i valgkampinnspurten for \u00e5 f\u00e5 venstresidevelgere til \u00e5 stemme taktisk \u2013 i h\u00e5p om \u00e5 sikre at b\u00e5de De Gr\u00f8nne og SPD kommer inn i delstatsforsamlingen.<\/p>\n<p>            Fakta om AfD<\/p>\n<ul>\n<li>Alternativ for Tyskland (AfD) ble stiftet i 2013 og er et politisk parti p\u00e5 den ytre h\u00f8yresiden i Tyskland. Startet som et EU-kritisk parti, men har i dag motstand mot innvandring som viktigste sak.<\/li>\n<li>Ledes av Alice Weidel og Tino Chrupalla.<\/li>\n<li>Ble nest st\u00f8rst med 20,8 prosent av stemmene i valget p\u00e5 ny nasjonalforsamling i februar 2025. Har dermed 151 medlemmer i Bundestag, men ingen av de tradisjonelle partiene ville samarbeide med dem.<\/li>\n<li>Har siden 2021 v\u00e6rt overv\u00e5ket av den tyske sikkerhetstjenesten BfV, som mistenker partiet for h\u00f8yreekstremisme.<\/li>\n<li>I mai 2025 fastslo BfV at AfD kan klassifiseres som ekstremistisk. AfD gikk til retten, og i februar vant partiet fram i en domstol i K\u00f6ln som bestemte at partiet inntil videre ikke kan behandles som et h\u00f8yreekstremt parti.<\/li>\n<li>Ledet p\u00e5 meningsm\u00e5lingene med over 40 prosent oppslutning f\u00f8r valget p\u00e5 ny delstatsforsamling i delstaten Sachsen-Anhalt 6. september.<\/li>\n<\/ul>\n<p>Kilde: NTB<\/p>\n<p>  Vil deportere ukrainere<\/p>\n<p>Siegmund avviser merkelappen \u00abytre h\u00f8yre\u00bb, selv om partiets avdeling i Sachsen-Anhalt er blitt stemplet som h\u00f8yreekstremistisk av den tyske sikkerhetstjenesten BfV.<\/p>\n<p>Partiet har <a rel=\"noopener nofollow\" href=\"https:\/\/afd-regierungsprogramm.de\/\" id=\"a3bf77d3-d3a3-4a8d-bbd0-93ec763749f2\" target=\"_blank\">lovet en \u00abdeportasjons- og remigrasjonsoffensiv\u00bb<\/a>. Den skal ogs\u00e5 omfatte ukrainere, som if\u00f8lge AfD ikke lenger automatisk skal anerkjennes som krigsflyktninger.<\/p>\n<p>En AfD-ledet delstatsregjering kommer dessuten til \u00e5 nekte adgang for personer som har kommet til Tyskland ulovlig fra et trygt tredjeland, lyder et av valgl\u00f8ftene. En egen innsatsgruppe skal s\u00f8rge for raskere deportasjoner, heter det.<\/p>\n<p>            Hva betyr  \u00abklart h\u00f8yreekstremt\u00bb?<\/p>\n<p>Hva betyr det at partiet Alternativ for Tyskland (AfD) i Sachsen-Anhalt omtales som \u00abklart h\u00f8yreekstremt\u00bb av tyske myndigheter?<\/p>\n<p>I 2021 ble AfD i Sachsen-Anhalt klassifisert som en mistenkt ekstremistorganisasjon. H\u00f8sten 2023 ble dette oppgradert til \u00abklart h\u00f8yreekstremt\u00bb av den tyske forfatningstjenesten <a href=\"https:\/\/www.verfassungsschutz.de\/EN\/home\/home_node.html\" target=\"_self\" rel=\"Follow nofollow noopener\">BfV.<\/a><\/p>\n<p>I en rapport fra forfatningskontoret i Sachsen-Anhalt fra 2025 heter det at AfD i delstaten utgj\u00f8r \u00abden st\u00f8rste trusselen mot demokratiet i Sachsen-Anhalt\u00bb. Det pekes p\u00e5 \u00abetnopluralistiske\u00bb og dermed \u00abrasistiske\u00bb krav om ufordelaktig behandling av mennesker som AfD anser som \u00abfremmede\u00bb. Rapportensier videre at AfD fremstiller s\u00e6rlig migranter fra islamske land som en \u00abeksistensiell trussel\u00bb. Dette, sl\u00e5s det fast i rapporten, er i strid med artikkel 1 den tyske grunnloven, der det sl\u00e5s fast at \u00abmenneskeverdet er ukrenkelig\u00bb.<\/p>\n<p>Kilde: <a href=\"https:\/\/www.tagesschau.de\/inland\/innenpolitik\/verfassungsschutz-afd-rechtsextremismus-100.html\" target=\"_self\" rel=\"Follow nofollow noopener\">Tagesschau<\/a>, <a href=\"https:\/\/verfassungsblog.de\/bundeszwang-verfassungsschutz\/\" target=\"_self\" rel=\"Follow nofollow noopener\">Verfassungsblog<\/a>, <a href=\"https:\/\/www.morgenpost.de\/politik\/article412895323\/sachsen-anhalt-landtagswahl-afd-gesichert-rechtsextrem-definition-verfassungsschutz.html\" target=\"_self\" rel=\"Follow nofollow noopener\">Berliner Morgenpost.<\/a><\/p>\n<p>  Mindre Hitler, mer Bismarck<\/p>\n<p>Barn av flyktninger skal plasseres i egne klasserom der de skal f\u00e5 beskjed om at \u00aboppholdet deres i Tyskland bare er midlertidig\u00bb, mener AfD. Blant de \u00f8vrige forslagene til ny skolepolitikk er alt fra f\u00e6rre karakterer, mer gym og sv\u00f8mmeundervisning og gratis skoleb\u00f8ker, til obligatorisk heising av det tyske flagget og forbud mot regnbueflagg. Partiet lover dessuten at allsang av den tyske nasjonalsangen skal v\u00e6re et fast innslag i alle skolemarkeringer.<\/p>\n<p>P\u00e5 lengre sikt \u00f8nsker AfD at historieundervisningen skal dreie seg mindre om Adolf Hitlers naziregime og mer om andre deler av tysk historie, slik som Bismarck og det tyske keiserriket som ble grunnlagt i 1871. Partiet vil ogs\u00e5 ha mer russiskundervisning og gjenoppta utvekslingsprogrammene for russiske studenter, som ble lagt p\u00e5 is da Russland invaderte Ukraina i 2022.<\/p>\n<p>Mange l\u00f8fter kan trolig ikke innfris<\/p>\n<p>Den tyske forbundsrepublikken gir landets 16 delstatsregjeringer brede fullmakter.<\/p>\n<p>Men mange av l\u00f8ftene i partiets s\u00e5kalte offensiv vil trolig ikke bli innfridd, skriver nyhetsbyr\u00e5et AFP. 21 av AfDs 56 planlagte tiltak mot migrasjon kan bare innf\u00f8res p\u00e5 nasjonalt eller europeisk plan, if\u00f8lge Max Planck-instituttet.<\/p>\n","protected":false},"excerpt":{"rendered":"Alternativ for Tysklands (AfD) toppkandidat har lovet \u00e5 deportere s\u00e5 mange migranter som mulig dersom partiet f\u00e5r makten&hellip;\n","protected":false},"author":2,"featured_media":345520,"comment_status":"","ping_status":"","sticky":false,"template":"","format":"standard","meta":{"footnotes":"","_share_on_mastodon":"0"},"categories":[5],"tags":[20,21,24,25,15,19,22,23,17,18,13,30,28,29,14,16,26,27],"class_list":["post-345519","post","type-post","status-publish","format-standard","has-post-thumbnail","category-overskrifter","tag-breaking-news","tag-breakingnews","tag-featured-news","tag-featurednews","tag-headlines","tag-hovedoppslag","tag-latest-news","tag-latestnews","tag-main-news","tag-mainnews","tag-news","tag-no","tag-norge","tag-norway","tag-nyheter","tag-overskrifter","tag-top-stories","tag-topstories"],"share_on_mastodon":{"url":"https:\/\/pubeurope.com\/@no\/117222593445245530","error":""},"_links":{"self":[{"href":"https:\/\/www.europesays.com\/no\/wp-json\/wp\/v2\/posts\/345519","targetHints":{"allow":["GET"]}}],"collection":[{"href":"https:\/\/www.europesays.com\/no\/wp-json\/wp\/v2\/posts"}],"about":[{"href":"https:\/\/www.europesays.com\/no\/wp-json\/wp\/v2\/types\/post"}],"author":[{"embeddable":true,"href":"https:\/\/www.europesays.com\/no\/wp-json\/wp\/v2\/users\/2"}],"replies":[{"embeddable":true,"href":"https:\/\/www.europesays.com\/no\/wp-json\/wp\/v2\/comments?post=345519"}],"version-history":[{"count":0,"href":"https:\/\/www.europesays.com\/no\/wp-json\/wp\/v2\/posts\/345519\/revisions"}],"wp:featuredmedia":[{"embeddable":true,"href":"https:\/\/www.europesays.com\/no\/wp-json\/wp\/v2\/media\/345520"}],"wp:attachment":[{"href":"https:\/\/www.europesays.com\/no\/wp-json\/wp\/v2\/media?parent=345519"}],"wp:term":[{"taxonomy":"category","embeddable":true,"href":"https:\/\/www.europesays.com\/no\/wp-json\/wp\/v2\/categories?post=345519"},{"taxonomy":"post_tag","embeddable":true,"href":"https:\/\/www.europesays.com\/no\/wp-json\/wp\/v2\/tags?post=345519"}],"curies":[{"name":"wp","href":"https:\/\/api.w.org\/{rel}","templated":true}]}}