{"id":345527,"date":"2026-09-06T06:16:11","date_gmt":"2026-09-06T06:16:11","guid":{"rendered":"https:\/\/www.europesays.com\/no\/345527\/"},"modified":"2026-09-06T06:16:11","modified_gmt":"2026-09-06T06:16:11","slug":"israel-sier-de-angriper-sor-libanon","status":"publish","type":"post","link":"https:\/\/www.europesays.com\/no\/345527\/","title":{"rendered":"Israel sier de angriper S\u00f8r-Libanon"},"content":{"rendered":"\n<p class=\"_lead_145nj_2 _lead_6fko5_53 layout-component text-serif-m layout-normal text-serif-l layout-component layout-wide layout-padded _wide_17hqh_1 layout-padded\">Det israelske milit\u00e6ret (IDF) opplyser at de gjennomf\u00f8rer angrep i S\u00f8r-Libanon. De oppfordrer innbyggerne i byen Arab Salim til \u00e5 evakuere.<\/p>\n<ul aria-hidden=\"true\" class=\"_images_ntbth_112\">\n<li><a class=\"_link_ntbth_117\" href=\"https:\/\/www.vg.no\/forfatter\/ntb\" style=\"z-index:1\" title=\"NTB\" rel=\"nofollow noopener\" target=\"_blank\"><img alt=\"Bilde av NTB\" class=\"_image_ntbth_93\" fetchpriority=\"low\" loading=\"lazy\" decoding=\"async\" itemprop=\"image\"  src=\"https:\/\/www.europesays.com\/no\/wp-content\/uploads\/2026\/09\/1788675371_470_c33980b0-5d07-4027-84a1-813f90a7c8d6.jpeg\"  width=\"480\"\/><\/a><\/li>\n<\/ul>\n<p> Oppdatert s\u00f8ndag 6. september kl. 05:57     <\/p>\n<p class=\"_title_1s6z0_17\" data-astro-cid-x5olrxu4=\"\">F\u00e5 mer innhold fra VG i Google-s\u00f8k<\/p>\n<p class=\"_description_1s6z0_27\" data-astro-cid-x5olrxu4=\"\">\nGj\u00f8r VG til en foretrukken kilde, s\u00e5 dukker sakene v\u00e5re lettere opp n\u00e5r du<br \/>\n    s\u00f8ker.\n<\/p>\n<p> <a href=\"https:\/\/www.google.com\/preferences\/source?q=vg.no\" target=\"_blank\" rel=\"noopener noreferrer nofollow\" data-track-id=\"preferred-source-button\" data-track-name=\"Preferred source button click\" data-preferred-source-button=\"true\" data-astro-cid-x5olrxu4=\"true\" class=\"_button_6bkpv_2 button-label-large _filled_6bkpv_106 _button_1s6z0_36\"><br \/>\nLegg til VG.no p\u00e5 Google<br \/>\n<\/a>        <\/p>\n<p class=\"_paragraph_145nj_4 _paragraph_6fko5_10 layout-component text-serif-m layout-normal text-serif-m layout-padded\">Angrepene skal v\u00e6re et svar p\u00e5 at Hizbollah gjennomf\u00f8rte et droneangrep mot israelske soldater.<\/p>\n<p class=\"_paragraph_145nj_4 _paragraph_6fko5_10 layout-component text-serif-m layout-normal text-serif-m layout-padded\">I en uttalelse hevder IDF at to droner ble skutt ned i et omr\u00e5de i S\u00f8r-Libanon som Israel kaller \u00absikkerhetssonen\u00bb. Ingen israelske soldater skal ha blitt skadet.<\/p>\n<p class=\"_paragraph_145nj_4 _paragraph_6fko5_10 layout-component text-serif-m layout-normal text-serif-m layout-padded\">Dette er andre gang p\u00e5 under 24 timer at Israel angriper S\u00f8r-Libanon. Hizbollah har forel\u00f8pig ikke kommentert angrepet.<\/p>\n<p class=\"_title_1s6z0_17\" data-astro-cid-x5olrxu4=\"\">F\u00e5 mer innhold fra VG i Google-s\u00f8k<\/p>\n<p class=\"_description_1s6z0_27\" data-astro-cid-x5olrxu4=\"\">\nGj\u00f8r VG til en foretrukken kilde, s\u00e5 dukker sakene v\u00e5re lettere opp n\u00e5r du<br \/>\n    s\u00f8ker.\n<\/p>\n<p> <a href=\"https:\/\/www.google.com\/preferences\/source?q=vg.no\" target=\"_blank\" rel=\"noopener noreferrer nofollow\" data-track-id=\"preferred-source-button\" data-track-name=\"Preferred source button click\" data-preferred-source-button=\"true\" data-astro-cid-x5olrxu4=\"true\" class=\"_button_6bkpv_2 button-label-large _filled_6bkpv_106 _button_1s6z0_36\"><br \/>\nLegg til VG.no p\u00e5 Google<br \/>\n<\/a>     Publisert: 06.09.26 kl. 05:57Oppdatert: 06.09.26 kl. 05:57           <\/p>\n","protected":false},"excerpt":{"rendered":"Det israelske milit\u00e6ret (IDF) opplyser at de gjennomf\u00f8rer angrep i S\u00f8r-Libanon. De oppfordrer innbyggerne i byen Arab Salim&hellip;\n","protected":false},"author":2,"featured_media":345528,"comment_status":"","ping_status":"","sticky":false,"template":"","format":"standard","meta":{"footnotes":"","_share_on_mastodon":"0"},"categories":[5],"tags":[20,21,24,25,15,19,22,23,17,18,13,30,28,29,14,16,26,27],"class_list":["post-345527","post","type-post","status-publish","format-standard","has-post-thumbnail","category-overskrifter","tag-breaking-news","tag-breakingnews","tag-featured-news","tag-featurednews","tag-headlines","tag-hovedoppslag","tag-latest-news","tag-latestnews","tag-main-news","tag-mainnews","tag-news","tag-no","tag-norge","tag-norway","tag-nyheter","tag-overskrifter","tag-top-stories","tag-topstories"],"share_on_mastodon":{"url":"https:\/\/pubeurope.com\/@no\/117222637144582574","error":""},"_links":{"self":[{"href":"https:\/\/www.europesays.com\/no\/wp-json\/wp\/v2\/posts\/345527","targetHints":{"allow":["GET"]}}],"collection":[{"href":"https:\/\/www.europesays.com\/no\/wp-json\/wp\/v2\/posts"}],"about":[{"href":"https:\/\/www.europesays.com\/no\/wp-json\/wp\/v2\/types\/post"}],"author":[{"embeddable":true,"href":"https:\/\/www.europesays.com\/no\/wp-json\/wp\/v2\/users\/2"}],"replies":[{"embeddable":true,"href":"https:\/\/www.europesays.com\/no\/wp-json\/wp\/v2\/comments?post=345527"}],"version-history":[{"count":0,"href":"https:\/\/www.europesays.com\/no\/wp-json\/wp\/v2\/posts\/345527\/revisions"}],"wp:featuredmedia":[{"embeddable":true,"href":"https:\/\/www.europesays.com\/no\/wp-json\/wp\/v2\/media\/345528"}],"wp:attachment":[{"href":"https:\/\/www.europesays.com\/no\/wp-json\/wp\/v2\/media?parent=345527"}],"wp:term":[{"taxonomy":"category","embeddable":true,"href":"https:\/\/www.europesays.com\/no\/wp-json\/wp\/v2\/categories?post=345527"},{"taxonomy":"post_tag","embeddable":true,"href":"https:\/\/www.europesays.com\/no\/wp-json\/wp\/v2\/tags?post=345527"}],"curies":[{"name":"wp","href":"https:\/\/api.w.org\/{rel}","templated":true}]}}