{"id":345533,"date":"2026-09-06T06:27:14","date_gmt":"2026-09-06T06:27:14","guid":{"rendered":"https:\/\/www.europesays.com\/no\/345533\/"},"modified":"2026-09-06T06:27:14","modified_gmt":"2026-09-06T06:27:14","slug":"14-savnet-etter-eksplosjon-ved-militaerbase-i-bolivia","status":"publish","type":"post","link":"https:\/\/www.europesays.com\/no\/345533\/","title":{"rendered":"14 savnet etter eksplosjon ved milit\u00e6rbase i Bolivia"},"content":{"rendered":"\n<p class=\"_lead_145nj_2 _lead_6fko5_53 layout-component text-serif-m layout-normal text-serif-l layout-component layout-wide layout-padded _wide_17hqh_1 layout-padded\">Minst 14 soldater er savnet etter to eksplosjoner ved en milit\u00e6rbase i Bolivia fredag. Tre personer mistet livet og 84 er skadet etter hendelsen.<\/p>\n<p><img alt=\" Foto: Juan Karita \/ AP \/ NTB\" class=\"_image_jw3bv_65 layout-component layout-wide\" data-fullscreen- data-track-element-type=\"Article image fullscreen\" data-track-name=\"ImageFullscreen\" fetchpriority=\"high\" decoding=\"sync\" loading=\"eager\" height=\"3744\" itemprop=\"image\"  src=\"https:\/\/www.europesays.com\/no\/wp-content\/uploads\/2026\/09\/f12a3c3f-bdca-31f3-be86-a129c29d911b.jpeg\"  style=\"object-position:0% 0%\" width=\"5616\"\/> Foto: Juan Karita \/ AP \/ NTB<\/p>\n<ul aria-hidden=\"true\" class=\"_images_ntbth_112\">\n<li><a class=\"_link_ntbth_117\" href=\"https:\/\/www.vg.no\/forfatter\/ntb\" style=\"z-index:1\" title=\"NTB\" rel=\"nofollow noopener\" target=\"_blank\"><img alt=\"Bilde av NTB\" class=\"_image_ntbth_93\" fetchpriority=\"low\" loading=\"lazy\" decoding=\"async\" itemprop=\"image\"  src=\"https:\/\/www.europesays.com\/no\/wp-content\/uploads\/2026\/09\/1788676034_236_c33980b0-5d07-4027-84a1-813f90a7c8d6.jpeg\"  width=\"480\"\/><\/a><\/li>\n<\/ul>\n<p> Oppdatert s\u00f8ndag 6. september kl. 04:30     <\/p>\n<p class=\"_paragraph_145nj_4 _paragraph_6fko5_10 layout-component text-serif-m layout-normal text-serif-m layout-padded\">I en uttalelse fra milit\u00e6rbasen l\u00f8rdag heter det at 14 soldater som befant seg i omr\u00e5det, fortsatt ikke er gjort rede for.<\/p>\n<p class=\"_paragraph_145nj_4 _paragraph_6fko5_10 layout-component text-serif-m layout-normal text-serif-m layout-padded\">De opplyser at de savnede er en sersjant og 13 vernepliktige i alderen 18 til 19 \u00e5r. To av dem som mistet livet i eksplosjonene, var unge menn som avtjente obligatorisk milit\u00e6rtjeneste.<\/p>\n<p class=\"_paragraph_145nj_4 _paragraph_6fko5_10 layout-component text-serif-m layout-normal text-serif-m layout-padded\">Eksplosjonene fant sted ved et anlegg som oppbevarer sprengstoff ved milit\u00e6rbasen i Viacha, rundt 30 kilometer s\u00f8rvest for hovedstaden La Paz.<\/p>\n<p class=\"_paragraph_145nj_4 _paragraph_6fko5_10 layout-component text-serif-m layout-normal text-serif-m layout-padded\">\u00c5rsaken til eksplosjonene er ikke kjent, men myndighetene har startet etterforskning.<\/p>\n","protected":false},"excerpt":{"rendered":"Minst 14 soldater er savnet etter to eksplosjoner ved en milit\u00e6rbase i Bolivia fredag. Tre personer mistet livet&hellip;\n","protected":false},"author":2,"featured_media":345534,"comment_status":"","ping_status":"","sticky":false,"template":"","format":"standard","meta":{"footnotes":"","_share_on_mastodon":"0"},"categories":[5],"tags":[20,21,24,25,15,19,22,23,17,18,13,30,28,29,14,16,26,27],"class_list":["post-345533","post","type-post","status-publish","format-standard","has-post-thumbnail","category-overskrifter","tag-breaking-news","tag-breakingnews","tag-featured-news","tag-featurednews","tag-headlines","tag-hovedoppslag","tag-latest-news","tag-latestnews","tag-main-news","tag-mainnews","tag-news","tag-no","tag-norge","tag-norway","tag-nyheter","tag-overskrifter","tag-top-stories","tag-topstories"],"share_on_mastodon":{"url":"https:\/\/pubeurope.com\/@no\/117222680538684743","error":""},"_links":{"self":[{"href":"https:\/\/www.europesays.com\/no\/wp-json\/wp\/v2\/posts\/345533","targetHints":{"allow":["GET"]}}],"collection":[{"href":"https:\/\/www.europesays.com\/no\/wp-json\/wp\/v2\/posts"}],"about":[{"href":"https:\/\/www.europesays.com\/no\/wp-json\/wp\/v2\/types\/post"}],"author":[{"embeddable":true,"href":"https:\/\/www.europesays.com\/no\/wp-json\/wp\/v2\/users\/2"}],"replies":[{"embeddable":true,"href":"https:\/\/www.europesays.com\/no\/wp-json\/wp\/v2\/comments?post=345533"}],"version-history":[{"count":0,"href":"https:\/\/www.europesays.com\/no\/wp-json\/wp\/v2\/posts\/345533\/revisions"}],"wp:featuredmedia":[{"embeddable":true,"href":"https:\/\/www.europesays.com\/no\/wp-json\/wp\/v2\/media\/345534"}],"wp:attachment":[{"href":"https:\/\/www.europesays.com\/no\/wp-json\/wp\/v2\/media?parent=345533"}],"wp:term":[{"taxonomy":"category","embeddable":true,"href":"https:\/\/www.europesays.com\/no\/wp-json\/wp\/v2\/categories?post=345533"},{"taxonomy":"post_tag","embeddable":true,"href":"https:\/\/www.europesays.com\/no\/wp-json\/wp\/v2\/tags?post=345533"}],"curies":[{"name":"wp","href":"https:\/\/api.w.org\/{rel}","templated":true}]}}