{"id":345545,"date":"2026-09-06T06:49:16","date_gmt":"2026-09-06T06:49:16","guid":{"rendered":"https:\/\/www.europesays.com\/no\/345545\/"},"modified":"2026-09-06T06:49:16","modified_gmt":"2026-09-06T06:49:16","slug":"besvimte-pa-slottet","status":"publish","type":"post","link":"https:\/\/www.europesays.com\/no\/345545\/","title":{"rendered":"&#8211; Besvimte p\u00e5 Slottet"},"content":{"rendered":"<p class=\"subtitle \" style=\"\">&#8211; Herregud, hvor har du h\u00f8rt det, sp\u00f8r Camilla Herrem (39) etter Dagbladets sp\u00f8rsm\u00e5l.<\/p>\n<p>\n    KLAR FOR NRK: Camilla Herrem skal kombinere h\u00e5ndball med NRK-jobb denne sesongen. Her fra Avkast-arrangementet denne uka. Foto: Stian Lysberg Solum \/ NTB\n  <\/p>\n<p>&#8211; Ingen kommentar, ingen kommentar, flirer hun videre, en smule pinlig ber\u00f8rt.\u00a0<\/p>\n<p>Svarene kommer etter at Dagbladet forteller Camilla Herrem at det har n\u00e5dd v\u00e5re \u00f8rer at hun for noen \u00e5r tilbake hadde en spesiell hendelse p\u00e5 Slottet. Reaksjonen tyder p\u00e5 at vi er inne p\u00e5 noe.\u00a0<\/p>\n<p class=\"font-weight-bold m-font-weight-bold\" data-lab-font_weight=\"font-weight-bold\">&#8211; Det stemmer, jeg besvimte p\u00e5 Slottet, innr\u00f8mmer hun til slutt.\u00a0<\/p>\n<p>Akkurat hvilket \u00e5r det skjedde husker hun ikke, hun tror det er lenger siden enn etter OL-gullet for to \u00e5r siden, men det var i forbindelse med en mottakelse p\u00e5 Slottet etter et mesterskap.\u00a0<\/p>\n<p class=\"italic m-italic\" data-lab-italic=\"italic\">Dette intervjuet er gjort f\u00f8r kong Harald gikk bort.\u00a0<\/p>\n<p>        WIEN, \u00d8STERRIKE: De norske h\u00e5ndballjentene stakk av med gull i EM i Wien s\u00f8ndag 15. desember. Camilla Herrem har spilt sin siste landslagskamp. Video: Birthe Skingen<\/p>\n<p class=\"italic m-italic\" data-lab-italic=\"italic\">&#8211; Kan du fortelle mer om hva som skjedde?<\/p>\n<p>&#8211;\u00a0Det var blodtrykksfall. Jeg skulle reise meg, det neste jeg husker er at jeg l\u00e5 p\u00e5 bakken. Heldigvis var det mye hjelp \u00e5 f\u00e5, det var bare \u00e5 komme seg opp p\u00e5 beina. Jeg tok litt tester, hadde noen kuler i hodet. Det gikk fint og jeg spilte kamp dagen etter. Hvorfor det skjedde vet jeg ikke.\u00a0<\/p>\n<p class=\"italic m-italic\" data-lab-italic=\"italic\">&#8211; Reagerte de kongelige?<\/p>\n<p>&#8211; Jeg snakka med dem etterp\u00e5. De var bare s\u00f8te og hyggelige og ville h\u00f8re hvordan det gikk, men det er mange \u00e5r siden, det er vel ikke s\u00e5 interessant n\u00e5? smiler Herrem.\u00a0<\/p>\n<p>Vi tar hintet og bytter tema.\u00a0<\/p>\n<p>Tidligere landslagssjef Thorir Hergeirsson har tidligere sammenliknet henne med en Ferrari. I en alder av 39 g\u00e5r den fortsatt som ei klokke.\u00a0<\/p>\n<p>Hun var sentral da moderklubben Sola tok et historisk og overraskende gull i v\u00e5r. Hadde det ikke v\u00e6rt for at hun har gitt seg p\u00e5 landslaget, ville hun v\u00e6rt selvskreven i den kommende EM-troppen i desember.<\/p>\n<p>        <img loading=\"lazy\" decoding=\"async\" src=\"https:\/\/www.europesays.com\/no\/wp-content\/uploads\/2026\/09\/85063276.webp\" width=\"686\" height=\"460\" alt=\"\" class=\"\" style=\"--aspect-ratio-image: 1.49; \"\/><\/p>\n<p>\n        GULLDOU: Camilla Herrem og ektemann Steffen Stegavik tok seriegullet til Sola. Foto: Nina Hansen \/ Dagbladet\n    <\/p>\n<p>        <img loading=\"lazy\" decoding=\"async\" src=\"https:\/\/www.europesays.com\/no\/wp-content\/uploads\/2026\/09\/85063274.webp\" width=\"686\" height=\"460\" alt=\"\" class=\"\" style=\"--aspect-ratio-image: 1.49; \"\/><\/p>\n<p>\n        GULLFEST: Herrem ledet an festen i garderoben etter seriegullet i v\u00e5r. Foto: Carina Johansen \/ NTB\n    <\/p>\n<p>Hun ga seg med OL- og EM-gull p\u00e5 noen f\u00e5 m\u00e5neder for to \u00e5r siden. Men gj\u00f8r et comeback i \u00e5r. Ikke p\u00e5 banen, men bak mikrofonen for NRK. For statskanalen skal hun kommentere p\u00e5 radio, og hun blir sentral i OL-dekningen sommeren 2028.<\/p>\n<p>Vi gratulerer henne med ny jobb. Men som en av de mest profilerte og mediekj\u00e6re h\u00e5ndballjentene i snart 20 \u00e5r, er det kanskje ingen bombe at Herrem skulle dukke opp i en slik rolle.\u00a0<\/p>\n<p>&#8211;\u00a0Vi har snakket om det en stund. Jeg har alltid syntes det har v\u00e6rt interessant \u00e5 vite hvordan det har v\u00e6rt p\u00e5 andre siden og oppleve det p\u00e5 en annen m\u00e5te enn jeg har gjort.\u00a0<\/p>\n<p>Hun var \u00e5 se i Viaplays studio da hun var gravid under mesterskapet i Slovenia for fire \u00e5r siden.<\/p>\n<p>&#8211; Men da var jeg fortsatt en del av landslaget, s\u00e5 det ble litt annerledes. N\u00e5 blir det virkelig en annen rolle \u00e5 pr\u00f8ve seg p\u00e5, og jeg gleder meg. Jeg elsker \u00e5 se h\u00e5ndball og er glad i idretten. Jeg tror jeg kan gi innsikt om hva som skjer i forkant, hva de snakker om underveis og hva som skjer utenom. Der har jeg jo fortsatt litt innsikt.<\/p>\n<p>        LANGSKUDD: Camilla Herrem scoret fra egen banehalvdel mot Polen. Video: R\u00f8dt Kort<\/p>\n<p>Se alt fra h\u00e5ndball-EM p\u00e5 Viaplay her:\u00a0https:\/\/viaplay.no\/sport\/handball\/handball-em<\/p>\n<p class=\"italic m-italic\" data-lab-italic=\"italic\">&#8211; Er det noe du er nerv\u00f8s for?<\/p>\n<p>&#8211;\u00a0Heldigvis er jeg ikke kjent for \u00e5 v\u00e6re stille, prate kan jeg, s\u00e5 jeg er heldigvis ikke s\u00e5 redd for det. Men man m\u00e5 gj\u00f8re sin research, og n\u00e5r vi skal kommentere p\u00e5 radio handler det om \u00e5 gi lytteren en opplevelse s\u00e5 de f\u00f8ler at de ser kampen, svarer Herrem.\u00a0<\/p>\n<p>Men f\u00f8rst venter f\u00f8rste del av \u00e5rets sesong.\u00a0<\/p>\n<p>    F\u00f8rste runde av Elkj\u00f8pligaen l\u00f8rdag:<\/p>\n<ul>\n<li class=\"lab-bodytext-line\">Kl. 15.00 Storhamar Elite \u2013 Follo HK Damer<\/li>\n<li class=\"lab-bodytext-line\">Kl. 16.00 Molde Elite \u2013 Fjellhammer<\/li>\n<li class=\"lab-bodytext-line\">Kl. 16.00 Flint T\u00f8nsberg \u2013 Gjerpen H\u00e5ndball<\/li>\n<li class=\"lab-bodytext-line\">Kl. 17.00 Sola \u2013 Fredrikstad<\/li>\n<li class=\"lab-bodytext-line\">Kl. 17.00 Tertnes Elite \u2013 Oppsal<\/li>\n<li class=\"lab-bodytext-line\">Kl. 18.00 Larvik \u2013 FanaKl. 19.15 By\u00e5sen Elite \u2013 Utleira (TV 2 Sport 2)<\/li>\n<\/ul>\n<p>      Vis mer<br \/>\n      Vis mindre<\/p>\n<p>N\u00e5r Dagbladet sp\u00f8r Herrem om st\u00e5a i Sola svarer hun at den var god for inntil en uke siden.<\/p>\n<p>Da r\u00f8k\u00a0Martine K\u00e5rigstad Andersen korsb\u00e5ndet.<\/p>\n<p>        <img loading=\"lazy\" decoding=\"async\" src=\"https:\/\/www.europesays.com\/no\/wp-content\/uploads\/2026\/09\/85063209.webp\" width=\"686\" height=\"460\" alt=\"\" class=\"\" style=\"--aspect-ratio-image: 1.49; \"\/><\/p>\n<p>\n        ALVORLIG SKADE: Martine K\u00e5ristad Andersen, her for Vipers i 2022, mister fort hele sesongen med en korsb\u00e5ndskade. Foto: Tor Erik Schr\u00f8der \/ NTB\n    <\/p>\n<p>24-\u00e5ringen ble toppscorer i ligaen i fjor, og ble hentet inn for \u00e5 styrke laget i toppkampen mot lag som sluttspillmester Storhamar og hardtsatsende Molde.<\/p>\n<p>&#8211; Jeg skal ikke lyve, det gj\u00f8r det vanskeligere. Det var kjipt for henne og oss. Hun var v\u00e5r desidert beste skytter og ga oss noe vi ikke hadde s\u00e5 mye av i fjor, p\u00e5peker Herrem.\u00a0<\/p>\n<p>Hun er likevel h\u00e5pefull foran den kommende sesongen, men sp\u00e5r at det blir jevnt i toppen. Etter at Vipers forsvant har det skapt en helt ny dynamikk i norsk h\u00e5ndball, hvor flere lag kjemper om \u00e5 vinne gull.<\/p>\n<p>&#8211; Jeg tror det blir jevnt og synes det er umulig \u00e5 plassere de fire \u00f8verste lagene. Larvik er gode, Storhamar er gode som vanlig, men har mistet Anniken Obaidli, som igjen styrker Molde som har f\u00e5tt henne inn. For oss og Storhamar handler det ogs\u00e5 om \u00e5 h\u00e5ndtere Champions League i tillegg. Det gikk bra i fjor, men vi har en tynn tropp og har ikke r\u00e5d til skader, avslutter Herrem.<\/p>\n","protected":false},"excerpt":{"rendered":"&#8211; Herregud, hvor har du h\u00f8rt det, sp\u00f8r Camilla Herrem (39) etter Dagbladets sp\u00f8rsm\u00e5l. KLAR FOR NRK: Camilla&hellip;\n","protected":false},"author":2,"featured_media":345546,"comment_status":"","ping_status":"","sticky":false,"template":"","format":"standard","meta":{"footnotes":"","_share_on_mastodon":"0"},"categories":[59],"tags":[107,105,30,28,29,83,82],"class_list":["post-345545","post","type-post","status-publish","format-standard","has-post-thumbnail","category-sport","tag-camilla-herrem","tag-handball","tag-no","tag-norge","tag-norway","tag-sport","tag-sports"],"share_on_mastodon":{"url":"https:\/\/pubeurope.com\/@no\/117222766621513237","error":""},"_links":{"self":[{"href":"https:\/\/www.europesays.com\/no\/wp-json\/wp\/v2\/posts\/345545","targetHints":{"allow":["GET"]}}],"collection":[{"href":"https:\/\/www.europesays.com\/no\/wp-json\/wp\/v2\/posts"}],"about":[{"href":"https:\/\/www.europesays.com\/no\/wp-json\/wp\/v2\/types\/post"}],"author":[{"embeddable":true,"href":"https:\/\/www.europesays.com\/no\/wp-json\/wp\/v2\/users\/2"}],"replies":[{"embeddable":true,"href":"https:\/\/www.europesays.com\/no\/wp-json\/wp\/v2\/comments?post=345545"}],"version-history":[{"count":0,"href":"https:\/\/www.europesays.com\/no\/wp-json\/wp\/v2\/posts\/345545\/revisions"}],"wp:featuredmedia":[{"embeddable":true,"href":"https:\/\/www.europesays.com\/no\/wp-json\/wp\/v2\/media\/345546"}],"wp:attachment":[{"href":"https:\/\/www.europesays.com\/no\/wp-json\/wp\/v2\/media?parent=345545"}],"wp:term":[{"taxonomy":"category","embeddable":true,"href":"https:\/\/www.europesays.com\/no\/wp-json\/wp\/v2\/categories?post=345545"},{"taxonomy":"post_tag","embeddable":true,"href":"https:\/\/www.europesays.com\/no\/wp-json\/wp\/v2\/tags?post=345545"}],"curies":[{"name":"wp","href":"https:\/\/api.w.org\/{rel}","templated":true}]}}