{"id":345571,"date":"2026-09-06T07:32:28","date_gmt":"2026-09-06T07:32:28","guid":{"rendered":"https:\/\/www.europesays.com\/no\/345571\/"},"modified":"2026-09-06T07:32:28","modified_gmt":"2026-09-06T07:32:28","slug":"usa-senket-mistenkt-narkobat-i-stillehavet","status":"publish","type":"post","link":"https:\/\/www.europesays.com\/no\/345571\/","title":{"rendered":"USA senket mistenkt narkob\u00e5t i Stillehavet"},"content":{"rendered":"<p class=\"kicker t16 tm16 font-NotoSans\" style=\"\">Verden<\/p>\n<p class=\"subtitle t21 font-NotoSans\" style=\"\">Det amerikanske milit\u00e6ret sprengte l\u00f8rdag en b\u00e5t som de hevder ble brukt av narkotikasmuglere, i det \u00f8stlige Stillehavet.<\/p>\n<p>If\u00f8lge den amerikanske s\u00f8rkommandoen (Southcom) ble b\u00e5ten brukt som flytende bensinstasjon for narkotikasmuglere.<\/p>\n<p>F\u00f8r b\u00e5ten ble sprengt, ble flere personer tatt h\u00e5nd om.<\/p>\n<p>\u2013 Personer som ble fjernet fra b\u00e5ten er overlevert til ecuadorianske myndigheter, skriver <a href=\"https:\/\/x.com\/Southcom\/status\/2096376737458487609?s=20\" id=\"0ad263d8-ab47-41fb-a238-5e0b9e7ee675\" rel=\"nofollow\">Southcom p\u00e5 X<\/a>.<\/p>\n","protected":false},"excerpt":{"rendered":"Verden Det amerikanske milit\u00e6ret sprengte l\u00f8rdag en b\u00e5t som de hevder ble brukt av narkotikasmuglere, i det \u00f8stlige&hellip;\n","protected":false},"author":2,"featured_media":345572,"comment_status":"","ping_status":"","sticky":false,"template":"","format":"standard","meta":{"footnotes":"","_share_on_mastodon":"0"},"categories":[5],"tags":[20,21,24,25,15,19,22,23,17,18,13,30,28,29,14,16,26,27],"class_list":["post-345571","post","type-post","status-publish","format-standard","has-post-thumbnail","category-overskrifter","tag-breaking-news","tag-breakingnews","tag-featured-news","tag-featurednews","tag-headlines","tag-hovedoppslag","tag-latest-news","tag-latestnews","tag-main-news","tag-mainnews","tag-news","tag-no","tag-norge","tag-norway","tag-nyheter","tag-overskrifter","tag-top-stories","tag-topstories"],"share_on_mastodon":{"url":"https:\/\/pubeurope.com\/@no\/117222935382960980","error":""},"_links":{"self":[{"href":"https:\/\/www.europesays.com\/no\/wp-json\/wp\/v2\/posts\/345571","targetHints":{"allow":["GET"]}}],"collection":[{"href":"https:\/\/www.europesays.com\/no\/wp-json\/wp\/v2\/posts"}],"about":[{"href":"https:\/\/www.europesays.com\/no\/wp-json\/wp\/v2\/types\/post"}],"author":[{"embeddable":true,"href":"https:\/\/www.europesays.com\/no\/wp-json\/wp\/v2\/users\/2"}],"replies":[{"embeddable":true,"href":"https:\/\/www.europesays.com\/no\/wp-json\/wp\/v2\/comments?post=345571"}],"version-history":[{"count":0,"href":"https:\/\/www.europesays.com\/no\/wp-json\/wp\/v2\/posts\/345571\/revisions"}],"wp:featuredmedia":[{"embeddable":true,"href":"https:\/\/www.europesays.com\/no\/wp-json\/wp\/v2\/media\/345572"}],"wp:attachment":[{"href":"https:\/\/www.europesays.com\/no\/wp-json\/wp\/v2\/media?parent=345571"}],"wp:term":[{"taxonomy":"category","embeddable":true,"href":"https:\/\/www.europesays.com\/no\/wp-json\/wp\/v2\/categories?post=345571"},{"taxonomy":"post_tag","embeddable":true,"href":"https:\/\/www.europesays.com\/no\/wp-json\/wp\/v2\/tags?post=345571"}],"curies":[{"name":"wp","href":"https:\/\/api.w.org\/{rel}","templated":true}]}}