{"id":345597,"date":"2026-09-06T08:29:15","date_gmt":"2026-09-06T08:29:15","guid":{"rendered":"https:\/\/www.europesays.com\/no\/345597\/"},"modified":"2026-09-06T08:29:15","modified_gmt":"2026-09-06T08:29:15","slug":"romania-ukraina-nato-fly-satt-i-beredskap-etter-russisk-angrep","status":"publish","type":"post","link":"https:\/\/www.europesays.com\/no\/345597\/","title":{"rendered":"Romania, Ukraina | Nato-fly satt i beredskap etter russisk angrep"},"content":{"rendered":"\n<p>Sent l\u00f8rdag kveld oppdaget det rumenske forsvarets radaroverv\u00e5kingssystem en gruppe uidentifiserte luftm\u00e5l ved elvegrensen mot Ukraina. Det nasjonale milit\u00e6re kommandosenteret slo umiddelbart alarm.<\/p>\n<p>Det melder de rumenske avisene <a rel=\"Follow nofollow noopener\" href=\"https:\/\/adevarul.ro\/stiri-interne\/evenimente\/alerta-la-granita-romaniei-cu-ucraina-tinte-2554360.html\" target=\"_blank\">Adev\u0103rul<\/a> og <a rel=\"Follow nofollow noopener\" href=\"https:\/\/www.libertatea.ro\/stiri\/noi-tinte-aeriene-detectate-de-mapn-langa-frontiera-fluviala-cu-ucraina-mesaj-ro-alert-dupa-miezul-noptii-5875184\" target=\"_blank\">Libertatea<\/a>, i tillegg til den ukrainske distriktsadministrasjonen i <a rel=\"Follow nofollow\" href=\"https:\/\/t.me\/IzmailRDA\/49303\">Izmail<\/a> og russiske krigsbloggere.<\/p>\n<p>Klokken 00.10 lokal tid ble det sendt ut et n\u00f8dvarsel til innbyggerne nord i Tulcea-fylket for \u00e5 informere om den potensielle faren. Samtidig ble to spanske F-18-jagerfly, som opererer i Nato-beredskap, og et rumensk IAR 330 Puma SOCAT-helikopter klargjort for en eventuell utrykning, skriver de rumenske avisene.<\/p>\n<p><b>Les ogs\u00e5: <\/b><a class=\"simple-relation related-teaser article--c-eBQpMJ\" href=\"https:\/\/www.nettavisen.no\/nyheter\/full-forvirring-ved-fronten-generalstaben-skroter-vapenhvile-i-ukraina\/s\/80-95-56228\" rel=\"nofollow noopener\" target=\"_blank\">Full forvirring: Putin skal ha beordret Kyiv-pause<\/a><\/p>\n<p>Full stans p\u00e5 rumensk grenseovergang <\/p>\n<p>Mens det gikk flyalarm p\u00e5 den rumenske siden, bekrefter b\u00e5de ukrainske myndigheter og russiske kilder at et faktisk angrep fant sted rett over grensen.<\/p>\n<p>Den operative staben i distriktsadministrasjonen i Izmail (Izmail RDA) opplyser i en offisiell uttalelse at Russland gjennomf\u00f8rte et luftangrep mot den ukrainske grenseinfrastrukturen.<\/p>\n<p>Interessert i utenriks? Lytt til <a href=\"https:\/\/pod.link\/1704335361\" rel=\"Follow nofollow noopener\" target=\"_blank\">Ukrainapodden gratis,<\/a> eller se den p\u00e5 YouTube!<\/p>\n<p>\u2013 I forbindelse med angrepet har kontrollpunktet \u00abOrlivka\u00bb midlertidig innstilt arbeidet, bekrefter ukrainske myndigheter.<\/p>\n<p>Orlivka-overgangen grenser direkte til Romania, og all fergetrafikk og grensepassering er n\u00e5 fullstendig stanset i p\u00e5vente av at skadene utbedres, skriver de p\u00e5 Telegram.<\/p>\n<p>Ved \u00e5ttetiden s\u00f8ndag morgen norsk tid melder <a rel=\"Follow nofollow\" href=\"https:\/\/t.me\/IzmailRDA\/49310\">ukrainske myndigheter <\/a>at grenseovergangen igjen er \u00e5pen for normal trafikk.<\/p>\n<p><b>Les ogs\u00e5: <\/b><a class=\"simple-relation related-teaser article--c-eBQpMJ\" href=\"https:\/\/www.nettavisen.no\/nyheter\/massive-flyforsinkelser-i-russland-etter-ukrainsk-advarsel-droneadvarsel\/s\/80-95-53015\" rel=\"nofollow noopener\" target=\"_blank\">Massive forsinkelser i Russland etter ukrainsk advarsel<\/a><\/p>\n<p>Russiske drapsdroner sendes mot Nato-land<\/p>\n<p>Opplysningene stemmer overens med det som rapporteres fra russisk side. Den prorussiske milit\u00e6rbloggeren \u00abTo Majorer\u00bb skriver at russiske styrker gjennomf\u00f8rte nattlige angrep med \u00ab\u00bb-droner mot infrastruktur i grenseomr\u00e5dene i Odesa-regionen.<\/p>\n<p>If\u00f8lge bloggeren var nettopp fergekomplekset og Orlovka-grenseovergangen utpekte m\u00e5l for angrepet.<\/p>\n<p>Dramatisk drone\u00f8kning i Romania i 2026 <\/p>\n<p>Det rumenske forsvarsdepartementet understreker if\u00f8lge rumenske aviser at til tross for nattens h\u00f8ye beredskap, ble det ikke registrert noen faktiske krenkelser av rumensk luftrom. Alarmen ble avbl\u00e5st klokken 00.42 lokal tid.<\/p>\n<p>Hendelsen f\u00f8yer seg likevel inn i et stadig mer spent bilde for Natos s\u00f8r\u00f8stre flanke.<\/p>\n<p>Avisen Libertatea viser til ferske, offisielle tall fra det rumenske forsvaret som avsl\u00f8rer en kraftig \u00f8kning i krenkelser av rumensk luftrom. Siden Russlands fullskalainvasjon startet i februar 2022, er det registrert 42 uautoriserte hendelser med fremmede droner i rumensk luftrom.<\/p>\n<p>Over halvparten av disse, hele 24 hendelser, har inntruffet i l\u00f8pet av de f\u00f8rste \u00e5tte m\u00e5nedene i 2026.<\/p>\n<p><b>Les ogs\u00e5: <\/b><a class=\"simple-relation related-teaser article--c-eBQpMJ\" href=\"https:\/\/www.nettavisen.no\/nyheter\/russisk-general-skutt-i-attentat\/s\/80-95-52988\" rel=\"nofollow noopener\" target=\"_blank\">Russisk general skutt i attentat<\/a><\/p>\n","protected":false},"excerpt":{"rendered":"Sent l\u00f8rdag kveld oppdaget det rumenske forsvarets radaroverv\u00e5kingssystem en gruppe uidentifiserte luftm\u00e5l ved elvegrensen mot Ukraina. Det nasjonale&hellip;\n","protected":false},"author":2,"featured_media":345598,"comment_status":"","ping_status":"","sticky":false,"template":"","format":"standard","meta":{"footnotes":"","_share_on_mastodon":"0"},"categories":[5],"tags":[20,21,24,25,15,19,22,23,17,18,13,30,28,29,14,16,26,27],"class_list":["post-345597","post","type-post","status-publish","format-standard","has-post-thumbnail","category-overskrifter","tag-breaking-news","tag-breakingnews","tag-featured-news","tag-featurednews","tag-headlines","tag-hovedoppslag","tag-latest-news","tag-latestnews","tag-main-news","tag-mainnews","tag-news","tag-no","tag-norge","tag-norway","tag-nyheter","tag-overskrifter","tag-top-stories","tag-topstories"],"share_on_mastodon":{"url":"https:\/\/pubeurope.com\/@no\/117223159583185351","error":""},"_links":{"self":[{"href":"https:\/\/www.europesays.com\/no\/wp-json\/wp\/v2\/posts\/345597","targetHints":{"allow":["GET"]}}],"collection":[{"href":"https:\/\/www.europesays.com\/no\/wp-json\/wp\/v2\/posts"}],"about":[{"href":"https:\/\/www.europesays.com\/no\/wp-json\/wp\/v2\/types\/post"}],"author":[{"embeddable":true,"href":"https:\/\/www.europesays.com\/no\/wp-json\/wp\/v2\/users\/2"}],"replies":[{"embeddable":true,"href":"https:\/\/www.europesays.com\/no\/wp-json\/wp\/v2\/comments?post=345597"}],"version-history":[{"count":0,"href":"https:\/\/www.europesays.com\/no\/wp-json\/wp\/v2\/posts\/345597\/revisions"}],"wp:featuredmedia":[{"embeddable":true,"href":"https:\/\/www.europesays.com\/no\/wp-json\/wp\/v2\/media\/345598"}],"wp:attachment":[{"href":"https:\/\/www.europesays.com\/no\/wp-json\/wp\/v2\/media?parent=345597"}],"wp:term":[{"taxonomy":"category","embeddable":true,"href":"https:\/\/www.europesays.com\/no\/wp-json\/wp\/v2\/categories?post=345597"},{"taxonomy":"post_tag","embeddable":true,"href":"https:\/\/www.europesays.com\/no\/wp-json\/wp\/v2\/tags?post=345597"}],"curies":[{"name":"wp","href":"https:\/\/api.w.org\/{rel}","templated":true}]}}