{"id":345605,"date":"2026-09-06T08:36:13","date_gmt":"2026-09-06T08:36:13","guid":{"rendered":"https:\/\/www.europesays.com\/no\/345605\/"},"modified":"2026-09-06T08:36:13","modified_gmt":"2026-09-06T08:36:13","slug":"nye-bilder-vekker-oppsikt-2","status":"publish","type":"post","link":"https:\/\/www.europesays.com\/no\/345605\/","title":{"rendered":"Nye bilder vekker oppsikt"},"content":{"rendered":"<p class=\"kicker \" style=\"\">Russland og Ukraina:<\/p>\n<p class=\"subtitle \" style=\"\">Den varme tonen mellom Putin og amerikanerne vekker sterke reaksjoner etter m\u00f8tet i Kreml.<\/p>\n<p>\n    GOD TONE: Russlands president Vladimir Putin tok l\u00f8rdag kveld imot USAs spesialutsending Steve Witkoff og Donald Trumps svigers\u00f8nn Jared Kushner i Kreml. Her hilser Putin p\u00e5 Witkoff, mens Kushner st\u00e5r helt til venstre. Foto: Mikhail Metzel \/ AFP \/ NTB\n  <\/p>\n<p>Mange ukrainere kan f\u00e5 en ubehagelig start p\u00e5 s\u00f8ndagen n\u00e5r de ser bildene fra m\u00f8tet mellom USAs spesialutsending Steve Witkoff og Russlands president Vladimir Putin.<\/p>\n<p>Det mener danske TV 2s korrespondent Rasmus Tantholdt, som befinner seg i Ukraina.<\/p>\n<p>&#8211; De v\u00e5kner opp til TV-bilder av Witkoff og Putin i Moskva og har sannsynligvis litt problemer med \u00e5 ikke kaste opp i morgenkaffen, sier Tantholdt til danske <a href=\"https:\/\/nyheder.tv2.dk\/live\/2024-09-08-seneste-nyt-om-krigen-i-ukraine-70b1d6cc-0720-404e-9878-45546e1999e7\/ukrainerne-kommer-til--at-kaste-op--naar-de-ser-tv-billeder-fra-moede-i-moskva-siger-tantholdt?entry=f8acf1ce-24c1-4126-8f5b-13892c16732c\" target=\"_blank\" rel=\"nofollow noopener\">TV 2.<\/a><\/p>\n<p>&#8211; Vil ikke klare \u00e5 beherske seg<\/p>\n<p>L\u00f8rdag m\u00f8tte Witkoff og Donald Trumps svigers\u00f8nn Jared Kushner <a href=\"https:\/\/www.dagbladet.no\/nyheter\/la-fram-plan-for-fred\/85114443\" target=\"_blank\" rel=\"nofollow noopener\">Putin i Moskva.<\/a><\/p>\n<p>Det har forel\u00f8pig kommet f\u00e5 opplysninger om hva som konkret kom ut av m\u00f8tet. Det som derimot har f\u00e5tt oppmerksomhet, er den sv\u00e6rt vennlige tonen mellom partene.<\/p>\n<p>Tantholdt trekker s\u00e6rlig fram Witkoffs varme ord til den russiske presidenten.<\/p>\n<p>        MISN\u00d8YE: President Donald Trump kommer med et lite stikk mot Norge under et pressem\u00f8te i Det ovale kontor fredag 4. september. Video: AP. Reporter: Sander Aadalen<\/p>\n<p>&#8211; N\u00e5r vi pensjonerer oss, vil vi ha alle disse utrolige historiene og utrolige minnene, og minnene med deg vil st\u00e5 \u00f8verst p\u00e5 lista, skal Witkoff ha sagt til Putin l\u00f8rdag, if\u00f8lge <a href=\"https:\/\/edition.cnn.com\/2026\/09\/05\/europe\/witkoff-kushner-moscow-kyiv-proposal-war-intl\" target=\"_blank\" rel=\"nofollow noopener\">CNN.<\/a><\/p>\n<p>If\u00f8lge Tantholdt vil slike uttalelser vekke sterke reaksjoner i Ukraina.<\/p>\n<p>&#8211; Mange ukrainere vil ikke klare \u00e5 beherske seg n\u00e5r de ser den vennlige tonen mellom de to, sier han.<\/p>\n<p>S\u00f8ndag skal amerikanerne m\u00f8te ukrainerne. Tantholdt mener m\u00f8tet kan f\u00e5 stor betydning dersom partene lykkes.<\/p>\n<p>&#8211; Det betyr ikke at det blir fred i morgen, men det er f\u00f8rste gang amerikanske forhandlere har v\u00e6rt i Ukraina. Det er en stor sak for ukrainere.<\/p>\n<p>        ANGREP: USA angriper tre iranske oljetankere etter iranske missilangrep. Video: Centcom. Reporter: Sander Aadalen<\/p>\n<p>&#8211; Samme som f\u00f8r<\/p>\n<p>Arne B\u00e5rd Dalhaug, pensjonert generall\u00f8ytnant og tidligere sjef i Forsvarsstaben, er heller ikke imponert over det som s\u00e5 langt har kommet fram etter Moskva-m\u00f8tet.<\/p>\n<p>&#8211; Jeg opplever ikke at man har kommet med noe som er nytt og interessant. Det har ikke v\u00e6rt vilje til \u00e5 endre standpunkt, sier Dalhaug til Dagbladet.<\/p>\n<p>        <img loading=\"lazy\" decoding=\"async\" itemprop=\"image\" src=\"https:\/\/www.europesays.com\/no\/wp-content\/uploads\/2026\/09\/84910710.webp\" width=\"180\" height=\"180\" alt=\"\"\/><\/p>\n<p>                    Arne B\u00e5rd Dalhaug<br \/>\n                        Arne B\u00e5rd<br \/>\n                        Dalhaug<\/p>\n<p>                    Arne B\u00e5rd Dalhaug<br \/>\n                        Pensjonert generall\u00f8ytnant<\/p>\n<p>Han mener m\u00f8tet f\u00f8yer seg inn i et m\u00f8nster man har sett flere ganger tidligere.<\/p>\n<p>&#8211; Det som har utspilt seg n\u00e5, er det samme som har skjedd s\u00e5 mange ganger f\u00f8r. Man snakker pent med Putin og kommer tilbake uten at det ender i noe konkret.<\/p>\n<p>Dalhaug tror ogs\u00e5 ukrainerne vil merke seg den varme tonen mellom amerikanerne og Putin.<\/p>\n<p>    <a itemprop=\"url\" href=\"https:\/\/www.dagbladet.no\/nyheter\/nye-bilder-vekker-oppsikt\/85114994\" rel=\"nofollow noopener\" target=\"_blank\"><\/p>\n<p>        <img loading=\"lazy\" decoding=\"async\" src=\"https:\/\/www.europesays.com\/no\/wp-content\/uploads\/2026\/09\/85114998.webp\" width=\"180\" height=\"81\" alt=\"\" class=\"lazyload\" style=\"--aspect-ratio-image: 2.22; \"\/><\/p>\n<p>        Nye bilder vekker oppsikt<\/p>\n<p>    <\/a><\/p>\n<p>&#8211; Ukrainerne vil tenke og tro det samme som f\u00f8r. P\u00e5 mange m\u00e5ter framst\u00e5r USA mer som en st\u00f8tte for Russland enn for Ukraina.<\/p>\n<p>&#8211; De blir p\u00e5minnet om at USA favoriserer Russland i denne situasjonen, sier Dalhaug.<\/p>\n","protected":false},"excerpt":{"rendered":"Russland og Ukraina: Den varme tonen mellom Putin og amerikanerne vekker sterke reaksjoner etter m\u00f8tet i Kreml. GOD&hellip;\n","protected":false},"author":2,"featured_media":345606,"comment_status":"","ping_status":"","sticky":false,"template":"","format":"standard","meta":{"footnotes":"","_share_on_mastodon":"0"},"categories":[5],"tags":[20,21,55,24,25,15,19,22,23,17,18,13,30,28,29,14,16,26,27,412],"class_list":["post-345605","post","type-post","status-publish","format-standard","has-post-thumbnail","category-overskrifter","tag-breaking-news","tag-breakingnews","tag-donald-trump","tag-featured-news","tag-featurednews","tag-headlines","tag-hovedoppslag","tag-latest-news","tag-latestnews","tag-main-news","tag-mainnews","tag-news","tag-no","tag-norge","tag-norway","tag-nyheter","tag-overskrifter","tag-top-stories","tag-topstories","tag-utenriks"],"share_on_mastodon":{"url":"https:\/\/pubeurope.com\/@no\/117223187527369510","error":""},"_links":{"self":[{"href":"https:\/\/www.europesays.com\/no\/wp-json\/wp\/v2\/posts\/345605","targetHints":{"allow":["GET"]}}],"collection":[{"href":"https:\/\/www.europesays.com\/no\/wp-json\/wp\/v2\/posts"}],"about":[{"href":"https:\/\/www.europesays.com\/no\/wp-json\/wp\/v2\/types\/post"}],"author":[{"embeddable":true,"href":"https:\/\/www.europesays.com\/no\/wp-json\/wp\/v2\/users\/2"}],"replies":[{"embeddable":true,"href":"https:\/\/www.europesays.com\/no\/wp-json\/wp\/v2\/comments?post=345605"}],"version-history":[{"count":0,"href":"https:\/\/www.europesays.com\/no\/wp-json\/wp\/v2\/posts\/345605\/revisions"}],"wp:featuredmedia":[{"embeddable":true,"href":"https:\/\/www.europesays.com\/no\/wp-json\/wp\/v2\/media\/345606"}],"wp:attachment":[{"href":"https:\/\/www.europesays.com\/no\/wp-json\/wp\/v2\/media?parent=345605"}],"wp:term":[{"taxonomy":"category","embeddable":true,"href":"https:\/\/www.europesays.com\/no\/wp-json\/wp\/v2\/categories?post=345605"},{"taxonomy":"post_tag","embeddable":true,"href":"https:\/\/www.europesays.com\/no\/wp-json\/wp\/v2\/tags?post=345605"}],"curies":[{"name":"wp","href":"https:\/\/api.w.org\/{rel}","templated":true}]}}