{"id":345617,"date":"2026-09-06T08:43:26","date_gmt":"2026-09-06T08:43:26","guid":{"rendered":"https:\/\/www.europesays.com\/no\/345617\/"},"modified":"2026-09-06T08:43:26","modified_gmt":"2026-09-06T08:43:26","slug":"liv-ullmann-om-kong-harald-vi-var-barndomsvenner","status":"publish","type":"post","link":"https:\/\/www.europesays.com\/no\/345617\/","title":{"rendered":"Liv Ullmann om kong Harald: \u2013 Vi var barndomsvenner"},"content":{"rendered":"\n<p class=\"_paragraph_145nj_4 _paragraph_6fko5_10 layout-component text-serif-m layout-normal text-serif-m layout-padded\">\u2013 Det er jo litt rart, men det er helt sant, smiler <a href=\"https:\/\/www.vg.no\/tag\/liv-ullmann?utm_source=vg-article&amp;utm_medium=auto-tagger&amp;utm_campaign=XMpy7m\" class=\"_link_145nj_39\" rel=\"nofollow noopener\" target=\"_blank\">Liv Ullmann<\/a> (87) og tar bildet som ble tatt i  Little Norway i Canada under krigen ned fra veggen.<\/p>\n<p class=\"_paragraph_145nj_4 _paragraph_6fko5_10 layout-component text-serif-m layout-normal text-serif-m layout-padded\">Bildet og barndomsminnene hun delte med kong Harald har fulgt henne hele livet. <\/p>\n<p><img alt=\"\" class=\"_image_jw3bv_65 layout-component layout-normal\" data-fullscreen- data-track-element-type=\"Article image fullscreen\" data-track-name=\"ImageFullscreen\" decoding=\"async\" loading=\"lazy\" height=\"4362\" itemprop=\"image\"  src=\"https:\/\/www.europesays.com\/no\/wp-content\/uploads\/2026\/09\/cc711f84-c948-3fce-814d-310698cded11.jpeg\"  style=\"object-position:0% 0%\" width=\"5816\"\/><\/p>\n<p class=\"_paragraph_145nj_4 _paragraph_6fko5_10 layout-component text-serif-m layout-normal text-serif-m layout-padded\">Den ber\u00f8mte skuespilleren har invitert oss inn i sitt hjem p\u00e5 Frogner. Leiligheten hun kj\u00f8pte usett i 1974 fra USA der hun som 35-\u00e5ring var midt i en helt vanvittig internasjonal karriere. <\/p>\n<p class=\"_paragraph_145nj_4 _paragraph_6fko5_10 layout-component text-serif-m layout-normal text-serif-m layout-padded\">\u00c5ret f\u00f8r hadde hun vunnet Golden Globe og blitt Oscar-nominert for beste kvinnelige hovedrolle i \u00abUtvandrerne\u00bb. Ingmar Bergman-filmen \u00abScener fra et ekteskap\u00bb, med Liv i hovedrollen, gikk sin seiersgang rundt om i verden, og hun spilte hovedroller i flere andre filmer mot stjerner som Gene Kelly og Gene Hackman.<\/p>\n<p class=\"_paragraph_145nj_4 _paragraph_6fko5_10 layout-component text-serif-m layout-normal text-serif-m layout-padded\">\u00c5ret etter gjorde hun stor suksess som Nora i \u00abEt dukkehjem\u00bb p\u00e5 Broadway, og leiligheten i Oslo ble et andre hjem hun bare bodde periodevis i.<\/p>\n<p><img alt=\"\" class=\"_image_jw3bv_65 layout-component layout-normal\" data-fullscreen- data-track-element-type=\"Article image fullscreen\" data-track-name=\"ImageFullscreen\" decoding=\"async\" loading=\"lazy\" height=\"5504\" itemprop=\"image\"  src=\"https:\/\/www.europesays.com\/no\/wp-content\/uploads\/2026\/09\/5315371c-c94b-3764-bbcc-e690d74084ee.jpeg\"  style=\"object-position:0% 0%\" width=\"7339\"\/><\/p>\n<p class=\"_paragraph_145nj_4 _paragraph_6fko5_10 layout-component text-serif-m layout-normal text-serif-m layout-padded\">N\u00e5 har hun sluttet \u00e5 st\u00e5 p\u00e5 scenen. Hun har egentlig sluttet \u00e5 gi intervjuer ogs\u00e5.<\/p>\n<p class=\"_paragraph_145nj_4 _paragraph_6fko5_10 layout-component text-serif-m layout-normal text-serif-m layout-padded _medium_6fko5_28\">\u2013 N\u00e5 skal jeg bare oppleve<br \/>hva det vil si \u00e5 v\u00e6re gammel.<br \/>Ordentlig gammel, sier hun. <\/p>\n<p><img alt=\"\" class=\"_image_jw3bv_65 layout-component layout-normal\" data-fullscreen- data-track-element-type=\"Article image fullscreen\" data-track-name=\"ImageFullscreen\" decoding=\"async\" loading=\"lazy\" height=\"5081\" itemprop=\"image\"  src=\"https:\/\/www.europesays.com\/no\/wp-content\/uploads\/2026\/09\/e88ede93-2627-3200-a483-2cdf59a0ceec.jpeg\"  style=\"object-position:0% 0%\" width=\"6775\"\/><\/p>\n<p class=\"_paragraph_145nj_4 _paragraph_6fko5_10 layout-component text-serif-m layout-normal text-serif-m layout-padded\">\u2013 For jeg er jo det. Samtidig er jeg s\u00e5nn kjempeung inni meg. Og n\u00e5 vil jeg finne ut hva det er, sier hun og forteller:<\/p>\n<p class=\"_paragraph_145nj_4 _paragraph_6fko5_10 layout-component text-serif-m layout-normal text-serif-m layout-padded\">\u2013 S\u00e5 jeg g\u00e5r rundt her for meg selv, ser p\u00e5 bildene, flytter litt p\u00e5 dem, og n\u00e5 m\u00e5 du ikke tro at jeg er koko, men jeg kan ogs\u00e5 snakke litt med bilder av mamma, pappa og andre.<\/p>\n<p class=\"_paragraph_145nj_4 _paragraph_6fko5_10 layout-component text-serif-m layout-normal text-serif-m layout-padded\">\u2013 Det er nok noen eldre som f\u00f8ler de blir alene, men man kan ogs\u00e5 fylle den aleneheten med \u00e5 si: \u00abGud, s\u00e5 deilig\u00bb. Jeg koser meg med \u00e5 g\u00e5 rundt her, og s\u00e5 kommer det minner. <\/p>\n<p class=\"_paragraph_145nj_4 _paragraph_6fko5_10 layout-component text-serif-m layout-normal text-serif-m layout-padded _medium_6fko5_28\">Minner som du nesten ikke visste at du hadde.<\/p>\n<p><img alt=\"\" class=\"_image_jw3bv_65 layout-component layout-normal\" data-fullscreen- data-track-element-type=\"Article image fullscreen\" data-track-name=\"ImageFullscreen\" decoding=\"async\" loading=\"lazy\" height=\"5430\" itemprop=\"image\"  src=\"https:\/\/www.europesays.com\/no\/wp-content\/uploads\/2026\/09\/9f41fe7d-b9b7-32cf-86cb-10495d00d6a4.jpeg\"  style=\"object-position:0% 0%\" width=\"7240\"\/><\/p>\n<p class=\"_paragraph_145nj_4 _paragraph_6fko5_10 layout-component text-serif-m layout-normal text-serif-m layout-padded\">N\u00e5 har hun flyttet inn i leiligheten for godt, og lett p\u00e5 foten viser hun oss rundt i de store, luftige og flotte rommene som er fulle av minner: B\u00f8ker, bilder, legendariske filmplakater og ordensdiplomet fra 2005 \u2013 da kong Harald forfremmet henne til kommand\u00f8r med stjerne av St. Olavs ordenkommand\u00f8r med stjerne av St. Olavs ordenLiv Ullmann rykket stadig h\u00f8yere i gradene i Den Kongelige Norske St. Olavs Orden.<br \/>\nI 1977 ble hun utnevnt til ridder av 1. klasse.<br \/>\nI 1994 ble hun forfremmet til kommand\u00f8r.<br \/>\nOg i 2005 forfremmet kong Harald henne til kommand\u00f8r med stjerne for hennes \u00aballsidige kunstneriske virke\u00bb.<br \/>\nDet er ordenens nest h\u00f8yeste grad \u2013 bare storkors rangerer h\u00f8yere.. <\/p>\n<p class=\"_paragraph_145nj_4 _paragraph_6fko5_10 layout-component text-serif-m layout-normal text-serif-m layout-padded\"><strong class=\"_strong_145nj_25\">\u2013 Men hvor er \u00e6res-Oscaren din? <\/strong><\/p>\n<p class=\"_paragraph_145nj_4 _paragraph_6fko5_10 layout-component text-serif-m layout-normal text-serif-m layout-padded\">\u2013 Jeg fikk en Oscar, men jeg vil ikke ha den her, sier Liv.<\/p>\n<p class=\"_paragraph_145nj_4 _paragraph_6fko5_10 layout-component text-serif-m layout-normal text-serif-m layout-padded\">\u2013 Hvorfor ikke?<\/p>\n<p class=\"_paragraph_145nj_4 _paragraph_6fko5_10 layout-component text-serif-m layout-normal text-serif-m layout-padded\">\u2013 Jeg synes det er flaut. Jeg hadde den her en liten stund, men n\u00e5 st\u00e5r den p\u00e5 Sentrum kino i Trondheim. <\/p>\n<p class=\"_paragraph_145nj_4 _paragraph_6fko5_10 layout-component text-serif-m layout-normal text-serif-m layout-padded\">\u2013 Du har jo en fin peishylle her den kunne st\u00e5tt p\u00e5? <\/p>\n<p class=\"_paragraph_145nj_4 _paragraph_6fko5_10 layout-component text-serif-m layout-normal text-serif-m layout-padded\">\u2013 Nei, er du gal, utbryter Liv og ler.<\/p>\n<p class=\"_paragraph_145nj_4 _paragraph_6fko5_10 layout-component text-serif-m layout-normal text-serif-m layout-padded _medium_6fko5_28\">\u2013 Jeg er veldig stolt og glad for den, <br \/>men jeg vil ikke ha s\u00e5nt st\u00e5ende fremme. <\/p>\n<p><img alt=\"\" class=\"_image_jw3bv_65 layout-component layout-fullscreen\" data-fullscreen- data-track-element-type=\"Article image fullscreen\" data-track-name=\"ImageFullscreen\" decoding=\"async\" loading=\"lazy\" height=\"5239\" itemprop=\"image\"  src=\"https:\/\/www.europesays.com\/no\/wp-content\/uploads\/2026\/09\/9ca2c7fe-ff11-3e11-ad21-0d7b5f45a27e.jpeg\"  style=\"object-position:53.17778413970798% 39.998091238786024%\" width=\"6986\"\/><\/p>\n<p class=\"_paragraph_145nj_4 _paragraph_6fko5_10 layout-component text-serif-m layout-normal text-serif-m layout-padded\"><strong class=\"_strong_145nj_25\">Men det lille bildet<\/strong> fra andre verdenskrig henger p\u00e5 \u00e6resplass p\u00e5 veggen sammen med ordensdiplomet og familiebilder. <\/p>\n<p class=\"_paragraph_145nj_4 _paragraph_6fko5_10 layout-component text-serif-m layout-normal text-serif-m layout-padded\">Det er fem personer p\u00e5 bildet: Ole Reistad, sjefen for den norske flytreningsleiren Little Norway under krigen, prinsesse Astrid, lille Liv, prins Harald og Livs stores\u00f8ster BittenBittenLiv Ullmanns s\u00f8ster het egentlig Janna Erika Ullmann, men ble bare kalt Bitten &#8211; og kjent som Bitten \u00d8ie. Hun gikk bort i 2023, 84 \u00e5r gammel. . <\/p>\n<p class=\"_paragraph_145nj_4 _paragraph_6fko5_10 layout-component text-serif-m layout-normal text-serif-m layout-padded\">Harald og Bitten holder hender.<\/p>\n<p><img alt=\"Foto: Erlend Aas \/ NTB\" class=\"_image_jw3bv_65 layout-component layout-normal\" data-fullscreen- data-track-element-type=\"Article image fullscreen\" data-track-name=\"ImageFullscreen\" decoding=\"async\" loading=\"lazy\" height=\"2302\" itemprop=\"image\"  src=\"https:\/\/www.europesays.com\/no\/wp-content\/uploads\/2026\/09\/df374c0f-b71c-3ba3-a142-fea67410626f.jpeg\"  style=\"object-position:0% 0%\" width=\"3069\"\/>Foto: Erlend Aas \/ NTB<\/p>\n<p class=\"_paragraph_145nj_4 _paragraph_6fko5_10 layout-component text-serif-m layout-normal text-serif-m layout-padded\">\u2013 Jeg husker egentlig ikke s\u00e5 mye, og kanskje jeg har diktet opp dette &#8211; men se, jeg vet jeg var sjalu for at s\u00f8steren min holdt Harald i h\u00e5nden.<\/p>\n<p class=\"_paragraph_145nj_4 _paragraph_6fko5_10 layout-component text-serif-m layout-normal text-serif-m layout-padded\">\u2013 Du ser ogs\u00e5 litt sk\u00f8yeraktig ut?<\/p>\n<p class=\"_paragraph_145nj_4 _paragraph_6fko5_10 layout-component text-serif-m layout-normal text-serif-m layout-padded\">\u2013 Jeg var ogs\u00e5 litt sjenert, det har jeg v\u00e6rt hele livet. Det tror jeg ogs\u00e5 kong Harald var.<\/p>\n<p class=\"_paragraph_145nj_4 _paragraph_6fko5_10 layout-component text-serif-m layout-normal text-serif-m layout-padded\">Hun forteller at hun og s\u00f8steren var de eneste barna der, foruten prinsen og prinsessene \u2013 og de to guttene til Thor Heyerdahl.<\/p>\n<p><img alt=\"Foto: Heiko Junge \/ NTB\" class=\"_image_jw3bv_65 layout-component layout-normal\" data-fullscreen- data-track-element-type=\"Article image fullscreen\" data-track-name=\"ImageFullscreen\" decoding=\"async\" loading=\"lazy\" height=\"3453\" itemprop=\"image\"  src=\"https:\/\/www.europesays.com\/no\/wp-content\/uploads\/2026\/09\/4c16f300-c0b6-3427-97e2-2c211aa702bf.jpeg\"  style=\"object-position:0% 0%\" width=\"4604\"\/>Foto: Heiko Junge \/ NTB<\/p>\n<p class=\"_paragraph_145nj_4 _paragraph_6fko5_10 layout-component text-serif-m layout-normal text-serif-m layout-padded\">Liv husker ikke hva de pleide \u00e5 leke, men if\u00f8lge historieb\u00f8kene lekte den lille prinsen med en ekte bj\u00f8rnunge i leiren \u2013 og da vi sp\u00f8r om dette, utbryter hun.<\/p>\n<p class=\"_paragraph_145nj_4 _paragraph_6fko5_10 layout-component text-serif-m layout-normal text-serif-m layout-padded\"><strong class=\"_strong_145nj_25\">\u2013 Ja, det var en bj\u00f8rn! <\/strong><\/p>\n<p class=\"_paragraph_145nj_4 _paragraph_6fko5_10 layout-component text-serif-m layout-normal text-serif-m layout-padded\">\u2013 Det var en bj\u00f8rn, ikke en stor, men en liten. <\/p>\n<p class=\"_paragraph_145nj_4 _paragraph_6fko5_10 layout-component text-serif-m layout-normal text-serif-m layout-padded\">Jeg vet ikke hvorfor den var der, men det var helt fantastisk. Jeg husker det n\u00e5.<\/p>\n<p class=\"_paragraph_145nj_4 _paragraph_6fko5_10 layout-component text-serif-m layout-normal text-serif-m layout-padded\"> \u2013 Men jeg tror ikke jeg visste at Harald var prins eller annerledes. Jeg hadde jo ikke noe forhold til det \u00e5 v\u00e6re prins, sier hun og innr\u00f8mmer:<\/p>\n<p class=\"_paragraph_145nj_4 _paragraph_6fko5_10 layout-component text-serif-m layout-normal text-serif-m layout-padded\">\u2013 Jeg tror vi ogs\u00e5 f\u00f8lte at vi var spesielle. <\/p>\n<p class=\"_paragraph_145nj_4 _paragraph_6fko5_10 layout-component text-serif-m layout-normal text-serif-m layout-padded _medium_6fko5_28\">If\u00f8lge mamma<br \/>syntes jeg selv at jeg var veldig spesiell, <br \/>smiler hun. <\/p>\n<p><img alt=\"\" class=\"_image_jw3bv_65 layout-component layout-normal\" data-fullscreen- data-track-element-type=\"Article image fullscreen\" data-track-name=\"ImageFullscreen\" decoding=\"async\" loading=\"lazy\" height=\"5504\" itemprop=\"image\"  src=\"https:\/\/www.europesays.com\/no\/wp-content\/uploads\/2026\/09\/8a60660b-2e97-3e65-82ea-a29dbb8c799f.jpeg\"  style=\"object-position:0% 0%\" width=\"7339\"\/><\/p>\n<p class=\"_paragraph_145nj_4 _paragraph_6fko5_10 layout-component text-serif-m layout-normal text-serif-m layout-padded\">Hun husker ikke dagen bildet av henne og prins Harald ble tatt, hvem som tok det \u2013 eller hva settingen var. Hun vet bare at det var et oppstilt bilde inne i leiren. At de alle var pene i t\u00f8yet. <\/p>\n<p class=\"_paragraph_145nj_4 _paragraph_6fko5_10 layout-component text-serif-m layout-normal text-serif-m layout-padded\">\u2013 Det er et bilde som har betydd mye for meg. Det hang ogs\u00e5 p\u00e5 veggen da vi flyttet til Trondheim. Og bak ligger en nydelig historie om at vi var barndomsvenner. P\u00e5 et merkelig sted, n\u00e5r merkelige saker hendte i landet v\u00e5rt. <\/p>\n<p><img alt=\"Kronprinsesse M\u00e4rtha med prins Harald i Petsamo i Finland p\u00e5 vei til USA. Det er blitt august 1940 - og de skal reise med transportskipet American Legion.  Foto: \/ Aftonbladet \/ IBL Bildbyr\u00e5 \/ Aftonbladet\" class=\"_image_jw3bv_65 layout-component layout-normal\" data-fullscreen- data-track-element-type=\"Article image fullscreen\" data-track-name=\"ImageFullscreen\" decoding=\"async\" loading=\"lazy\" height=\"2542\" itemprop=\"image\"  src=\"https:\/\/www.europesays.com\/no\/wp-content\/uploads\/2026\/09\/7b9960d7-3510-3518-80c8-eb57c4988c9c.jpeg\"  style=\"object-position:0% 0%\" width=\"3389\"\/>Kronprinsesse M\u00e4rtha med prins Harald i Petsamo i Finland p\u00e5 vei til USA. Det er blitt august 1940 &#8211; og de skal reise med transportskipet American Legion.  Foto: \/ Aftonbladet \/ IBL Bildbyr\u00e5 \/ Aftonbladet<\/p>\n<p class=\"_paragraph_145nj_4 _paragraph_6fko5_10 layout-component text-serif-m layout-normal text-serif-m layout-padded\">Prins Harald var bare tre \u00e5r da Tyskland angrep Norge 9. april 1940, og historien om hvordan kronprinsesse M\u00e4rtha flyktet med Harald og s\u00f8strene Ragnhild og Astrid over grensen til Sverige og videre til Finland og USA, er godt kjent. <\/p>\n<p class=\"_paragraph_145nj_4 _paragraph_6fko5_10 layout-component text-serif-m layout-normal text-serif-m layout-padded\">P\u00e5 den andre siden av verden befant lille Liv Ullmann seg i Japan, der faren hennes, Erik Viggo Ullmann arbeidet som flyingeni\u00f8r. <\/p>\n<p><img alt=\"Liv Ullmann 1 \u00e5r gammel i Tokyo.  Foto: Privat\" class=\"_image_jw3bv_65 layout-component layout-normal\" data-fullscreen- data-track-element-type=\"Article image fullscreen\" data-track-name=\"ImageFullscreen\" decoding=\"async\" loading=\"lazy\" height=\"4480\" itemprop=\"image\"  src=\"https:\/\/www.europesays.com\/no\/wp-content\/uploads\/2026\/09\/70accda1-659b-3433-b596-1ad6058e78eb.jpeg\"  style=\"object-position:0% 0%\" width=\"3360\"\/>Liv Ullmann 1 \u00e5r gammel i Tokyo.  Foto: Privat<\/p>\n<p class=\"_paragraph_145nj_4 _paragraph_6fko5_10 layout-component text-serif-m layout-normal text-serif-m layout-padded\">Hun ble f\u00f8dt i Tokyo i desember 1938 &#8211; og var bare to \u00e5r da familien p\u00e5 fire flyktet i en oljetanker over Stillehavet og endte opp i Little Norway i Canada &#8211; der faren gikk inn i det norske flyv\u00e5penmilj\u00f8et. <\/p>\n<p class=\"_paragraph_145nj_4 _paragraph_6fko5_10 layout-component text-serif-m layout-normal text-serif-m layout-padded _medium_6fko5_28\">Slik havnet alts\u00e5 Liv og Harald, to sm\u00e5 barn p\u00e5 flukt, p\u00e5 samme sted. Rundt dem var det nesten bare soldater i uniform. <\/p>\n<p class=\"_paragraph_145nj_4 _paragraph_6fko5_10 layout-component text-serif-m layout-normal text-serif-m layout-padded\">\u2013 Dette er veldig levende for meg, jeg kan ikke huske at vi var redde eller noe. Det kjentes trygt og godt. <\/p>\n<p class=\"_paragraph_145nj_4 _paragraph_6fko5_10 layout-component text-serif-m layout-normal text-serif-m layout-padded\"><strong class=\"_strong_145nj_25\">\u2013 N\u00e5r vi ser p\u00e5 bildet i dag, er det litt spesielt \u00e5 tenke p\u00e5 at den lille jenta ble en av Norges aller st\u00f8rste internasjonale stjerner &#8211; og denne lille gutten ble konge? <\/strong><\/p>\n<p><img alt=\"\" class=\"_image_jw3bv_65 layout-component layout-normal\" data-fullscreen- data-track-element-type=\"Article image fullscreen\" data-track-name=\"ImageFullscreen\" decoding=\"async\" loading=\"lazy\" height=\"7276\" itemprop=\"image\"  src=\"https:\/\/www.europesays.com\/no\/wp-content\/uploads\/2026\/09\/e215eb20-d0b2-37e3-8c30-c8102f777af6.jpeg\"  style=\"object-position:0% 0%\" width=\"5457\"\/><\/p>\n<p class=\"_paragraph_145nj_4 _paragraph_6fko5_10 layout-component text-serif-m layout-normal text-serif-m layout-padded\">\u2013 Ja, det er jo det som er litt morsomt med det, sier Liv og forklarer:<\/p>\n<p class=\"_paragraph_145nj_4 _paragraph_6fko5_10 layout-component text-serif-m layout-normal text-serif-m layout-padded\">\u2013 Vi opplevde noe sammen som barn, og det knyttet oss sammen resten av livet. Da freden kom, hadde vi ingen kontakt, men plutselig fikk vi kontakt igjen da jeg var kommet langt inn i yrket mitt, og han var kommet langt inn i sitt kongelige liv.<\/p>\n<p class=\"_paragraph_145nj_4 _paragraph_6fko5_10 layout-component text-serif-m layout-normal text-serif-m layout-padded _medium_6fko5_28\">\u2013 Og s\u00e5 ble det m\u00f8tet,<br \/>det bildet, en gyllen tr\u00e5d.<\/p>\n<p><img alt=\"Liv Ullmann og Gjertrud Jynge sammen med kong Harald og dronning Sonja etter utdelingen av Anders Jahres kulturpriser i 1996.  Foto: Lise \u00c5serud \/ NTB\" class=\"_image_jw3bv_65 layout-component layout-normal\" data-fullscreen- data-track-element-type=\"Article image fullscreen\" data-track-name=\"ImageFullscreen\" decoding=\"async\" loading=\"lazy\" height=\"1708\" itemprop=\"image\"  src=\"https:\/\/www.europesays.com\/no\/wp-content\/uploads\/2026\/09\/3c450081-d85e-3098-bd63-22441a652981.jpeg\"  style=\"object-position:0% 0%\" width=\"1991\"\/>Liv Ullmann og Gjertrud Jynge sammen med kong Harald og dronning Sonja etter utdelingen av Anders Jahres kulturpriser i 1996.  Foto: Lise \u00c5serud \/ NTB<\/p>\n<p class=\"_paragraph_145nj_4 _paragraph_6fko5_10 layout-component text-serif-m layout-normal text-serif-m layout-padded\">Hun forteller at de alltid snakket om det da de ved mange anledninger i sitt voksne liv m\u00f8ttes. <\/p>\n<p class=\"_paragraph_145nj_4 _paragraph_6fko5_10 layout-component text-serif-m layout-normal text-serif-m layout-padded\">Hun ler. <\/p>\n<p class=\"_paragraph_145nj_4 _paragraph_6fko5_10 layout-component text-serif-m layout-normal text-serif-m layout-padded\">\u2013 Jeg klarer ikke \u00e5 fortelle dette s\u00e5 morsomt som han gjorde, men det ble en slags sp\u00f8k mellom oss. Og som ogs\u00e5 dronningen var med p\u00e5. <\/p>\n<p class=\"_paragraph_145nj_4 _paragraph_6fko5_10 layout-component text-serif-m layout-normal text-serif-m layout-padded\">Hun forteller om en middag langt tilbake, hun husker ikke hvor eller n\u00e5r, men i alle fall l\u00f8fter Harald glasset for \u00e5 utbringe en sk\u00e5l.<\/p>\n<p class=\"_paragraph_145nj_4 _paragraph_6fko5_10 layout-component text-serif-m layout-normal text-serif-m layout-padded\">\u2013 Vi var i et stort selskap sammen, og s\u00e5 plutselig hever kongen glasset og sier:<\/p>\n<p class=\"_paragraph_145nj_4 _paragraph_6fko5_10 layout-component text-serif-m layout-normal text-serif-m layout-padded\"><strong class=\"_strong_145nj_25\">\u00abJa, n\u00e5 vil jeg sk\u00e5le med Liv. For vi har jo et forhold. Og det vil jeg gjerne at dere skal vite.\u00bb<\/strong><\/p>\n<p class=\"_paragraph_145nj_4 _paragraph_6fko5_10 layout-component text-serif-m layout-normal text-serif-m layout-padded\">\u2013 Det var s\u00e5nn det startet. Han sa det s\u00e5nn at alle h\u00f8rte det, og b\u00e5de han og dronningen lo. Han hadde jo denne fantastiske humoren, jeg synes han var kjempemorsom.<\/p>\n<p class=\"_paragraph_145nj_4 _paragraph_6fko5_10 layout-component text-serif-m layout-normal text-serif-m layout-padded _medium_6fko5_28\"> Og s\u00e5 brukte han dette<br \/>nesten hver gang vi m\u00f8ttes.<\/p>\n<p><img alt=\"\" class=\"_image_jw3bv_65 layout-component layout-normal\" data-fullscreen- data-track-element-type=\"Article image fullscreen\" data-track-name=\"ImageFullscreen\" decoding=\"async\" loading=\"lazy\" height=\"5251\" itemprop=\"image\"  src=\"https:\/\/www.europesays.com\/no\/wp-content\/uploads\/2026\/09\/338c6831-fbf6-3caf-b6ba-58a73117c3f6.jpeg\"  style=\"object-position:0% 0%\" width=\"7001\"\/><\/p>\n<p class=\"_paragraph_145nj_4 _paragraph_6fko5_10 layout-component text-serif-m layout-normal text-serif-m layout-padded\">Hun husker ogs\u00e5 veldig godt da kong Harald kom backstage etter \u00e5 ha sett et av stykkene hun spilte i p\u00e5 Nationaltheatret. <\/p>\n<p><img alt=\"Foto: Stig N\u00e6ss \/ VG\" class=\"_image_jw3bv_65 layout-component layout-normal\" data-fullscreen- data-track-element-type=\"Article image fullscreen\" data-track-name=\"ImageFullscreen\" decoding=\"async\" loading=\"lazy\" height=\"3304\" itemprop=\"image\"  src=\"https:\/\/www.europesays.com\/no\/wp-content\/uploads\/2026\/09\/62210ec9-aa8e-3464-9ca4-c08dd5f23f3f.jpeg\"  style=\"object-position:0% 0%\" width=\"4405\"\/>Foto: Stig N\u00e6ss \/ VG<\/p>\n<p class=\"_paragraph_145nj_4 _paragraph_6fko5_10 layout-component text-serif-m layout-normal text-serif-m layout-padded\">\u2013 Jeg var nok ganske sliten og sa noe om at jeg kanskje burde gi meg. Men da fikk jeg klar beskjed: <\/p>\n<p class=\"_paragraph_145nj_4 _paragraph_6fko5_10 layout-component text-serif-m layout-normal text-serif-m layout-padded\"><strong class=\"_strong_145nj_25\">\u00abLiv Ullmann, dette er en kongelig befaling: Det er en ordre fra meg at du ikke kan slutte!\u00bb<\/strong><\/p>\n<p class=\"_paragraph_145nj_4 _paragraph_6fko5_10 layout-component text-serif-m layout-normal text-serif-m layout-padded\">\u2013 Og s\u00e5 smilte og lo vi alle sammen. <\/p>\n<p class=\"_paragraph_145nj_4 _paragraph_6fko5_10 layout-component text-serif-m layout-normal text-serif-m layout-padded\">\u2013 Og du adl\u00f8d? <\/p>\n<p class=\"_paragraph_145nj_4 _paragraph_6fko5_10 layout-component text-serif-m layout-normal text-serif-m layout-padded\">\u2013 Hehe, ja, jeg gjorde jo det.<\/p>\n<p class=\"_paragraph_145nj_4 _paragraph_6fko5_10 layout-component text-serif-m layout-normal text-serif-m layout-padded\"><strong class=\"_strong_145nj_25\">Den lille jenta og den lille gutten p\u00e5 bildet vendte begge hjem til fred i Norge. <\/strong><\/p>\n<p><img alt=\"\" class=\"_image_jw3bv_65 layout-component layout-normal\" data-fullscreen- data-track-element-type=\"Article image fullscreen\" data-track-name=\"ImageFullscreen\" decoding=\"async\" loading=\"lazy\" height=\"4724\" itemprop=\"image\"  src=\"https:\/\/www.europesays.com\/no\/wp-content\/uploads\/2026\/09\/9b2f2e8c-1ae6-3f04-9ce3-bdb5a6cb24e9.jpeg\"  style=\"object-position:0% 0%\" width=\"3543\"\/><\/p>\n<p class=\"_paragraph_145nj_4 _paragraph_6fko5_10 layout-component text-serif-m layout-normal text-serif-m layout-padded\">Den lille prinsen ble tatt imot med jubel av et helt land, mens Liv, s\u00f8steren og moren m\u00e5tte dra hjem uten faren, som d\u00f8de p\u00e5 sykehuset i New York i juni 1945 som f\u00f8lge av en ulykke med en flypropell. <\/p>\n<p class=\"_paragraph_145nj_4 _paragraph_6fko5_10 layout-component text-serif-m layout-normal text-serif-m layout-padded\">\u2013 Jeg forsto nok ikke hvor vanskelig det var for mamma. Vi hadde jo ikke noe hjem, ingen inntekter. Vi reiste til Trondheim og bodde hos hennes mamma. <\/p>\n<p class=\"_paragraph_145nj_4 _paragraph_6fko5_10 layout-component text-serif-m layout-normal text-serif-m layout-padded\">\u2013 Og du var seks \u00e5r og hadde mistet faren din? <\/p>\n<p class=\"_paragraph_145nj_4 _paragraph_6fko5_10 layout-component text-serif-m layout-normal text-serif-m layout-padded\">\u2013 Ja, jeg har hele livet fortalt om den siste gangen jeg bes\u00f8kte pappa p\u00e5 sykehuset. Han sa: \u00abVi skal m\u00f8tes, vi to, i en annen og bedre verden.\u00bb Det kan hende jeg har diktet det opp, men jeg har sagt det hele livet, s\u00e5 jeg sier det n\u00e5 ogs\u00e5.<\/p>\n<p class=\"_paragraph_145nj_4 _paragraph_6fko5_10 layout-component text-serif-m layout-normal text-serif-m layout-padded _medium_6fko5_28\">\u2013 Det som er helt sikkert,<br \/>er at jeg visste<br \/>at det var siste gangen<br \/>jeg hadde en pappa. <\/p>\n<p><img alt=\"\" class=\"_image_jw3bv_65 layout-component layout-fullscreen\" data-fullscreen- data-track-element-type=\"Article image fullscreen\" data-track-name=\"ImageFullscreen\" decoding=\"async\" loading=\"lazy\" height=\"4572\" itemprop=\"image\"  src=\"https:\/\/www.europesays.com\/no\/wp-content\/uploads\/2026\/09\/ec4be26c-b01d-393c-97e1-6b06bc104af3.jpeg\"  style=\"object-position:43.03536821705426% 28.47769028871391%\" width=\"8256\"\/><\/p>\n<p class=\"_paragraph_145nj_4 _paragraph_6fko5_10 layout-component text-serif-m layout-normal text-serif-m layout-padded\">S\u00e5 vokste de to barna opp \u2013 p\u00e5 hver sin kant av landet. Da prins Harald var 17 \u00e5r, gikk han p\u00e5 Oslo katedralskole. Han mistet ogs\u00e5 moren sin, kronprinsesse M\u00e4rtha, som han sto sv\u00e6rt n\u00e6r.  <\/p>\n<p class=\"_paragraph_145nj_4 _paragraph_6fko5_10 layout-component text-serif-m layout-normal text-serif-m layout-padded\">Mens 17 \u00e5r gamle Liv reiser fra Trondheim til Oslo for \u00e5 pr\u00f8ve \u00e5 komme inn p\u00e5 teaterh\u00f8gskolen. <\/p>\n<p class=\"_paragraph_145nj_4 _paragraph_6fko5_10 layout-component text-serif-m layout-normal text-serif-m layout-padded\"><strong class=\"_strong_145nj_25\">\u2013 Det var forferdelig den natten jeg fikk vite at jeg ikke kom inn. Jeg dro til farmoren min og l\u00e5 og gr\u00e5t i armene hennes, forteller Liv.<\/strong><\/p>\n<p class=\"_paragraph_145nj_4 _paragraph_6fko5_10 layout-component text-serif-m layout-normal text-serif-m layout-padded\">\u2013 Men s\u00e5 viste det seg jo at det bare var en fordel for meg. <\/p>\n<p class=\"_paragraph_145nj_4 _paragraph_6fko5_10 layout-component text-serif-m layout-normal text-serif-m layout-padded\">Liv Ullmann ble nemlig skuespiller p\u00e5 teateret i Stavanger og fikk i l\u00f8pet av de neste tre \u00e5rene spilt mange store roller b\u00e5de p\u00e5 film og p\u00e5 scenen. <\/p>\n<p><img alt=\"En ung Liv Ullmann ved Rogaland Teater i 1959.  Foto: Sverre A. B\u00f8rretzen \/ NTB\" class=\"_image_jw3bv_65 layout-component layout-normal\" data-fullscreen- data-track-element-type=\"Article image fullscreen\" data-track-name=\"ImageFullscreen\" decoding=\"async\" loading=\"lazy\" height=\"4290\" itemprop=\"image\"  src=\"https:\/\/www.europesays.com\/no\/wp-content\/uploads\/2026\/09\/79bf806e-90f8-3b20-af9b-5aaf1fdf8553.jpeg\"  style=\"object-position:0% 0%\" width=\"3217\"\/>En ung Liv Ullmann ved Rogaland Teater i 1959.  Foto: Sverre A. B\u00f8rretzen \/ NTB<\/p>\n<p class=\"_paragraph_145nj_4 _paragraph_6fko5_10 layout-component text-serif-m layout-normal text-serif-m layout-padded\">\u2013 S\u00e5 da jeg var 21 \u00e5r og flyttet til Oslo for \u00e5 jobbe p\u00e5 Det norske teatret, hadde jeg kommet langt. Mye lengre enn hvis jeg hadde g\u00e5tt p\u00e5 skolen de \u00e5rene. <\/p>\n<p class=\"_paragraph_145nj_4 _paragraph_6fko5_10 layout-component text-serif-m layout-normal text-serif-m layout-padded\">\u2013 Jeg fikk s\u00e5 mange muligheter, sier hun og understreker flere ganger:<\/p>\n<p class=\"_paragraph_145nj_4 _paragraph_6fko5_10 layout-component text-serif-m layout-normal text-serif-m layout-padded\">\u2013 Det var ikke meg.<\/p>\n<p class=\"_paragraph_145nj_4 _paragraph_6fko5_10 layout-component text-serif-m layout-normal text-serif-m layout-padded\"><strong class=\"_strong_145nj_25\">\u2013 Hva mener du med \u00abdet var ikke meg\u00bb? <\/strong><\/p>\n<p class=\"_paragraph_145nj_4 _paragraph_6fko5_10 layout-component text-serif-m layout-normal text-serif-m layout-padded\">\u2013 Jeg ble sett av teatersjefen i Stavanger, jeg ble sett p\u00e5 Det norske teatret &#8211; og s\u00e5 kom det noen fra Amerika og s\u00e5 meg da jeg spilte Nora i \u00abEt dukkehjem\u00bb &#8211; som ville ha meg til New York. Det var ikke meg, jeg var bare s\u00e5 heldig \u00e5 bli sett.<\/p>\n<p class=\"_paragraph_145nj_4 _paragraph_6fko5_10 layout-component text-serif-m layout-normal text-serif-m layout-padded\">\u2013 Men de s\u00e5 jo noe <strong class=\"_strong_145nj_25\">i deg<\/strong>?<\/p>\n<p class=\"_paragraph_145nj_4 _paragraph_6fko5_10 layout-component text-serif-m layout-normal text-serif-m layout-padded\">\u2013 De s\u00e5 noe i meg, ja. Men jeg var bare enormt heldig. Jeg har hatt et fantastisk liv. Det har v\u00e6rt s\u00e5 mye. <\/p>\n<p class=\"_paragraph_145nj_4 _paragraph_6fko5_10 layout-component text-serif-m layout-normal text-serif-m layout-padded\">Vi viser Liv et bilde av henne sammen med kronprins Harald og kronprinsesse Sonja i 1979 \u2013 tatt i forbindelse med NRKs nytt\u00e5rssending \u2013 og vi sp\u00f8r om hun husker hvor hun var i livet den gangen.<\/p>\n<p><img alt=\"Kronprinsparet til stede p\u00e5 nytt\u00e5rsfeiringen i NRK 1979. Her (f.v.) programleder Harald Tusberg, kronprinsesse Sonja, kronprins Harald, Liv Ullmann, Per Aabel og Harald Heide Steen jr.  Foto: Bj\u00f8rn Sigurds\u00f8n \/ NTB\" class=\"_image_jw3bv_65 layout-component layout-normal\" data-fullscreen- data-track-element-type=\"Article image fullscreen\" data-track-name=\"ImageFullscreen\" decoding=\"async\" loading=\"lazy\" height=\"3107\" itemprop=\"image\"  src=\"https:\/\/www.europesays.com\/no\/wp-content\/uploads\/2026\/09\/7036bea9-b2c7-3e7c-b0f9-99cf17bceac2.jpeg\"  style=\"object-position:0% 0%\" width=\"4143\"\/>Kronprinsparet til stede p\u00e5 nytt\u00e5rsfeiringen i NRK 1979. Her (f.v.) programleder Harald Tusberg, kronprinsesse Sonja, kronprins Harald, Liv Ullmann, Per Aabel og Harald Heide Steen jr.  Foto: Bj\u00f8rn Sigurds\u00f8n \/ NTB<\/p>\n<p class=\"_paragraph_145nj_4 _paragraph_6fko5_10 layout-component text-serif-m layout-normal text-serif-m layout-padded\">Hun tar oss med til et stort skap p\u00e5 soverommet sitt. Der ligger det filofakser, kalendere, notatb\u00f8ker, manuskripter og doktorgrader fra ulike land. Skapet er fullt, og Liv begynner \u00e5 lete etter en bok fra 1979. <\/p>\n<p class=\"_paragraph_145nj_4 _paragraph_6fko5_10 layout-component text-serif-m layout-normal text-serif-m layout-padded\">\u2013 Jeg skulle jo hatt svar p\u00e5 alt du sp\u00f8r om. Men husker du hva du gjorde i 1982 eller noe? <\/p>\n<p class=\"_paragraph_145nj_4 _paragraph_6fko5_10 layout-component text-serif-m layout-normal text-serif-m layout-padded\">\u2013 Nei, jeg husker ingenting, jeg, egentlig, svarer undertegnede journalist \u2013 og Liv begynner \u00e5 le.<\/p>\n<p class=\"_paragraph_145nj_4 _paragraph_6fko5_10 layout-component text-serif-m layout-normal text-serif-m layout-padded\"><strong class=\"_strong_145nj_25\">Vi finner hauger av Liv og liv i det skapet. Kalenderb\u00f8kene fyker rundt og havner p\u00e5 gulvet. Vi gir opp n\u00e5r vi har kommet tilbake til 1989. <\/strong><\/p>\n<p class=\"_paragraph_145nj_4 _paragraph_6fko5_10 layout-component text-serif-m layout-normal text-serif-m layout-padded\">\u2013 Vi lar dem ligge, dere f\u00e5r absolutt ikke lov til \u00e5 hjelpe meg med \u00e5 rydde, beordrer Liv. <\/p>\n<p><img alt=\"\" class=\"_image_jw3bv_65 layout-component layout-normal\" data-fullscreen- data-track-element-type=\"Article image fullscreen\" data-track-name=\"ImageFullscreen\" decoding=\"async\" loading=\"lazy\" height=\"5504\" itemprop=\"image\"  src=\"https:\/\/www.europesays.com\/no\/wp-content\/uploads\/2026\/09\/664c8a6d-0083-3e3a-9508-f48904a28458.jpeg\"  style=\"object-position:0% 0%\" width=\"5870\"\/><img alt=\"\" class=\"_image_jw3bv_65 layout-component layout-normal\" data-fullscreen- data-track-element-type=\"Article image fullscreen\" data-track-name=\"ImageFullscreen\" decoding=\"async\" loading=\"lazy\" height=\"4535\" itemprop=\"image\"  src=\"https:\/\/www.europesays.com\/no\/wp-content\/uploads\/2026\/09\/7df3f00a-aced-3083-a1aa-ee0e8188e632.jpeg\"  style=\"object-position:0% 0%\" width=\"6047\"\/><\/p>\n<p class=\"_paragraph_145nj_4 _paragraph_6fko5_10 layout-component text-serif-m layout-normal text-serif-m layout-padded\">I stedet kan internett fortelle oss at i det 1979 ebber ut, og hun er gjest i nytt\u00e5rssendingen til NRK sammen med kronprinsparet, kan hun se tilbake p\u00e5 et \u00e5r der hun blant annet var vert for Tony Awards sammen med Jane og Henry Fonda. P\u00e5 scenen den kvelden var blant annet Al Pacino og Angela Lansbury. Hun hadde ogs\u00e5 hatt hovedrollen i en ny, stor Broadway-musikal. <\/p>\n<p class=\"_paragraph_145nj_4 _paragraph_6fko5_10 layout-component text-serif-m layout-normal text-serif-m layout-padded\">Dessuten ble hun visepresident i International Rescue Committee &#8211; og startet et livslangt engasjement for verdens flyktninger.<\/p>\n<p class=\"_paragraph_145nj_4 _paragraph_6fko5_10 layout-component text-serif-m layout-normal text-serif-m layout-padded\"><strong class=\"_strong_145nj_25\">B\u00e5de Liv og Harald er blitt foreldre:<\/strong> <\/p>\n<p class=\"_paragraph_145nj_4 _paragraph_6fko5_10 layout-component text-serif-m layout-normal text-serif-m layout-padded\">Liv hadde f\u00e5tt datteren Linn med Ingmar Bergman i 1966, mens Harald ble far til M\u00e4rtha Louise i 1971 og Haakon i 1973. <\/p>\n<p><img alt=\"Arkivbilde fra 1967: Liv sammen med datteren Linn Ullmann under innspilningen av Ingmar Bergmans film \u00abSkammen\u00bb p\u00e5 F\u00e5r\u00f6.  Foto: Lennart Nilsson \/ TT \/ TT Nyhetsbyr\u00e5n \/ NTB\" class=\"_image_jw3bv_65 layout-component layout-fullscreen\" data-fullscreen- data-track-element-type=\"Article image fullscreen\" data-track-name=\"ImageFullscreen\" decoding=\"async\" loading=\"lazy\" height=\"4941\" itemprop=\"image\"  src=\"https:\/\/www.europesays.com\/no\/wp-content\/uploads\/2026\/09\/21ea269f-3c63-30e3-95c5-59ca092ecaa0.jpeg\"  style=\"object-position:55.95057034220532% 62.679619510220604%\" width=\"7890\"\/>Arkivbilde fra 1967: Liv sammen med datteren Linn Ullmann under innspilningen av Ingmar Bergmans film \u00abSkammen\u00bb p\u00e5 F\u00e5r\u00f6.  Foto: Lennart Nilsson \/ TT \/ TT Nyhetsbyr\u00e5n \/ NTB<\/p>\n<p class=\"_paragraph_145nj_4 _paragraph_6fko5_10 layout-component text-serif-m layout-normal text-serif-m layout-padded\">\u2013 Jeg har tenkt p\u00e5 kj\u00e6rlighetshistorien til Harald og Sonja disse siste dagene, forteller Liv. <\/p>\n<p class=\"_paragraph_145nj_4 _paragraph_6fko5_10 layout-component text-serif-m layout-normal text-serif-m layout-padded\">\u2013 De har virkelig vist hva det vil si \u00e5 leve med kj\u00e6rlighet et helt liv. Selv om vi alle var forberedt p\u00e5 kongens d\u00f8d, s\u00e5 hadde jeg ikke trodd det skulle skje s\u00e5 fort. Jeg hadde \u00f8nsket for Sonja at hun skulle f\u00e5 ha ham lenger. N\u00e5 h\u00e5per jeg at noen passer p\u00e5 henne ogs\u00e5, mens de er opptatt med alt dette andre.<\/p>\n<p class=\"_paragraph_145nj_4 _paragraph_6fko5_10 layout-component text-serif-m layout-normal text-serif-m layout-padded\"><strong class=\"_strong_145nj_25\">\u2013 Jeg tenker veldig p\u00e5 dronning Sonja n\u00e5, sier Liv stille.<\/strong><\/p>\n<p class=\"_paragraph_145nj_4 _paragraph_6fko5_10 layout-component text-serif-m layout-normal text-serif-m layout-padded\">\u2013 Hva tror du et s\u00e5nt liv, alts\u00e5 som konge, har kostet?<\/p>\n<p class=\"_paragraph_145nj_4 _paragraph_6fko5_10 layout-component text-serif-m layout-normal text-serif-m layout-padded\">\u2013 Kostet? Jeg tror Harald har hatt et skj\u00f8nt liv. Han har gitt, og han har f\u00e5tt. Og det handler om kj\u00e6rlighet, menneskem\u00f8ter og gjenkjennelse. Alle som m\u00f8tte ham, sa: \u00abHan ser meg\u00bb. Selv n\u00e5r vi alle s\u00e5 at kn\u00e6rne hans begynte \u00e5 b\u00f8ye seg, og det ble vanskelig \u00e5 g\u00e5, s\u00e5 var den samme latteren og gleden der.<\/p>\n<p><img alt=\"Arkivbilde fra da Liv Ullmann fikk Anders Jahres kulturpris i 1996, her sammen med dronning Sonja og kong Harald.  Foto: Bj\u00f8rn Harry Sch\u00f8nhaug \/ VG\" class=\"_image_jw3bv_65 layout-component layout-normal\" data-fullscreen- data-track-element-type=\"Article image fullscreen\" data-track-name=\"ImageFullscreen\" decoding=\"async\" loading=\"lazy\" height=\"3255\" itemprop=\"image\"  src=\"https:\/\/www.europesays.com\/no\/wp-content\/uploads\/2026\/09\/7e2103b1-26d7-3ff0-8960-6b75112674e0.jpeg\"  style=\"object-position:0% 0%\" width=\"4340\"\/>Arkivbilde fra da Liv Ullmann fikk Anders Jahres kulturpris i 1996, her sammen med dronning Sonja og kong Harald.  Foto: Bj\u00f8rn Harry Sch\u00f8nhaug \/ VG<\/p>\n<p class=\"_paragraph_145nj_4 _paragraph_6fko5_10 layout-component text-serif-m layout-normal text-serif-m layout-padded\">Fredag 28. august d\u00f8de kong Harald, 89 \u00e5r gammel. Liv Ullmann skal selv bli 88 \u00e5r i desember. De har levd to parallelle liv, opplevd den samme tiden.<\/p>\n<p class=\"_paragraph_145nj_4 _paragraph_6fko5_10 layout-component text-serif-m layout-normal text-serif-m layout-padded\"><strong class=\"_strong_145nj_25\">\u2013 Ja, det har v\u00e6rt noen n\u00e6re mennesker som har ringt meg og sagt akkurat det, forteller Liv.<\/strong><\/p>\n<p class=\"_paragraph_145nj_4 _paragraph_6fko5_10 layout-component text-serif-m layout-normal text-serif-m layout-padded\">\u2013 Det er klart det f\u00e5r meg til \u00e5 tenke p\u00e5 hva jeg selv har igjen. Kong Harald var en som var spesiell for meg da jeg var bitteliten, og n\u00e5 er han borte. Det er en livserfaringslinje som er borte. Det er rart \u00e5 tenke p\u00e5. <\/p>\n<p class=\"_paragraph_145nj_4 _paragraph_6fko5_10 layout-component text-serif-m layout-normal text-serif-m layout-padded\">Ikke at egen alder kom som noen overraskelse. <\/p>\n<p class=\"_paragraph_145nj_4 _paragraph_6fko5_10 layout-component text-serif-m layout-normal text-serif-m layout-padded\">\u2013 Jeg visste jo det f\u00f8r dette ogs\u00e5! Jeg vet jo at jeg er 87 \u00e5r. Men jeg er ikke redd for \u00e5 d\u00f8. Ikke i det hele tatt, sier Liv \u2013 og sp\u00f8r VGs journalist:<\/p>\n<p><img alt=\"\" class=\"_image_jw3bv_65 layout-component layout-normal\" data-fullscreen- data-track-element-type=\"Article image fullscreen\" data-track-name=\"ImageFullscreen\" decoding=\"async\" loading=\"lazy\" height=\"3379\" itemprop=\"image\"  src=\"https:\/\/www.europesays.com\/no\/wp-content\/uploads\/2026\/09\/4407ac84-a060-3904-a896-5e5bb1b5d5e9.jpeg\"  style=\"object-position:0% 0%\" width=\"4505\"\/><\/p>\n<p class=\"_paragraph_145nj_4 _paragraph_6fko5_10 layout-component text-serif-m layout-normal text-serif-m layout-padded\">\u2013 Er du redd?<\/p>\n<p class=\"_paragraph_145nj_4 _paragraph_6fko5_10 layout-component text-serif-m layout-normal text-serif-m layout-padded\">\u2013 Ja, veldig. Eller redd for \u00e5 ikke finnes mer.<\/p>\n<p class=\"_paragraph_145nj_4 _paragraph_6fko5_10 layout-component text-serif-m layout-normal text-serif-m layout-padded\">\u2013 Nei, huff, n\u00e5 blir jeg redd ogs\u00e5, n\u00e5r du sier det s\u00e5nn. \u00c5 ikke finnes mer &#8230; <\/p>\n<p class=\"_paragraph_145nj_4 _paragraph_6fko5_10 layout-component text-serif-m layout-normal text-serif-m layout-padded _medium_6fko5_28\">Liv griper fatt<br \/>i hendene til VGs journalist,<br \/>og vi blir sittende s\u00e5nn<br \/>en lang stund. <br \/>S\u00e5 sier hun:<\/p>\n<p class=\"_paragraph_145nj_4 _paragraph_6fko5_10 layout-component text-serif-m layout-normal text-serif-m layout-padded\">\u2013 Men det er ikke s\u00e5nn. Vi finnes, og vi blir ikke borte, sier hun og forklarer:<\/p>\n<p class=\"_paragraph_145nj_4 _paragraph_6fko5_10 layout-component text-serif-m layout-normal text-serif-m layout-padded\">\u2013 Jeg tror at n\u00e5r vi d\u00f8r, s\u00e5 flyr energien din, eller noe av deg, ut av vinduet. Vi blir ikke borte. Jeg tror at vi er en del av noe stort og fint, noe vi ikke har ord for. Det er en tr\u00f8st, sier Liv. <\/p>\n<p><img alt=\"\" class=\"_image_jw3bv_65 layout-component layout-normal\" data-fullscreen- data-track-element-type=\"Article image fullscreen\" data-track-name=\"ImageFullscreen\" decoding=\"async\" loading=\"lazy\" height=\"5458\" itemprop=\"image\"  src=\"https:\/\/www.europesays.com\/no\/wp-content\/uploads\/2026\/09\/64d6c7c2-0629-3152-8f36-192bcbc6ce7d.jpeg\"  style=\"object-position:0% 0%\" width=\"7277\"\/><\/p>\n<p class=\"_paragraph_145nj_4 _paragraph_6fko5_10 layout-component text-serif-m layout-normal text-serif-m layout-padded\">Hun har flyttet hjem til Norge for godt n\u00e5, for litt over et \u00e5r siden. Hun forteller at hun liker \u00e5 g\u00e5 p\u00e5 konsert, at hun har nydelige venner og en stor familie med barnebarn og oldebarn. <\/p>\n<p class=\"_paragraph_145nj_4 _paragraph_6fko5_10 layout-component text-serif-m layout-normal text-serif-m layout-padded\">\u2013 Og s\u00e5 g\u00e5r jeg mye rundt i gatene her. N\u00e5r jeg skal ut og g\u00e5, s\u00e5 kan jeg bestemme meg for at det skal skje noe nydelig, og s\u00e5 skjer det nesten alltid noe. <\/p>\n<p class=\"_paragraph_145nj_4 _paragraph_6fko5_10 layout-component text-serif-m layout-normal text-serif-m layout-padded\">\u2013 Som hva da? <\/p>\n<p class=\"_paragraph_145nj_4 _paragraph_6fko5_10 layout-component text-serif-m layout-normal text-serif-m layout-padded\">\u2013 Det kan komme en hund forbi som krafser litt p\u00e5 meg, eller et gammelt menneske som kommer bort og sier: \u00c5h, kan jeg f\u00e5 gi deg en klem. Det \u00e5 v\u00e6re gammel, eller jeg vil si eldre, er ogs\u00e5 \u00e5 velge \u00e5 v\u00e6re lykkelig eldre. Istedenfor ensom og eldre. <\/p>\n<p class=\"_paragraph_145nj_4 _paragraph_6fko5_10 layout-component text-serif-m layout-normal text-serif-m layout-padded\">Det er ikke alle m\u00f8tene med presidenter og ber\u00f8mtheter som har gjort mest inntrykk p\u00e5 Liv Ullmann. Nelson Mandela, Henry Kissinger, Richard Nixon, Jimmy Carter, bare for \u00e5 nevne noen. Om dem sier hun:<\/p>\n<p>President Jimmy Carter og Rosalynn Carter ler sammen med skuespiller Liv Ullmann backstage p\u00e5 National Theatre i Washington i 1977. Foto: Jeff Taylor \/ AP \/ NTB<\/p>\n<p class=\"_paragraph_145nj_4 _paragraph_6fko5_10 layout-component text-serif-m layout-normal text-serif-m layout-padded\">\u2013 De er jo barnslige de ogs\u00e5, de ville alltid fortelle meg ting &#8211; og jeg tror jeg var en god tilh\u00f8rer. Det har v\u00e6rt noen m\u00f8ter med utrolige mennesker. <\/p>\n<p class=\"_paragraph_145nj_4 _paragraph_6fko5_10 layout-component text-serif-m layout-normal text-serif-m layout-padded\">\u2013 Men det er m\u00f8tene med de som ikke har noe, de jeg har m\u00f8tt i forskjellige flyktningeleire, som har gjort sterkest inntrykk. Det er da du ser hvor gode mennesker er. De har ikke noe, likevel vil de dele det lille de har i matsk\u00e5len sin med deg. <\/p>\n<p class=\"_paragraph_145nj_4 _paragraph_6fko5_10 layout-component text-serif-m layout-normal text-serif-m layout-padded\">Men en gang jagde hun selv etter en stor ber\u00f8mthet nedover gatene i New York: <\/p>\n<p class=\"_paragraph_145nj_4 _paragraph_6fko5_10 layout-component text-serif-m layout-normal text-serif-m layout-padded\"><strong class=\"_strong_145nj_25\">\u2013 Du vet, jeg s\u00e5 Greta Garbo, forteller hun.<\/strong> <\/p>\n<p class=\"_paragraph_145nj_4 _paragraph_6fko5_10 layout-component text-serif-m layout-normal text-serif-m layout-padded\">\u2013 Det var da jeg spilte Anna Christie p\u00e5 Broadway og hadde kjempesuksess. Og Greta Garbo hadde i sin tid gjort Anna Christie ud\u00f8delig. S\u00e5 da jeg s\u00e5 henne p\u00e5 gaten, ville jeg g\u00e5 bort og fortelle henne at n\u00e5 spiller jeg Anna Christie. Men da hun s\u00e5 meg komme, ble hun kjemperedd og begynte \u00e5 springe.<\/p>\n<p><img alt=\"Liv Ullmann og Jphn Lithgow i en scene fra \u00abAnna Christie\u00bb p\u00e5 Broadway i 1977.  Foto: Martha Swope\/New York Library digital collections.\" class=\"_image_jw3bv_65 layout-component layout-normal\" data-fullscreen- data-track-element-type=\"Article image fullscreen\" data-track-name=\"ImageFullscreen\" decoding=\"async\" loading=\"lazy\" height=\"1808\" itemprop=\"image\"  src=\"https:\/\/www.europesays.com\/no\/wp-content\/uploads\/2026\/09\/eba833bb-da18-39fe-b353-9d92fbdded55.jpeg\"  style=\"object-position:0% 0%\" width=\"2411\"\/>Liv Ullmann og Jphn Lithgow i en scene fra \u00abAnna Christie\u00bb p\u00e5 Broadway i 1977.  Foto: Martha Swope\/New York Library digital collections.<\/p>\n<p class=\"_paragraph_145nj_4 _paragraph_6fko5_10 layout-component text-serif-m layout-normal text-serif-m layout-padded\">\u2013 Og s\u00e5 tenkte jeg, gud, n\u00e5 har jeg skremt henne, s\u00e5 jeg l\u00f8p etter for \u00e5 si at jeg bare skulle takke henne for hvem hun var. Dermed sprang hun fortere og fortere, og jeg etter, til hun forsvant inn i Central Park og ble borte. Huff, jeg fikk aldri forklart henne det jeg ville. Jeg skremte bare vettet henne. Hun var en gammel dame da.<\/p>\n<p class=\"_paragraph_145nj_4 _paragraph_6fko5_10 layout-component text-serif-m layout-normal text-serif-m layout-padded\">Liv forteller at hun skj\u00f8nner mer av Greta Gaboes reaksjon n\u00e5 som hun selv er blitt eldre. <\/p>\n<p class=\"_paragraph_145nj_4 _paragraph_6fko5_10 layout-component text-serif-m layout-normal text-serif-m layout-padded\">\u2013 Jeg l\u00e6rte nok mye av den episoden. Man g\u00e5r jo ikke ut i gaten og er ber\u00f8mt, man g\u00e5r ut og er seg selv. <\/p>\n<p class=\"_paragraph_145nj_4 _paragraph_6fko5_10 layout-component text-serif-m layout-normal text-serif-m layout-padded _medium_6fko5_28\">\u2013 Hva man enn er,<br \/>s\u00e5 er man jo seg selv<br \/>i sitt private liv. <\/p>\n<p><img alt=\"\" class=\"_image_jw3bv_65 layout-component layout-normal\" data-fullscreen- data-track-element-type=\"Article image fullscreen\" data-track-name=\"ImageFullscreen\" decoding=\"async\" loading=\"lazy\" height=\"5031\" itemprop=\"image\"  src=\"https:\/\/www.europesays.com\/no\/wp-content\/uploads\/2026\/09\/e920930d-a25b-3974-8137-dccc597fbcbe.jpeg\"  style=\"object-position:0% 0%\" width=\"6708\"\/><\/p>\n<p class=\"_paragraph_145nj_4 _paragraph_6fko5_10 layout-component text-serif-m layout-normal text-serif-m layout-padded\"><strong class=\"_strong_145nj_25\">\u2013 Hva vil du at folk skal huske om deg, om Liv Ullmann? <\/strong><\/p>\n<p class=\"_paragraph_145nj_4 _paragraph_6fko5_10 layout-component text-serif-m layout-normal text-serif-m layout-padded\">\u2013 At jeg er snill, sier hun ganske enkelt &#8211; f\u00f8r hun sier at hun alltid pleier \u00e5 lese gjennom intervjuer f\u00f8r de kommer p\u00e5 trykk.<\/p>\n<p class=\"_paragraph_145nj_4 _paragraph_6fko5_10 layout-component text-serif-m layout-normal text-serif-m layout-padded\">Men n\u00e5 sier hun:<\/p>\n<p class=\"_paragraph_145nj_4 _paragraph_6fko5_10 layout-component text-serif-m layout-normal text-serif-m layout-padded\">\u2013 Jeg tror jeg har sagt saker som jeg kanskje ikke ville si. S\u00e5 hvis jeg leser, s\u00e5 begynner jeg kanskje \u00e5 rette for mye. S\u00e5 da er det best at jeg ikke gj\u00f8r det. <\/p>\n<p class=\"_paragraph_145nj_4 _paragraph_6fko5_10 layout-component text-serif-m layout-normal text-serif-m layout-padded\">\u2013 Men da kan du vel skrive at akkurat det sa jeg, og at det ikke er lest og godkjent, ler hun.<\/p>\n","protected":false},"excerpt":{"rendered":"\u2013 Det er jo litt rart, men det er helt sant, smiler Liv Ullmann (87) og tar bildet&hellip;\n","protected":false},"author":2,"featured_media":345618,"comment_status":"","ping_status":"","sticky":false,"template":"","format":"standard","meta":{"footnotes":"","_share_on_mastodon":"0"},"categories":[5],"tags":[20,21,24,25,15,19,26105,22,23,4073,17,18,13,30,28,29,14,16,26,27],"class_list":["post-345617","post","type-post","status-publish","format-standard","has-post-thumbnail","category-overskrifter","tag-breaking-news","tag-breakingnews","tag-featured-news","tag-featurednews","tag-headlines","tag-hovedoppslag","tag-kong-harald-5","tag-latest-news","tag-latestnews","tag-liv-ullmann","tag-main-news","tag-mainnews","tag-news","tag-no","tag-norge","tag-norway","tag-nyheter","tag-overskrifter","tag-top-stories","tag-topstories"],"share_on_mastodon":{"url":"https:\/\/pubeurope.com\/@no\/117223215565596164","error":""},"_links":{"self":[{"href":"https:\/\/www.europesays.com\/no\/wp-json\/wp\/v2\/posts\/345617","targetHints":{"allow":["GET"]}}],"collection":[{"href":"https:\/\/www.europesays.com\/no\/wp-json\/wp\/v2\/posts"}],"about":[{"href":"https:\/\/www.europesays.com\/no\/wp-json\/wp\/v2\/types\/post"}],"author":[{"embeddable":true,"href":"https:\/\/www.europesays.com\/no\/wp-json\/wp\/v2\/users\/2"}],"replies":[{"embeddable":true,"href":"https:\/\/www.europesays.com\/no\/wp-json\/wp\/v2\/comments?post=345617"}],"version-history":[{"count":0,"href":"https:\/\/www.europesays.com\/no\/wp-json\/wp\/v2\/posts\/345617\/revisions"}],"wp:featuredmedia":[{"embeddable":true,"href":"https:\/\/www.europesays.com\/no\/wp-json\/wp\/v2\/media\/345618"}],"wp:attachment":[{"href":"https:\/\/www.europesays.com\/no\/wp-json\/wp\/v2\/media?parent=345617"}],"wp:term":[{"taxonomy":"category","embeddable":true,"href":"https:\/\/www.europesays.com\/no\/wp-json\/wp\/v2\/categories?post=345617"},{"taxonomy":"post_tag","embeddable":true,"href":"https:\/\/www.europesays.com\/no\/wp-json\/wp\/v2\/tags?post=345617"}],"curies":[{"name":"wp","href":"https:\/\/api.w.org\/{rel}","templated":true}]}}