{"id":345619,"date":"2026-09-06T08:45:14","date_gmt":"2026-09-06T08:45:14","guid":{"rendered":"https:\/\/www.europesays.com\/no\/345619\/"},"modified":"2026-09-06T08:45:14","modified_gmt":"2026-09-06T08:45:14","slug":"dolly-parton-far-egen-dag","status":"publish","type":"post","link":"https:\/\/www.europesays.com\/no\/345619\/","title":{"rendered":"Dolly Parton f\u00e5r egen dag"},"content":{"rendered":"\n<p class=\"_lead_145nj_2 _lead_6fko5_53 layout-component text-serif-m layout-normal text-serif-l layout-component layout-wide layout-padded _wide_17hqh_1 layout-padded\">25. september blir hyllestdag for countrylegenden i flere amerikanske byer.<\/p>\n<p><img alt=\"HYLLES: Verden over etter sin d\u00f8d. Foto: Cathal McNaughton \/ Reuters \/ NTB\" class=\"_image_jw3bv_65 layout-component layout-wide\" data-fullscreen- data-track-element-type=\"Article image fullscreen\" data-track-name=\"ImageFullscreen\" fetchpriority=\"high\" decoding=\"sync\" loading=\"eager\" height=\"2498\" itemprop=\"image\"  src=\"https:\/\/www.europesays.com\/no\/wp-content\/uploads\/2026\/09\/2501936a-63f3-3065-b2b7-0f678c01f0e7.jpeg\"  style=\"object-position:44.857142857142854% 33.66693354683747%\" width=\"3500\"\/>HYLLES: Verden over etter sin d\u00f8d. Foto: Cathal McNaughton \/ Reuters \/ NTB<\/p>\n<ul aria-hidden=\"true\" class=\"_images_ntbth_112\">\n<li><a class=\"_link_ntbth_117\" href=\"https:\/\/www.vg.no\/forfatter\/ida-brun\" style=\"z-index:1\" title=\"Ida Brun\" rel=\"nofollow noopener\" target=\"_blank\"><img alt=\"Bilde av Ida Brun\" class=\"_image_ntbth_93\" fetchpriority=\"low\" loading=\"lazy\" decoding=\"async\" itemprop=\"image\"  src=\"https:\/\/www.europesays.com\/no\/wp-content\/uploads\/2026\/09\/1788684313_879_78bc21fe-8bc7-43e9-80ad-fe809ccc8aac.jpeg\"  width=\"480\"\/><\/a><\/li>\n<\/ul>\n<p> Oppdatert s\u00f8ndag 6. september kl. 09:05    <\/p>\n<ul class=\"_list_145nj_3 _list_64s2r_85 _unordered_145nj_106 text-sans-m\">\n<li class=\"_item_145nj_30\">Dolly Parton d\u00f8de 25. august, 80 \u00e5r gammel, etter en kort kamp mot kreft.<\/li>\n<li class=\"_item_145nj_30\">Flere amerikanske byer hyller henne ved \u00e5 innf\u00f8re 25. september som Dolly Parton-dag.<\/li>\n<li class=\"_item_145nj_30\">Datoen er en referanse til den kjente l\u00e5ten og filmen \u00ab9 to 5\u00bb fra 1980.<\/li>\n<li class=\"_item_145nj_30\">Hyllestene inkluderer parader og veldedige arrangementer.<\/li>\n<\/ul>\n<p>Vis mer <\/p>\n<p class=\"_paragraph_145nj_4 _paragraph_6fko5_10 layout-component text-serif-m layout-normal text-serif-m layout-padded\">Etter at <a href=\"https:\/\/www.vg.no\/tag\/dolly-parton?utm_source=vg-article&amp;utm_medium=auto-tagger&amp;utm_campaign=oExlV7\" class=\"_link_145nj_39\" rel=\"nofollow noopener\" target=\"_blank\">Dolly Parton<\/a> d\u00f8de 25. august, 80 \u00e5r gammel, etter en kort kamp mot kreft, str\u00f8mmer hyllestene p\u00e5 fra hele USA. <\/p>\n<p class=\"_paragraph_145nj_4 _paragraph_6fko5_10 layout-component text-serif-m layout-normal text-serif-m layout-padded\">N\u00e5 har flere byer bestemt seg for \u00e5 gj\u00f8re 25. september til en offisiell Dolly Parton-dag, melder <a href=\"https:\/\/www.hollywoodreporter.com\/music\/music-news\/dolly-parton-day-september-25-1236691179\/\" class=\"_link_145nj_39\" rel=\"nofollow noopener\" target=\"_blank\">The Hollywood Reporter<\/a>.<\/p>\n<p class=\"_paragraph_145nj_4 _paragraph_6fko5_10 layout-component text-serif-m layout-normal text-serif-m layout-padded\">Datoen er verken countrystjernens f\u00f8dselsdag eller d\u00f8dsdag, men en referanse tilden kjente l\u00e5ten og filmen: \u00ab9 to 5\u00bb fra 1980. P\u00e5 engelsk skrives datoen 9\/25 \u2013 som spiller p\u00e5 \u00abnine to five\u00bb.<\/p>\n<p><img alt=\"Blomster og bilder utenfor Partons hjem i Tennessee.  Foto: Seth Herald \/ Reuters \/ NTB\" class=\"_image_jw3bv_65 layout-component layout-normal\" data-fullscreen- data-track-element-type=\"Article image fullscreen\" data-track-name=\"ImageFullscreen\" decoding=\"async\" loading=\"lazy\" height=\"4000\" itemprop=\"image\"  src=\"https:\/\/www.europesays.com\/no\/wp-content\/uploads\/2026\/09\/085577ad-f179-3b28-8c50-ced8279d613d.jpeg\"  style=\"object-position:59.925% 51.525%\" width=\"6000\"\/>Blomster og bilder utenfor Partons hjem i Tennessee.  Foto: Seth Herald \/ Reuters \/ NTB<\/p>\n<p class=\"_paragraph_145nj_4 _paragraph_6fko5_10 layout-component text-serif-m layout-normal text-serif-m layout-padded\">Fredag var Manhattans bydelspresident Brad Hoylman-Sigal den siste som offisielt erkl\u00e6rte 25. september som Dolly Parton Appreciation Day i New York. Dagen skal hedre sangerens bidrag til musikk, underholdning og veldedighet.<\/p>\n<p class=\"_paragraph_145nj_4 _paragraph_6fko5_10 layout-component text-serif-m layout-normal text-serif-m layout-padded\">Ogs\u00e5 New Orleans har innf\u00f8rt Dolly Day samme dato, med en planlagt parade og en rekke musikalske arrangementer i regi av Krewe of Dolly. I Lexington i Kentucky markeres dagen med arrangementer knyttet til hennes veldedige arbeid for lokale leseprogrammer.<\/p>\n<p class=\"_paragraph_145nj_4 _paragraph_6fko5_10 layout-component text-serif-m layout-normal text-serif-m layout-padded\">I hjemstaten Tennessee har flere fylker i regionen \u00d8st-Tennessee laget egne proklamasjonerproklamasjonerOffentlige eller h\u00f8ytidelige kunngj\u00f8ringer eller erkl\u00e6ringer.. Nashville har p\u00e5 sin side hedret Parton med sin egen dag i syv \u00e5r, den 5. august \u2013 etter at dav\u00e6rende ordf\u00f8rer David Briley signerte en offisiell proklamasjon i 2019.<\/p>\n<p><img alt=\"25. september blir hyllestdag for countrylegenden.  Foto: Timothy D. Easley \/ AP \/ NTB\" class=\"_image_jw3bv_65 layout-component layout-normal\" data-fullscreen- data-track-element-type=\"Article image fullscreen\" data-track-name=\"ImageFullscreen\" decoding=\"async\" loading=\"lazy\" height=\"2950\" itemprop=\"image\"  src=\"https:\/\/www.europesays.com\/no\/wp-content\/uploads\/2026\/09\/fe1d2b9b-a137-365a-a148-dd3aaa009433.jpeg\"  style=\"object-position:63.78219611387257% 50.847457627118644%\" width=\"4426\"\/>25. september blir hyllestdag for countrylegenden.  Foto: Timothy D. Easley \/ AP \/ NTB<\/p>\n<p class=\"_paragraph_145nj_4 _paragraph_6fko5_10 layout-component text-serif-m layout-normal text-serif-m layout-padded\">Niesen og sangerinnen Jada Star fortalte tidligere i uken at <a href=\"https:\/\/www.vg.no\/rampelys\/i\/9pnpGq\/dolly-partons-niese-avsloerer-hvorfor-kreftdiagnosen-ble-holdt-hemmelig\" data-track-element-type=\"Link\" data-track-id=\"link:9pnpGq\" class=\"_link_145nj_39\" rel=\"nofollow noopener\" target=\"_blank\">det var countrystjernens eget \u00f8nske \u00e5 holde sykdommen skjult<\/a> for offentligheten.<\/p>\n<p class=\"_paragraph_145nj_4 _paragraph_6fko5_10 layout-component text-serif-m layout-normal text-serif-m layout-padded\">Parton hadde v\u00e6rt lite synlig i offentligheten det siste \u00e5ret p\u00e5 grunn av uspesifiserte helseproblemer. Hun ble nylig innlagt ved Vanderbilt-Ingram Cancer Center i Nashville.<\/p>\n<p class=\"_paragraph_145nj_4 _paragraph_6fko5_10 layout-component text-serif-m layout-normal text-serif-m layout-padded\">Niesen, som er datter av Dollys yngre s\u00f8ster Freida, beskriver tapet som overveldende.<\/p>\n<p class=\"_paragraph_145nj_4 _paragraph_6fko5_10 layout-component text-serif-m layout-normal text-serif-m layout-padded\">\u2013 Det har v\u00e6rt virkelig vanskelig. Og veldig surrealistisk. Jeg tror vi alle deler den f\u00f8lelsen, sier den 47 \u00e5r gamle sangerinnen.<\/p>\n","protected":false},"excerpt":{"rendered":"25. september blir hyllestdag for countrylegenden i flere amerikanske byer. HYLLES: Verden over etter sin d\u00f8d. Foto: Cathal&hellip;\n","protected":false},"author":2,"featured_media":345620,"comment_status":"","ping_status":"","sticky":false,"template":"","format":"standard","meta":{"footnotes":"","_share_on_mastodon":"0"},"categories":[58],"tags":[7421,71,30,28,29,72,46],"class_list":["post-345619","post","type-post","status-publish","format-standard","has-post-thumbnail","category-underholdning","tag-dolly-parton","tag-entertainment","tag-no","tag-norge","tag-norway","tag-underholdning","tag-vgai"],"share_on_mastodon":{"url":"https:\/\/pubeurope.com\/@no\/117223222686549355","error":""},"_links":{"self":[{"href":"https:\/\/www.europesays.com\/no\/wp-json\/wp\/v2\/posts\/345619","targetHints":{"allow":["GET"]}}],"collection":[{"href":"https:\/\/www.europesays.com\/no\/wp-json\/wp\/v2\/posts"}],"about":[{"href":"https:\/\/www.europesays.com\/no\/wp-json\/wp\/v2\/types\/post"}],"author":[{"embeddable":true,"href":"https:\/\/www.europesays.com\/no\/wp-json\/wp\/v2\/users\/2"}],"replies":[{"embeddable":true,"href":"https:\/\/www.europesays.com\/no\/wp-json\/wp\/v2\/comments?post=345619"}],"version-history":[{"count":0,"href":"https:\/\/www.europesays.com\/no\/wp-json\/wp\/v2\/posts\/345619\/revisions"}],"wp:featuredmedia":[{"embeddable":true,"href":"https:\/\/www.europesays.com\/no\/wp-json\/wp\/v2\/media\/345620"}],"wp:attachment":[{"href":"https:\/\/www.europesays.com\/no\/wp-json\/wp\/v2\/media?parent=345619"}],"wp:term":[{"taxonomy":"category","embeddable":true,"href":"https:\/\/www.europesays.com\/no\/wp-json\/wp\/v2\/categories?post=345619"},{"taxonomy":"post_tag","embeddable":true,"href":"https:\/\/www.europesays.com\/no\/wp-json\/wp\/v2\/tags?post=345619"}],"curies":[{"name":"wp","href":"https:\/\/api.w.org\/{rel}","templated":true}]}}