{"id":345629,"date":"2026-09-06T08:55:23","date_gmt":"2026-09-06T08:55:23","guid":{"rendered":"https:\/\/www.europesays.com\/no\/345629\/"},"modified":"2026-09-06T08:55:23","modified_gmt":"2026-09-06T08:55:23","slug":"oljefondet-satser-stort-pa-usa-advarer-mot-trump-statsgjeld-og-dollar-risiko","status":"publish","type":"post","link":"https:\/\/www.europesays.com\/no\/345629\/","title":{"rendered":"Oljefondet satser stort p\u00e5 USA: Advarer mot Trump, statsgjeld og dollar-risiko"},"content":{"rendered":"<p class=\"subtitle \" style=\"\">Donald Trump (80) har i lang tid v\u00e6rt kjent for sine lyse lokker. I helga fikk ferske bilder av presidenten flere til \u00e5 sperre opp \u00f8ynene.<\/p>\n<p>\n    BLITT BRUNETTE?: USAs president Donald Trump forater her Air Force One i helga. Det lyset h\u00e5ret har blitt betydelig m\u00f8rkere, noe flere har lagt merke til i USA. Foto: REUTERS \/ Eric Lee\n  <\/p>\n<p>\u00abTrump (80) skaper forvirring med dramatisk ny frisyre\u00bb, p\u00e5peker den amerikanske tabloidavisen <a href=\"https:\/\/www.thedailybeast.com\/donald-trump-80-sparks-confusion-with-dramatic-new-hairdo\/\" rel=\"nofollow noopener\" target=\"_blank\">The Daily Beast<\/a>.<\/p>\n<p>\u00abHva skjer med h\u00e5ret til Trump? Internett forvirret over presidentens nye brunettefrisyre\u00bb, rapporterer britiske <a href=\"https:\/\/www.independent.co.uk\/news\/world\/americas\/us-politics\/trump-hair-brunette-brown-b3045388.html\" rel=\"nofollow noopener\" target=\"_blank\">The Independent<\/a>.<\/p>\n<p>    <a itemprop=\"url\" href=\"https:\/\/www.dagbladet.no\/nyheter\/vi-onsker-ham-ikke-her\/85114164\" rel=\"nofollow noopener\" target=\"_blank\"><\/p>\n<p>        <img loading=\"lazy\" decoding=\"async\" src=\"https:\/\/www.europesays.com\/no\/wp-content\/uploads\/2026\/09\/85114313.webp\" width=\"180\" height=\"81\" alt=\"\" class=\"lazyload\" style=\"--aspect-ratio-image: 2.22; \"\/><\/p>\n<p>        &#8211; Vi \u00f8nsker ham ikke her<\/p>\n<p>    <\/a><\/p>\n<p>Den tilsynelatende forvandlingen er blitt plukket opp av flere amerikanske medier.<\/p>\n<p>Bildene ble tatt da Trump gikk ut av Air Force One i helga. Presidenten var p\u00e5 vei til golfklubben sin i Bedminster i New Jersey, der han skulle tilbringe helga.<\/p>\n<p>Trump har lenge m\u00e5ttet avkrefte spekulasjoner om frisyren sin, spesielt om 80-\u00e5ringen bruker en form for parykk.<\/p>\n<p>Seinest denne uka understreket Trump at han ikke brukte parykk i en tale under en middag i Rosehagen ved Det hvite hus.<\/p>\n<p class=\"italic m-italic\" data-lab-italic=\"italic\">Slik ser alts\u00e5 ikke Trump ut lenger:<\/p>\n<p>        <img loading=\"lazy\" decoding=\"async\" src=\"https:\/\/www.europesays.com\/no\/wp-content\/uploads\/2026\/09\/85115006.webp\" width=\"688\" height=\"393\" alt=\"\" class=\"\" style=\"--aspect-ratio-image: 1.75; \"\/><\/p>\n<p>\n        F\u00d8R AVREISE: Donald Trump her f\u00f8r avreise til Bedminister golfklubb fredag. Av bildene kan man se en tydeligere lysere lugg. Foto: AP Photo \/ Julia Demaree Nikhinson \/ NTB\n    <\/p>\n<p>&#8211; Du vet, i \u00e5revis m\u00e5tte jeg finne meg i at folk sa: \u00abHan bruker parykk. Jeg bruker ikke parykk, forklarte 80-\u00e5ringen, gjengitt av <a href=\"https:\/\/thehill.com\/homenews\/administration\/6068447-trump-denies-wig-allegations\/\" rel=\"nofollow noopener\" target=\"_blank\">The Hill<\/a>.<\/p>\n<p>De ferske bildene har f\u00e5tt flere til \u00e5 sperre opp \u00f8ynene.<\/p>\n<p class=\"font-weight-bold m-font-weight-bold\" data-lab-font_weight=\"font-weight-bold\">&#8211; Hva i all verden er det som skjer med h\u00e5ret til Trump? skrev journalisten Aaron Rupar p\u00e5 <a href=\"https:\/\/x.com\/atrupar\/status\/2096313387525247396\" rel=\"nofollow\">X<\/a> l\u00f8rdag. Han f\u00f8lger og deler stort sett hvert eneste sekund av Trumps bevegelser og taler til sine millioner av f\u00f8lgere.\u00a0<\/p>\n<p>Ogs\u00e5 Yashar Ali, journalist i Huffington Post, reagerer p\u00e5 Trumps nye utseende.\u00a0<\/p>\n<p>&#8211; H\u00e5ret???? Hvis jeg ikke hadde hentet bildene fra Getty Images selv, ville jeg ikke trodd det, skriver Ali p\u00e5 <a href=\"https:\/\/x.com\/yashar\/status\/2096353892380594611\" rel=\"nofollow\">X<\/a>.<\/p>\n<p>Det er ikke bekreftet av verken Trump eller Det hvite hus at presidenten faktisk har endret h\u00e5rfarge eller frisyre.<\/p>\n<p>        MISN\u00d8YE: President Donald Trump kommer med et lite stikk mot Norge under et pressem\u00f8te i Det ovale kontor fredag 4. september. Video: AP. Reporter: Sander Aadalen<\/p>\n<p>Den tidligere republikanske kongressrepresentanten Adam Kinzinger, som ogs\u00e5 ofte kritiserer Trump, <a href=\"https:\/\/x.com\/AdamKinzinger\/status\/2096389516814602350\" rel=\"nofollow\">skrev med store bokstaver<\/a>:<\/p>\n<p>&#8211; Dere m\u00e5 tulle med meg.<\/p>\n<p>Trumps h\u00e5r vakte ogs\u00e5 oppsikt i forrige m\u00e5ned, men da av en annen grunn &#8211; det blonde h\u00e5ret hans s\u00e5 b\u00e5de lysere og fyldigere ut, skriver The Independent.<\/p>\n<p>Folk str\u00f8mmet til sosiale medier for \u00e5 diskutere frisyren presidenten viste fram under en tale i Las Vegas forrige m\u00e5ned.<\/p>\n<p>&#8211; Bruker Trump parykk, eller hva i helvete er det som skjer her? skrev journalisten Rupar p\u00e5 X den gangen.<\/p>\n","protected":false},"excerpt":{"rendered":"Donald Trump (80) har i lang tid v\u00e6rt kjent for sine lyse lokker. I helga fikk ferske bilder&hellip;\n","protected":false},"author":2,"featured_media":345630,"comment_status":"","ping_status":"","sticky":false,"template":"","format":"standard","meta":{"footnotes":"","_share_on_mastodon":"0"},"categories":[56],"tags":[60,55,61,4129,156,62,2625,30,28,29,761,9275,50],"class_list":["post-345629","post","type-post","status-publish","format-standard","has-post-thumbnail","category-naeringsliv","tag-business","tag-donald-trump","tag-economy","tag-leder1","tag-meninger","tag-naeringsliv","tag-nikolai-tangen","tag-no","tag-norge","tag-norway","tag-oljefondet","tag-statsgjeld","tag-usa"],"share_on_mastodon":{"url":"https:\/\/pubeurope.com\/@no\/117223262089415770","error":""},"_links":{"self":[{"href":"https:\/\/www.europesays.com\/no\/wp-json\/wp\/v2\/posts\/345629","targetHints":{"allow":["GET"]}}],"collection":[{"href":"https:\/\/www.europesays.com\/no\/wp-json\/wp\/v2\/posts"}],"about":[{"href":"https:\/\/www.europesays.com\/no\/wp-json\/wp\/v2\/types\/post"}],"author":[{"embeddable":true,"href":"https:\/\/www.europesays.com\/no\/wp-json\/wp\/v2\/users\/2"}],"replies":[{"embeddable":true,"href":"https:\/\/www.europesays.com\/no\/wp-json\/wp\/v2\/comments?post=345629"}],"version-history":[{"count":0,"href":"https:\/\/www.europesays.com\/no\/wp-json\/wp\/v2\/posts\/345629\/revisions"}],"wp:featuredmedia":[{"embeddable":true,"href":"https:\/\/www.europesays.com\/no\/wp-json\/wp\/v2\/media\/345630"}],"wp:attachment":[{"href":"https:\/\/www.europesays.com\/no\/wp-json\/wp\/v2\/media?parent=345629"}],"wp:term":[{"taxonomy":"category","embeddable":true,"href":"https:\/\/www.europesays.com\/no\/wp-json\/wp\/v2\/categories?post=345629"},{"taxonomy":"post_tag","embeddable":true,"href":"https:\/\/www.europesays.com\/no\/wp-json\/wp\/v2\/tags?post=345629"}],"curies":[{"name":"wp","href":"https:\/\/api.w.org\/{rel}","templated":true}]}}