{"id":345731,"date":"2026-09-06T10:48:15","date_gmt":"2026-09-06T10:48:15","guid":{"rendered":"https:\/\/www.europesays.com\/no\/345731\/"},"modified":"2026-09-06T10:48:15","modified_gmt":"2026-09-06T10:48:15","slug":"trump-utsendingene-witkoff-og-kushner-har-ankommet-kyiv","status":"publish","type":"post","link":"https:\/\/www.europesays.com\/no\/345731\/","title":{"rendered":"Trump-utsendingene Witkoff og Kushner har ankommet Kyiv"},"content":{"rendered":"\n<p class=\"_lead_145nj_2 _lead_6fko5_53 layout-component text-serif-m layout-normal text-serif-l layout-component layout-wide layout-padded _wide_17hqh_1 layout-padded\">De amerikanske utsendingene Steve Witkoff og Jared Kushner har ankommet Kyiv etter \u00e5 ha presentert et nytt fredsforslag i Moskva.<\/p>\n<p><img alt=\"Steve Witkoff og Jared Kushner Foto: Alina Smutko \/ Reuters \/ NTB\" class=\"_image_jw3bv_65 layout-component layout-wide\" data-fullscreen- data-track-element-type=\"Article image fullscreen\" data-track-name=\"ImageFullscreen\" fetchpriority=\"high\" decoding=\"sync\" loading=\"eager\" height=\"2925\" itemprop=\"image\"  src=\"https:\/\/www.europesays.com\/no\/wp-content\/uploads\/2026\/09\/668f1781-0b09-3e25-9fd2-1ec9e905f794.jpeg\"  style=\"object-position:0% 0%\" width=\"4387\"\/>Steve Witkoff og Jared Kushner Foto: Alina Smutko \/ Reuters \/ NTB<\/p>\n<ul aria-hidden=\"true\" class=\"_images_ntbth_112\">\n<li><a class=\"_link_ntbth_117\" href=\"https:\/\/www.vg.no\/forfatter\/marius-medby\" style=\"z-index:2\" title=\"Marius Medby\" rel=\"nofollow noopener\" target=\"_blank\"><img alt=\"Bilde av Marius Medby\" class=\"_image_ntbth_93\" fetchpriority=\"low\" loading=\"lazy\" decoding=\"async\" itemprop=\"image\"  src=\"https:\/\/www.europesays.com\/no\/wp-content\/uploads\/2026\/09\/1788691695_884_7fce7743-7f51-4a52-810a-ae43b183c86f.jpeg\"  width=\"480\"\/><\/a><\/li>\n<li><a class=\"_link_ntbth_117\" href=\"https:\/\/www.vg.no\/forfatter\/ntb\" style=\"z-index:1\" title=\"NTB\" rel=\"nofollow noopener\" target=\"_blank\"><img alt=\"Bilde av NTB\" class=\"_image_ntbth_93\" fetchpriority=\"low\" loading=\"lazy\" decoding=\"async\" itemprop=\"image\"  src=\"https:\/\/www.europesays.com\/no\/wp-content\/uploads\/2026\/09\/1788691695_324_c33980b0-5d07-4027-84a1-813f90a7c8d6.jpeg\"  width=\"480\"\/><\/a><\/li>\n<\/ul>\n<p> Oppdatert s\u00f8ndag 6. september kl. 12:25     <\/p>\n<p class=\"_paragraph_145nj_4 _paragraph_6fko5_10 layout-component text-serif-m layout-normal text-serif-m layout-padded\">Det amerikanske nyhetsbyr\u00e5et AP var f\u00f8rst ute med \u00e5 melde om ankomsten. <\/p>\n<p class=\"_paragraph_145nj_4 _paragraph_6fko5_10 layout-component text-serif-m layout-normal text-serif-m layout-padded\">Kort tid etter meldte nyhetsbyr\u00e5et AFP at de kom med tog, ikke fly.<\/p>\n<p class=\"_paragraph_145nj_4 _paragraph_6fko5_10 layout-component text-serif-m layout-normal text-serif-m layout-padded\">L\u00f8rdag m\u00f8tte de to president Vladimir Putin. M\u00f8tet varte i over tre timer. Det kom ingen uttalelser i etterkant som tydet p\u00e5 et gjennombrudd.<\/p>\n<p class=\"_paragraph_145nj_4 _paragraph_6fko5_10 layout-component text-serif-m layout-normal text-serif-m layout-padded\">I Kyiv skal de ha samtaler med Ukrainas president Volodymyr Zelenskyj.<\/p>\n<p class=\"_paragraph_145nj_4 _paragraph_6fko5_10 layout-component text-serif-m layout-normal text-serif-m layout-padded\">Trump-administrasjonens innsats for \u00e5 f\u00e5 slutt p\u00e5 <a href=\"https:\/\/www.vg.no\/tag\/invasjonen-av-ukraina?utm_source=vg-article&amp;utm_medium=auto-tagger&amp;utm_campaign=0pq040\" class=\"_link_145nj_39\" rel=\"nofollow noopener\" target=\"_blank\">krigen i Ukraina<\/a> er blitt betydelig mindre etter at USA og Israel gikk til krig mot Iran i februar. N\u00e5 har imidlertid president Donald Trump varslet at de to utsendingene kommer med nye og konkrete forslag til hvordan krigen kan avsluttes.<\/p>\n<p class=\"_paragraph_145nj_4 _paragraph_6fko5_10 layout-component text-serif-m layout-normal text-serif-m layout-padded\">Ukraina og Russland har i helgen blitt enige om \u00e5 ikke angripe hverandres hovedsteder mens Kushner og Witkoff er p\u00e5 bes\u00f8k.<\/p>\n<p class=\"_paragraph_145nj_4 _paragraph_6fko5_10 layout-component text-serif-m layout-normal text-serif-m layout-padded\">Samtidig uttaler president Zelenskyj at de \u00f8nsker fred, men at Ukraina trenger sikkerhetsgarantier.<\/p>\n","protected":false},"excerpt":{"rendered":"De amerikanske utsendingene Steve Witkoff og Jared Kushner har ankommet Kyiv etter \u00e5 ha presentert et nytt fredsforslag&hellip;\n","protected":false},"author":2,"featured_media":345732,"comment_status":"","ping_status":"","sticky":false,"template":"","format":"standard","meta":{"footnotes":"","_share_on_mastodon":"0"},"categories":[5],"tags":[20,21,24,25,15,19,179,22,23,17,18,13,30,28,29,14,16,188,26,27,489,50],"class_list":["post-345731","post","type-post","status-publish","format-standard","has-post-thumbnail","category-overskrifter","tag-breaking-news","tag-breakingnews","tag-featured-news","tag-featurednews","tag-headlines","tag-hovedoppslag","tag-krigen-i-ukraina","tag-latest-news","tag-latestnews","tag-main-news","tag-mainnews","tag-news","tag-no","tag-norge","tag-norway","tag-nyheter","tag-overskrifter","tag-russland","tag-top-stories","tag-topstories","tag-ukraina","tag-usa"],"share_on_mastodon":{"url":"https:\/\/pubeurope.com\/@no\/117223706556071088","error":""},"_links":{"self":[{"href":"https:\/\/www.europesays.com\/no\/wp-json\/wp\/v2\/posts\/345731","targetHints":{"allow":["GET"]}}],"collection":[{"href":"https:\/\/www.europesays.com\/no\/wp-json\/wp\/v2\/posts"}],"about":[{"href":"https:\/\/www.europesays.com\/no\/wp-json\/wp\/v2\/types\/post"}],"author":[{"embeddable":true,"href":"https:\/\/www.europesays.com\/no\/wp-json\/wp\/v2\/users\/2"}],"replies":[{"embeddable":true,"href":"https:\/\/www.europesays.com\/no\/wp-json\/wp\/v2\/comments?post=345731"}],"version-history":[{"count":0,"href":"https:\/\/www.europesays.com\/no\/wp-json\/wp\/v2\/posts\/345731\/revisions"}],"wp:featuredmedia":[{"embeddable":true,"href":"https:\/\/www.europesays.com\/no\/wp-json\/wp\/v2\/media\/345732"}],"wp:attachment":[{"href":"https:\/\/www.europesays.com\/no\/wp-json\/wp\/v2\/media?parent=345731"}],"wp:term":[{"taxonomy":"category","embeddable":true,"href":"https:\/\/www.europesays.com\/no\/wp-json\/wp\/v2\/categories?post=345731"},{"taxonomy":"post_tag","embeddable":true,"href":"https:\/\/www.europesays.com\/no\/wp-json\/wp\/v2\/tags?post=345731"}],"curies":[{"name":"wp","href":"https:\/\/api.w.org\/{rel}","templated":true}]}}