{"id":345743,"date":"2026-09-06T11:01:13","date_gmt":"2026-09-06T11:01:13","guid":{"rendered":"https:\/\/www.europesays.com\/no\/345743\/"},"modified":"2026-09-06T11:01:13","modified_gmt":"2026-09-06T11:01:13","slug":"karmoy-trafikk-bil-av-veien-pa-karmoy","status":"publish","type":"post","link":"https:\/\/www.europesays.com\/no\/345743\/","title":{"rendered":"Karm\u00f8y, Trafikk | Bil av veien p\u00e5 Karm\u00f8y"},"content":{"rendered":"\n<p><b>KARM\u00d8Y: &#8211; Et enslig kj\u00f8ret\u00f8y har kj\u00f8rt av veien s\u00f8r for Ferkingstad.<\/b><\/p>\n<p>Det meldte operasjonsleder Dag Steinkopf ved S\u00f8r-Vest politidistrikt s\u00f8ndag formiddag kl. 11.01.<\/p>\n<p>Ulykken skal ha skjedd p\u00e5 FV547, Vestre Karm\u00f8yvegen.<\/p>\n<p>Kl. 11.28 var politiet ankommet steder og kunne melde om at det ikke befant seg personer i bilen.\u00a0<\/p>\n<p>Det skal v\u00e6re noen materielle skader p\u00e5 kj\u00f8ret\u00f8yet og politiet melder at de gj\u00f8r unders\u00f8kelser p\u00e5 stedet.<\/p>\n<p>Kl. 12.31 meldte politiet at det har v\u00e6rt i kontakt med bileier som f\u00f8lger opp med \u00e5 f\u00e5 bilen fjernet.\u00a0<\/p>\n<p>Politiet er ferdig p\u00e5 stedet.<\/p>\n","protected":false},"excerpt":{"rendered":"KARM\u00d8Y: &#8211; Et enslig kj\u00f8ret\u00f8y har kj\u00f8rt av veien s\u00f8r for Ferkingstad. Det meldte operasjonsleder Dag Steinkopf ved&hellip;\n","protected":false},"author":2,"featured_media":345744,"comment_status":"","ping_status":"","sticky":false,"template":"","format":"standard","meta":{"footnotes":"","_share_on_mastodon":"0"},"categories":[10],"tags":[36,20,21,24,25,15,1761,22,23,13,30,28,29,14,16,1510,26,27,224,51],"class_list":["post-345743","post","type-post","status-publish","format-standard","has-post-thumbnail","category-norge","tag-art","tag-breaking-news","tag-breakingnews","tag-featured-news","tag-featurednews","tag-headlines","tag-karmoy","tag-latest-news","tag-latestnews","tag-news","tag-no","tag-norge","tag-norway","tag-nyheter","tag-overskrifter","tag-story","tag-top-stories","tag-topstories","tag-trafikk","tag-ulykke"],"share_on_mastodon":{"url":"https:\/\/pubeurope.com\/@no\/117223757538522503","error":""},"_links":{"self":[{"href":"https:\/\/www.europesays.com\/no\/wp-json\/wp\/v2\/posts\/345743","targetHints":{"allow":["GET"]}}],"collection":[{"href":"https:\/\/www.europesays.com\/no\/wp-json\/wp\/v2\/posts"}],"about":[{"href":"https:\/\/www.europesays.com\/no\/wp-json\/wp\/v2\/types\/post"}],"author":[{"embeddable":true,"href":"https:\/\/www.europesays.com\/no\/wp-json\/wp\/v2\/users\/2"}],"replies":[{"embeddable":true,"href":"https:\/\/www.europesays.com\/no\/wp-json\/wp\/v2\/comments?post=345743"}],"version-history":[{"count":0,"href":"https:\/\/www.europesays.com\/no\/wp-json\/wp\/v2\/posts\/345743\/revisions"}],"wp:featuredmedia":[{"embeddable":true,"href":"https:\/\/www.europesays.com\/no\/wp-json\/wp\/v2\/media\/345744"}],"wp:attachment":[{"href":"https:\/\/www.europesays.com\/no\/wp-json\/wp\/v2\/media?parent=345743"}],"wp:term":[{"taxonomy":"category","embeddable":true,"href":"https:\/\/www.europesays.com\/no\/wp-json\/wp\/v2\/categories?post=345743"},{"taxonomy":"post_tag","embeddable":true,"href":"https:\/\/www.europesays.com\/no\/wp-json\/wp\/v2\/tags?post=345743"}],"curies":[{"name":"wp","href":"https:\/\/api.w.org\/{rel}","templated":true}]}}