{"id":345841,"date":"2026-09-06T12:56:13","date_gmt":"2026-09-06T12:56:13","guid":{"rendered":"https:\/\/www.europesays.com\/no\/345841\/"},"modified":"2026-09-06T12:56:13","modified_gmt":"2026-09-06T12:56:13","slug":"aron-donnums-mor-er-dod","status":"publish","type":"post","link":"https:\/\/www.europesays.com\/no\/345841\/","title":{"rendered":"Aron D\u00f8nnums mor er d\u00f8d"},"content":{"rendered":"\n<p class=\"_lead_145nj_2 _lead_6fko5_53 layout-component text-serif-m layout-normal text-serif-l layout-component layout-wide layout-padded _wide_17hqh_1 layout-padded\">Aron Bizet D\u00f8nnums (28) mor har g\u00e5tt bort.<\/p>\n<p><img alt=\"Aron D\u00f8nnum. Foto: Fredrik Varfjell \/ NTB\" class=\"_image_jw3bv_65 layout-component layout-wide\" data-fullscreen- data-track-element-type=\"Article image fullscreen\" data-track-name=\"ImageFullscreen\" fetchpriority=\"high\" decoding=\"sync\" loading=\"eager\" height=\"5760\" itemprop=\"image\"  src=\"https:\/\/www.europesays.com\/no\/wp-content\/uploads\/2026\/09\/e3f0cb03-c38b-3568-b066-026bbe58c5f4.jpeg\"  style=\"object-position:0% 0%\" width=\"8640\"\/>Aron D\u00f8nnum. Foto: Fredrik Varfjell \/ NTB Oppdatert s\u00f8ndag 6. september kl. 14:44     <\/p>\n<p class=\"_paragraph_145nj_4 _paragraph_6fko5_10 layout-component text-serif-m layout-normal text-serif-m layout-padded\">\u2013 For tre uker siden forandret verden min seg for alltid. Jeg mistet mammaen min. Helten min og min trygge havn, skriver D\u00f8nnum p\u00e5 <a href=\"https:\/\/www.instagram.com\/p\/Dc8bpIvtmqo\/?hl=en\" class=\"_link_145nj_39\" rel=\"nofollow noopener\" target=\"_blank\">Instagram<\/a> s\u00f8ndag.<\/p>\n<p class=\"_paragraph_145nj_4 _paragraph_6fko5_10 layout-component text-serif-m layout-normal text-serif-m layout-padded\">Han er i sorg etter tapet av moren Jane Helen Skjennum Jacobsen.<\/p>\n<p class=\"_paragraph_145nj_4 _paragraph_6fko5_10 layout-component text-serif-m layout-normal text-serif-m layout-padded\"><strong class=\"_strong_145nj_25\">\u2013 Jeg er knust, og jeg klarer fortsatt ikke \u00e5 forst\u00e5 at hun er borte. Jeg har egentlig ikke ord for hvor mye jeg savner henne.<\/strong><\/p>\n<p class=\"_paragraph_145nj_4 _paragraph_6fko5_10 layout-component text-serif-m layout-normal text-serif-m layout-padded\">\u2013 Mamma oppdro meg. Hun var der gjennom hvert eneste steg i livet mitt. Hvert vanskelig \u00f8yeblikk, hver avgj\u00f8relse, hver seier og hvert tilbakeslag. Det var alltid henne jeg spurte om r\u00e5d. N\u00e5r jeg ikke visste hvilken vei jeg skulle g\u00e5, vendte jeg meg til henne. S\u00e5 mye av den jeg er i dag, er takket v\u00e6re henne.<\/p>\n<p class=\"_paragraph_145nj_4 _paragraph_6fko5_10 layout-component text-serif-m layout-normal text-serif-m layout-padded\">Han beskriver moren som vakker, sterk, uselvisk og utrolig kj\u00e6rlig.<\/p>\n<p class=\"_paragraph_145nj_4 _paragraph_6fko5_10 layout-component text-serif-m layout-normal text-serif-m layout-padded\">Moren har siden barndommen v\u00e6rt en viktig st\u00f8ttespiller for Toulouse-profilen. I et <a href=\"https:\/\/www.instagram.com\/p\/CLSYjnBHCUp\/?hl=en\" class=\"_link_145nj_39\" rel=\"nofollow noopener\" target=\"_blank\">Instagram-innlegg<\/a> p\u00e5 morsdagen i 2021 la D\u00f8nnum ut et bilde med moren. \u00abMin eneste helt\u00bb, skrev han.<\/p>\n<p class=\"_paragraph_145nj_4 _paragraph_6fko5_10 layout-component text-serif-m layout-normal text-serif-m layout-padded\">Blant hans mange tatoveringer har han trukket fram tatoveringen av moren p\u00e5 bicepsen som en av sine favoritter.<\/p>\n<p class=\"_paragraph_145nj_4 _paragraph_6fko5_10 layout-component text-serif-m layout-normal text-serif-m layout-padded\">I et VG-intervju samme \u00e5r, kort tid f\u00f8r D\u00f8nnum fikk landslagsdebuten, snakket moren om oppveksten med s\u00f8nnen.<\/p>\n<p class=\"_paragraph_145nj_4 _paragraph_6fko5_10 layout-component text-serif-m layout-normal layout-padded\"><strong class=\"_strong_145nj_25\">Les ogs\u00e5:<\/strong> <a href=\"https:\/\/www.vg.no\/i\/weawOG\" data-track-element-type=\"Link\" data-track-id=\"link:weawOG\" class=\"_link_145nj_39\" rel=\"nofollow noopener\" target=\"_blank\">D\u00f8nnum ga helses\u00f8steren sjokk: \u2013 Jeg har v\u00e6rt mye redd for den ungen<\/a><\/p>\n<p class=\"_paragraph_145nj_4 _paragraph_6fko5_10 layout-component text-serif-m layout-normal text-serif-m layout-padded\">Foran sommerens fotball-VM fortalte moren om D\u00f8nnums vei til toppfotballen.<\/p>\n<p class=\"_paragraph_145nj_4 _paragraph_6fko5_10 layout-component text-serif-m layout-normal text-serif-m layout-padded\">\u2013 Han var en gutt som var veldig m\u00e5lbevisst. \u00abDet skal jeg pr\u00f8ve, og det skal jeg klare.\u00bb Og veldig interessert i all idrett, <a href=\"https:\/\/www.vg.no\/sport\/i\/M7L32m\/prisen-for-et-landslag-han-har-staatt-i-det-og-aldri-gitt-seg\" data-track-element-type=\"Link\" data-track-id=\"link:M7L32m\" class=\"_link_145nj_39\" rel=\"nofollow noopener\" target=\"_blank\">fortalte hun til VG i artikkelserien \u00abPrisen for et landslag\u00bb<\/a>.<\/p>\n<p class=\"_paragraph_145nj_4 _paragraph_6fko5_10 layout-component text-serif-m layout-normal text-serif-m layout-padded\">D\u00f8nnum ble senere vraket til VM-troppen.<\/p>\n<p><img alt=\"Jane Helen Skjennum Jacobsen fortalte om s\u00f8nnens vei til toppen i et VG-intervju i v\u00e5r.  Foto: Bj\u00f8rn S. Delebekk \/ VG\" class=\"_image_jw3bv_65 layout-component layout-normal\" data-fullscreen- data-track-element-type=\"Article image fullscreen\" data-track-name=\"ImageFullscreen\" decoding=\"async\" loading=\"lazy\" height=\"5504\" itemprop=\"image\"  src=\"https:\/\/www.europesays.com\/no\/wp-content\/uploads\/2026\/09\/1aa40f27-5744-33ab-b44e-f0afa7688050.jpeg\"  style=\"object-position:0% 0%\" width=\"8256\"\/>Jane Helen Skjennum Jacobsen fortalte om s\u00f8nnens vei til toppen i et VG-intervju i v\u00e5r.  Foto: Bj\u00f8rn S. Delebekk \/ VG<\/p>\n<p class=\"_paragraph_145nj_4 _paragraph_6fko5_10 layout-component text-serif-m layout-normal text-serif-m layout-padded\">D\u00f8nnum giftet seg med Manchester United-spiller Celin Bizet D\u00f8nnum i Italia sommeren 2025. I juni ble de for f\u00f8rste gang foreldre til s\u00f8nnen Gio.<\/p>\n<p>       <script async src=\"\/\/www.instagram.com\/embed.js\"><\/script><\/p>\n","protected":false},"excerpt":{"rendered":"Aron Bizet D\u00f8nnums (28) mor har g\u00e5tt bort. Aron D\u00f8nnum. Foto: Fredrik Varfjell \/ NTB Oppdatert s\u00f8ndag 6.&hellip;\n","protected":false},"author":2,"featured_media":345842,"comment_status":"","ping_status":"","sticky":false,"template":"","format":"standard","meta":{"footnotes":"","_share_on_mastodon":"0"},"categories":[5],"tags":[4949,20,21,13097,24,25,92,15,19,22,23,17,18,13,30,28,29,14,16,26,27],"class_list":["post-345841","post","type-post","status-publish","format-standard","has-post-thumbnail","category-overskrifter","tag-aron-donnum","tag-breaking-news","tag-breakingnews","tag-celin-bizet-donnum","tag-featured-news","tag-featurednews","tag-fotball","tag-headlines","tag-hovedoppslag","tag-latest-news","tag-latestnews","tag-main-news","tag-mainnews","tag-news","tag-no","tag-norge","tag-norway","tag-nyheter","tag-overskrifter","tag-top-stories","tag-topstories"],"share_on_mastodon":{"url":"https:\/\/pubeurope.com\/@no\/117224210125007674","error":""},"_links":{"self":[{"href":"https:\/\/www.europesays.com\/no\/wp-json\/wp\/v2\/posts\/345841","targetHints":{"allow":["GET"]}}],"collection":[{"href":"https:\/\/www.europesays.com\/no\/wp-json\/wp\/v2\/posts"}],"about":[{"href":"https:\/\/www.europesays.com\/no\/wp-json\/wp\/v2\/types\/post"}],"author":[{"embeddable":true,"href":"https:\/\/www.europesays.com\/no\/wp-json\/wp\/v2\/users\/2"}],"replies":[{"embeddable":true,"href":"https:\/\/www.europesays.com\/no\/wp-json\/wp\/v2\/comments?post=345841"}],"version-history":[{"count":0,"href":"https:\/\/www.europesays.com\/no\/wp-json\/wp\/v2\/posts\/345841\/revisions"}],"wp:featuredmedia":[{"embeddable":true,"href":"https:\/\/www.europesays.com\/no\/wp-json\/wp\/v2\/media\/345842"}],"wp:attachment":[{"href":"https:\/\/www.europesays.com\/no\/wp-json\/wp\/v2\/media?parent=345841"}],"wp:term":[{"taxonomy":"category","embeddable":true,"href":"https:\/\/www.europesays.com\/no\/wp-json\/wp\/v2\/categories?post=345841"},{"taxonomy":"post_tag","embeddable":true,"href":"https:\/\/www.europesays.com\/no\/wp-json\/wp\/v2\/tags?post=345841"}],"curies":[{"name":"wp","href":"https:\/\/api.w.org\/{rel}","templated":true}]}}