{"id":345857,"date":"2026-09-06T13:23:14","date_gmt":"2026-09-06T13:23:14","guid":{"rendered":"https:\/\/www.europesays.com\/no\/345857\/"},"modified":"2026-09-06T13:23:14","modified_gmt":"2026-09-06T13:23:14","slug":"donnum-i-sorg-mistet-moren","status":"publish","type":"post","link":"https:\/\/www.europesays.com\/no\/345857\/","title":{"rendered":"D\u00f8nnum i sorg &#8211; mistet moren"},"content":{"rendered":"<p class=\"subtitle \" style=\"\">&#8211; Jeg er knust, og jeg klarer fortsatt ikke helt \u00e5 forst\u00e5 at hun er bort, skriver den norske fotballstjerna Aron D\u00f8nnum (28) om tapet.<\/p>\n<p>\n    Aron D\u00f8nnum har 17 landskamper for det norske landslaget i fotball. Foto: Bj\u00f8rn Langsem \/ Dagbladet\n  <\/p>\n<p>NTB skriver at moren Jane Helen Skjennum gikk bort 16. august og d\u00f8de 56 \u00e5r gammel.<\/p>\n<p>&#8211; For tre uker siden forandret livet mitt seg for alltid. Jeg mistet mammaen min. Helten min. Min trygge havn. Personen jeg alltid kunne vende meg til, uansett hva livet f\u00f8rte med seg, skriver D\u00f8nnum p\u00e5 <a href=\"https:\/\/www.instagram.com\/p\/Dc8bpIvtmqo\/?utm_source=ig_web_copy_link&amp;stkn=NTc4MTIwNjQ2YQ==\" rel=\"nofollow noopener\" target=\"_blank\">Instagram.<\/a> <\/p>\n<p>D\u00f8nnum spiller for den franske toppklubben Toulouse. Han har ikke v\u00e6rt en del av troppen i klubbens tre f\u00f8rste seriekamper (22. august, 29. august og 3. september). <\/p>\n<p>Han spilte en treningskamp mot tyske Hamburg 15. august &#8211; dagen f\u00f8r morens bortgang.<\/p>\n<p>&#8211; Jeg er knust, og jeg klarer fortsatt ikke helt \u00e5 forst\u00e5 at hun er borte. Jeg finner egentlig ikke ord som kan beskrive hvor mye jeg savner henne.<\/p>\n<p>&#8211; Moren min oppdro meg. Hun var der gjennom hvert eneste steg i livet mitt. Hvert vanskelige \u00f8yeblikk, hver avgj\u00f8relse, hver opptur og hver nedtur. Hun var personen jeg alltid spurte om r\u00e5d. Hver gang jeg ikke visste hvilken vei jeg skulle g\u00e5, vendte jeg meg til henne. <\/p>\n<p>D\u00f8nnum skriver at han finner tr\u00f8st i vissheten om at moren er i himmelen sammen med Jesus.<\/p>\n<p>&#8211; Hun er ogs\u00e5 en av de viktigste grunnene til at jeg har den fantastiske familien jeg har i dag. Kona jeg elsker og det nydelige barnet jeg er velsignet med. Hun ga meg r\u00e5d, veiledning og kj\u00e6rlighet som formet meg til mannen jeg er blitt. Jeg ville gitt hva som helst for \u00e5 f\u00e5 \u00e9n samtale til med henne. For \u00e5 stille henne ett sp\u00f8rsm\u00e5l til. For \u00e5 h\u00f8re stemmen hennes. For \u00e5 klemme henne \u00e9n gang til. <\/p>\n<p>Aron D\u00f8nnum og kona Celin Bizet ble foreldre i juni i sommer.<\/p>\n<p>      <script async src=\"\/\/www.instagram.com\/embed.js\"><\/script><\/p>\n","protected":false},"excerpt":{"rendered":"&#8211; Jeg er knust, og jeg klarer fortsatt ikke helt \u00e5 forst\u00e5 at hun er bort, skriver den&hellip;\n","protected":false},"author":2,"featured_media":345858,"comment_status":"","ping_status":"","sticky":false,"template":"","format":"standard","meta":{"footnotes":"","_share_on_mastodon":"0"},"categories":[5],"tags":[4949,20,21,24,25,92,15,19,22,23,17,18,13,30,28,29,14,16,83,26,27],"class_list":["post-345857","post","type-post","status-publish","format-standard","has-post-thumbnail","category-overskrifter","tag-aron-donnum","tag-breaking-news","tag-breakingnews","tag-featured-news","tag-featurednews","tag-fotball","tag-headlines","tag-hovedoppslag","tag-latest-news","tag-latestnews","tag-main-news","tag-mainnews","tag-news","tag-no","tag-norge","tag-norway","tag-nyheter","tag-overskrifter","tag-sport","tag-top-stories","tag-topstories"],"share_on_mastodon":{"url":"https:\/\/pubeurope.com\/@no\/117224315813086237","error":""},"_links":{"self":[{"href":"https:\/\/www.europesays.com\/no\/wp-json\/wp\/v2\/posts\/345857","targetHints":{"allow":["GET"]}}],"collection":[{"href":"https:\/\/www.europesays.com\/no\/wp-json\/wp\/v2\/posts"}],"about":[{"href":"https:\/\/www.europesays.com\/no\/wp-json\/wp\/v2\/types\/post"}],"author":[{"embeddable":true,"href":"https:\/\/www.europesays.com\/no\/wp-json\/wp\/v2\/users\/2"}],"replies":[{"embeddable":true,"href":"https:\/\/www.europesays.com\/no\/wp-json\/wp\/v2\/comments?post=345857"}],"version-history":[{"count":0,"href":"https:\/\/www.europesays.com\/no\/wp-json\/wp\/v2\/posts\/345857\/revisions"}],"wp:featuredmedia":[{"embeddable":true,"href":"https:\/\/www.europesays.com\/no\/wp-json\/wp\/v2\/media\/345858"}],"wp:attachment":[{"href":"https:\/\/www.europesays.com\/no\/wp-json\/wp\/v2\/media?parent=345857"}],"wp:term":[{"taxonomy":"category","embeddable":true,"href":"https:\/\/www.europesays.com\/no\/wp-json\/wp\/v2\/categories?post=345857"},{"taxonomy":"post_tag","embeddable":true,"href":"https:\/\/www.europesays.com\/no\/wp-json\/wp\/v2\/tags?post=345857"}],"curies":[{"name":"wp","href":"https:\/\/api.w.org\/{rel}","templated":true}]}}