{"id":345867,"date":"2026-09-06T13:31:13","date_gmt":"2026-09-06T13:31:13","guid":{"rendered":"https:\/\/www.europesays.com\/no\/345867\/"},"modified":"2026-09-06T13:31:13","modified_gmt":"2026-09-06T13:31:13","slug":"soppelryddere-fant-granater-ved-grunerlokka-sperrer-av-omrade-stor-oslo","status":"publish","type":"post","link":"https:\/\/www.europesays.com\/no\/345867\/","title":{"rendered":"S\u00f8ppelryddere fant granater ved Gr\u00fcnerl\u00f8kka \u2013 sperrer av omr\u00e5de \u2013 Stor-Oslo"},"content":{"rendered":"<p>Politiet har sperret av et omr\u00e5de ved Nybrua, etter funn av gamle granater.<\/p>\n<p>\u2013 Det har p\u00e5g\u00e5tt litt s\u00f8ppelrydding, da meldte en at det er funnet noe sylinderaktig, sier operasjonsleder Vidar Pedersen.<\/p>\n<p>\u2013 De stussa over hva det var for noe, og frykta selv det kunne v\u00e6re eksplosiver.<\/p>\n<p>Politiet meldte saken videre, og fikk konstatert at det er gammelt forsvarsmateriell.<\/p>\n<p>\u2013 Det er konstatert at dette er forsvarsmateriell, granater av eldre \u00e5rgang, sier Pedersen.<\/p>\n<p>Forsvaret er p\u00e5 vei for \u00e5 fjerne, eller i verste fall detonere granatene, forteller han.<\/p>\n<p>Fortauet p\u00e5 nordsiden av Gr\u00fcnerbrua vil v\u00e6re avsperret inntol forsvaret har tatt h\u00e5nd om granatene.<\/p>\n<p>\u2013 I tillegg er selve Akerselva sperret p\u00e5 stedet, melder politiet.<\/p>\n","protected":false},"excerpt":{"rendered":"Politiet har sperret av et omr\u00e5de ved Nybrua, etter funn av gamle granater. \u2013 Det har p\u00e5g\u00e5tt litt&hellip;\n","protected":false},"author":2,"featured_media":345868,"comment_status":"","ping_status":"","sticky":false,"template":"","format":"standard","meta":{"footnotes":"","_share_on_mastodon":"0"},"categories":[5],"tags":[20,21,24,25,15,19,22,23,17,18,13,30,28,29,14,16,26,27],"class_list":["post-345867","post","type-post","status-publish","format-standard","has-post-thumbnail","category-overskrifter","tag-breaking-news","tag-breakingnews","tag-featured-news","tag-featurednews","tag-headlines","tag-hovedoppslag","tag-latest-news","tag-latestnews","tag-main-news","tag-mainnews","tag-news","tag-no","tag-norge","tag-norway","tag-nyheter","tag-overskrifter","tag-top-stories","tag-topstories"],"share_on_mastodon":{"url":"https:\/\/pubeurope.com\/@no\/117224347232355895","error":""},"_links":{"self":[{"href":"https:\/\/www.europesays.com\/no\/wp-json\/wp\/v2\/posts\/345867","targetHints":{"allow":["GET"]}}],"collection":[{"href":"https:\/\/www.europesays.com\/no\/wp-json\/wp\/v2\/posts"}],"about":[{"href":"https:\/\/www.europesays.com\/no\/wp-json\/wp\/v2\/types\/post"}],"author":[{"embeddable":true,"href":"https:\/\/www.europesays.com\/no\/wp-json\/wp\/v2\/users\/2"}],"replies":[{"embeddable":true,"href":"https:\/\/www.europesays.com\/no\/wp-json\/wp\/v2\/comments?post=345867"}],"version-history":[{"count":0,"href":"https:\/\/www.europesays.com\/no\/wp-json\/wp\/v2\/posts\/345867\/revisions"}],"wp:featuredmedia":[{"embeddable":true,"href":"https:\/\/www.europesays.com\/no\/wp-json\/wp\/v2\/media\/345868"}],"wp:attachment":[{"href":"https:\/\/www.europesays.com\/no\/wp-json\/wp\/v2\/media?parent=345867"}],"wp:term":[{"taxonomy":"category","embeddable":true,"href":"https:\/\/www.europesays.com\/no\/wp-json\/wp\/v2\/categories?post=345867"},{"taxonomy":"post_tag","embeddable":true,"href":"https:\/\/www.europesays.com\/no\/wp-json\/wp\/v2\/tags?post=345867"}],"curies":[{"name":"wp","href":"https:\/\/api.w.org\/{rel}","templated":true}]}}