{"id":345877,"date":"2026-09-06T13:42:19","date_gmt":"2026-09-06T13:42:19","guid":{"rendered":"https:\/\/www.europesays.com\/no\/345877\/"},"modified":"2026-09-06T13:42:19","modified_gmt":"2026-09-06T13:42:19","slug":"sperrer-av-omrade-etter-granatfunn-i-oslo","status":"publish","type":"post","link":"https:\/\/www.europesays.com\/no\/345877\/","title":{"rendered":"Sperrer av omr\u00e5de etter granatfunn i Oslo"},"content":{"rendered":"<p>Det er funnet flere eldre granater ved Gr\u00fcnerbrua langs Akerselva i Oslo.<\/p>\n<p>Granatene ble oppdaget i vannet av frivillige som ryddet spr\u00f8ytespisser langs elva.<\/p>\n<p>Politiet har sperret av omr\u00e5det etter r\u00e5d fra eksperter p\u00e5 eksplosiver. Fortauet p\u00e5 nordsiden av Gr\u00fcnerbrua er avsperret, og selve Akerselva er ogs\u00e5 sperret p\u00e5 stedet.<\/p>\n<p>        <img class=\"image__img lazyload\" itemprop=\"image\" title=\"Foto: Tommy Storhaug \/ TV 2\" alt=\" Foto: Tommy Storhaug \/ TV 2\" width=\"978\" height=\"656\" bad-src=\"https:\/\/www.europesays.com\/no\/wp-content\/uploads\/2026\/09\/19198661.webp\" fetchpriority=\"auto\" \/><\/p>\n<p>         Foto: Tommy Storhaug \/ TV 2<\/p>\n<p>\u2013 Inntil personell fra Forsvaret har tatt h\u00e5nd om disse granatene, vil fortauet p\u00e5 nordsiden av Gr\u00fcnerbrua v\u00e6re avsperret. I tillegg er selve Akerselva sperret p\u00e5 stedet, opplyser operasjonsleder Alexander \u00d8sterhaug i politiloggen.<\/p>\n<p>Politiet p\u00e5 stedet opplyser til TV 2 at granatene fortsatt ligger i vannet.<\/p>\n<p>Forsvarets er p\u00e5 vei for \u00e5 ta h\u00e5nd om funnet. Sperringene vil bli opprettholdt fram til granatene er fjernet.<\/p>\n<p>Politiet p\u00e5 stedet forteller at bombegruppen er p\u00e5 vei.\u00a0<\/p>\n<p>        <img class=\"image__img lazyload\" itemprop=\"image\" title=\"Foto: Tommy Storhaug \/ TV 2\" alt=\" Foto: Tommy Storhaug \/ TV 2\" width=\"978\" height=\"656\" bad-src=\"https:\/\/www.europesays.com\/no\/wp-content\/uploads\/2026\/09\/19198653.webp\" fetchpriority=\"auto\" \/><\/p>\n<p>         Foto: Tommy Storhaug \/ TV 2<\/p>\n","protected":false},"excerpt":{"rendered":"Det er funnet flere eldre granater ved Gr\u00fcnerbrua langs Akerselva i Oslo. Granatene ble oppdaget i vannet av&hellip;\n","protected":false},"author":2,"featured_media":345878,"comment_status":"","ping_status":"","sticky":false,"template":"","format":"standard","meta":{"footnotes":"","_share_on_mastodon":"0"},"categories":[5],"tags":[20,21,24,25,15,19,22,23,17,18,13,30,28,29,14,16,26,27],"class_list":["post-345877","post","type-post","status-publish","format-standard","has-post-thumbnail","category-overskrifter","tag-breaking-news","tag-breakingnews","tag-featured-news","tag-featurednews","tag-headlines","tag-hovedoppslag","tag-latest-news","tag-latestnews","tag-main-news","tag-mainnews","tag-news","tag-no","tag-norge","tag-norway","tag-nyheter","tag-overskrifter","tag-top-stories","tag-topstories"],"share_on_mastodon":{"url":"https:\/\/pubeurope.com\/@no\/117224390397385077","error":""},"_links":{"self":[{"href":"https:\/\/www.europesays.com\/no\/wp-json\/wp\/v2\/posts\/345877","targetHints":{"allow":["GET"]}}],"collection":[{"href":"https:\/\/www.europesays.com\/no\/wp-json\/wp\/v2\/posts"}],"about":[{"href":"https:\/\/www.europesays.com\/no\/wp-json\/wp\/v2\/types\/post"}],"author":[{"embeddable":true,"href":"https:\/\/www.europesays.com\/no\/wp-json\/wp\/v2\/users\/2"}],"replies":[{"embeddable":true,"href":"https:\/\/www.europesays.com\/no\/wp-json\/wp\/v2\/comments?post=345877"}],"version-history":[{"count":0,"href":"https:\/\/www.europesays.com\/no\/wp-json\/wp\/v2\/posts\/345877\/revisions"}],"wp:featuredmedia":[{"embeddable":true,"href":"https:\/\/www.europesays.com\/no\/wp-json\/wp\/v2\/media\/345878"}],"wp:attachment":[{"href":"https:\/\/www.europesays.com\/no\/wp-json\/wp\/v2\/media?parent=345877"}],"wp:term":[{"taxonomy":"category","embeddable":true,"href":"https:\/\/www.europesays.com\/no\/wp-json\/wp\/v2\/categories?post=345877"},{"taxonomy":"post_tag","embeddable":true,"href":"https:\/\/www.europesays.com\/no\/wp-json\/wp\/v2\/tags?post=345877"}],"curies":[{"name":"wp","href":"https:\/\/api.w.org\/{rel}","templated":true}]}}