{"id":345887,"date":"2026-09-06T13:52:27","date_gmt":"2026-09-06T13:52:27","guid":{"rendered":"https:\/\/www.europesays.com\/no\/345887\/"},"modified":"2026-09-06T13:52:27","modified_gmt":"2026-09-06T13:52:27","slug":"na-ellevill-brann-respons-etter-marerittstart-2","status":"publish","type":"post","link":"https:\/\/www.europesays.com\/no\/345887\/","title":{"rendered":"N\u00c5: Ellevill Brann-respons etter marerittstart"},"content":{"rendered":"<p>Oppdateres &#8211; kampen p\u00e5g\u00e5r!<\/p>\n<p><a href=\"https:\/\/play.tv2.no\/direkte-tv\/tv-2-direkte-as9ka55m?play=true\" rel=\"nofollow noopener\" target=\"_blank\">Se kampen p\u00e5 TV 2 Direkte og Play.<\/a><\/p>\n<p>SISTE: Brann har snudd kampen p\u00e5 spektakul\u00e6rt vis. Brenna Lovera banker inn 3-1 p\u00e5 straffe etter 30 minutter. Det er ogs\u00e5 stillingen etter 75 minutter.<\/p>\n<p>Etter kun fem minutter stanget Katarina Dybvik Sunde AaFK i ledelsen.<\/p>\n<p>Det forspranget ble kjapt spist opp av Brann.\u00a0<\/p>\n<p>\u2013 Vi starter bra, men s\u00e5 ligger vi og tar imot i 45 minutter. Det er vi r\u00e6va p\u00e5. Det er langt fra slik vi \u00f8nsker \u00e5 prestere. Vi m\u00e5 ta oss selv i nakken, sier Dybvik Sunde til TV 2 i pausen.<\/p>\n<p>        <img class=\"image__img lazyload\" itemprop=\"image\" title=\"Foto: Marius Simensen \/ BILDBYR\u00c5N\" alt=\"TAKKER OG BUKKER: Brenna Lovera og Dilja Yr Zomers feirer amerikanerens scoring. Foto: Marius Simensen \/ BILDBYR\u00c5N\" width=\"675\" height=\"379\" bad-src=\"https:\/\/www.europesays.com\/no\/wp-content\/uploads\/2026\/09\/1788702745_778_19198806.webp\" fetchpriority=\"auto\" \/><\/p>\n<p>      TAKKER OG BUKKER: Brenna Lovera og Dilja Yr Zomers feirer amerikanerens scoring.<br \/>\n         Foto: Marius Simensen \/ BILDBYR\u00c5N<\/p>\n<p>AaFK med pangstart<\/p>\n<p>F\u00f8r kampstart ble kong Harald hyllet p\u00e5 r\u00f8rende vis:<\/p>\n<p>S\u00e5 gikk det ikke mange minutter f\u00f8r AaFK sjokkerte de regjerende seriemesterne p\u00e5 Ullevaal.<\/p>\n<p>En feilpasning fra Joanna Tynnil\u00e4 endte hos Laura Gashi som prikket inn et str\u00e5lende innlegg i boksen, der superspissen Katarina Dybvik Sunde stanget inn 1-0. Da viste klokken kun fem minutter.<\/p>\n<p>\u2013 Dette er scener, sa TV 2-kommentator Endre Olav Osnes.<\/p>\n<p>        <img class=\"image__img lazyload\" itemprop=\"image\" title=\"Foto: Marius Simensen \/ BILDBYR\u00c5N\" alt=\"DR\u00d8MMESTART: Katarina Dybvik Sunde viste frem sine suverene avslutningsferdigheter da hun ordnet 1-0. Foto: Marius Simensen \/ BILDBYR\u00c5N\" width=\"978\" height=\"551\" bad-src=\"https:\/\/www.europesays.com\/no\/wp-content\/uploads\/2026\/09\/1788702746_219_19198713.webp\" fetchpriority=\"auto\" \/><\/p>\n<p>      DR\u00d8MMESTART: Katarina Dybvik Sunde viste frem sine suverene avslutningsferdigheter da hun ordnet 1-0.<br \/>\n         Foto: Marius Simensen \/ BILDBYR\u00c5N<\/p>\n<p>Noen minutter etter baklengsm\u00e5let kunne Dilja Yr Zomers ha utlignet, men headingen smalt i innsiden av stolpen og ut.<\/p>\n<p>Det samme kunne Brann-kaptein Karoline Haugland like etter, men avslutningen hennes holdt ikke Sunde-niv\u00e5.<\/p>\n<p>Voldsom respons<\/p>\n<p>Etter to nesten-assists tok Lauren Davidson ansvar selv og prikket inn 1-1 fra skr\u00e5tt hold.<\/p>\n<p>\u2013 Det er helt praktfullt utf\u00f8rt, sa TV 2-ekspert Ingrid Kvernvolden.<\/p>\n<p>Kun to minutter senere var kampen snudd. Davidson fant Amalie Eikeland med et perfekt innlegg som Eikeland pent headet i m\u00e5l til 2-1.<\/p>\n<p>\u2013 Hun er i fyr og flamme, sa Kvernvolden om Davidson.<\/p>\n<p>        <img class=\"image__img lazyload\" itemprop=\"image\" title=\"Foto: Marius Simensen \/ BILDBYR\u00c5N\" alt=\"Brann-gjengen festet et knallhard grep om kampen takket v\u00e6re tre scoringer p\u00e5 rappen. Foto: Marius Simensen \/ BILDBYR\u00c5N\" width=\"675\" height=\"439\" bad-src=\"https:\/\/www.europesays.com\/no\/wp-content\/uploads\/2026\/09\/1788702747_278_19198852.webp\" fetchpriority=\"auto\" \/><\/p>\n<p>      Brann-gjengen festet et knallhard grep om kampen takket v\u00e6re tre scoringer p\u00e5 rappen.<br \/>\n         Foto: Marius Simensen \/ BILDBYR\u00c5N<\/p>\n<p>Etter en halvtimes spill var Branns skotske stjerne igjen p\u00e5 farten. Cassandra L\u00fcthcke pr\u00f8vde \u00e5 stoppe henne, men etter en VAR-sjekk pekte dommer p\u00e5 straffemerket.<\/p>\n<p>Med et kort till\u00f8p banket Brenna Lovera inn 3-1.<\/p>\n<p>Andreomgangen ble langt roligere. Brann styrte det meste uten at Aalesund klarte \u00e5 jobbe frem de store sjansene.<\/p>\n<p>Etter 80 minutter byttet AaFK inn Karna Solskj\u00e6r, til applaus fra pappa Ole Gunnar p\u00e5 tribunen.<\/p>\n<p>Gode publikumstall<\/p>\n<p>Det var gode muligheter for tilskuerrekord p\u00e5 kvinnenes cupfinale mellom Brann og Aalesund p\u00e5 Ullevaal.<\/p>\n<p>I morgentimene rapporterte NFF om over 10.000 solgte billetter.<\/p>\n<p>Senere ble det offisielle tilskuertallet opplyst \u00e5 v\u00e6re 8277.<\/p>\n<p>Brann gjorde \u00e9n endring p\u00e5 laget etter fadesen i Wien. Dilja Yr Zomers inn for Monica Isaksen. Det betyr at Brenna Lovera starter som spiss, mens Anna Aahjem igjen m\u00e5 sitte p\u00e5 benken fra start.<\/p>\n<p>P\u00e5 r\u00f8dtr\u00f8yenes benk sitter ogs\u00e5 Emma Braut Brunes, som kom fra Br\u00f8ndby forrige uke.<\/p>\n<p>\u2013 Vi er en ekstremt revansjelysten gjeng, sa\u00a0 Brann-keeper Sunniva Skoglund til TV 2 f\u00f8r kampstart.<\/p>\n<p>Hos Aalesund starter nysignerte Silje Skaara Helgesen, som nylig ble hentet fra Union Berlin. Toppscorer Katarina Dybvik Sunde leder angrepet, mens vingen Nora H\u00e5heim er benket.<\/p>\n<p>\u2013 Vi har fortjent denne plassen og vi er et av de beste lagene i Norge, sa Dybvik Sunde til TV 2 f\u00f8r kampstart.<\/p>\n<p>Slik stiller Brann: Skoglund; Redisch Kvamme, Birkelund, Tynnil\u00e4, Lehtola; Peuhkurinen, Haugland, Eikeland; Davidson, Lovera, Zomers.<\/p>\n<p>        <img class=\"image__img lazyload\" itemprop=\"image\" title=\"Foto: Marius Simensen \/ BILDBYR\u00c5N\" alt=\"ENDELIG FINALE: Sol og gr\u00f8nt gress! Tilskuerrekorden p\u00e5 8878 fra 2006 ble ikke sl\u00e5tt, men den kampen ble faktisk spilt p\u00e5 Bislett. Foto: Marius Simensen \/ BILDBYR\u00c5N\" width=\"978\" height=\"551\" bad-src=\"https:\/\/www.europesays.com\/no\/wp-content\/uploads\/2026\/09\/1788702747_359_19198574.webp\" fetchpriority=\"auto\" \/><\/p>\n<p>      ENDELIG FINALE: Sol og gr\u00f8nt gress! Tilskuerrekorden p\u00e5 8878 fra 2006 ble ikke sl\u00e5tt, men den kampen ble faktisk spilt p\u00e5 Bislett.<br \/>\n         Foto: Marius Simensen \/ BILDBYR\u00c5N<\/p>\n<p>Slik stiller AaFK: Erichsen; Helgesen, Muri, Luthcke, S\u00e6ter\u00f8y; Gashi, Kroken, Loennecken; N\u00f8dland, Dybvik Sunde, Skretting.<\/p>\n","protected":false},"excerpt":{"rendered":"Oppdateres &#8211; kampen p\u00e5g\u00e5r! Se kampen p\u00e5 TV 2 Direkte og Play. SISTE: Brann har snudd kampen p\u00e5&hellip;\n","protected":false},"author":2,"featured_media":345888,"comment_status":"","ping_status":"","sticky":false,"template":"","format":"standard","meta":{"footnotes":"","_share_on_mastodon":"0"},"categories":[5],"tags":[20,21,24,25,15,19,22,23,17,18,13,30,28,29,14,16,26,27],"class_list":["post-345887","post","type-post","status-publish","format-standard","has-post-thumbnail","category-overskrifter","tag-breaking-news","tag-breakingnews","tag-featured-news","tag-featurednews","tag-headlines","tag-hovedoppslag","tag-latest-news","tag-latestnews","tag-main-news","tag-mainnews","tag-news","tag-no","tag-norge","tag-norway","tag-nyheter","tag-overskrifter","tag-top-stories","tag-topstories"],"share_on_mastodon":{"url":"https:\/\/pubeurope.com\/@no\/117224429600199807","error":""},"_links":{"self":[{"href":"https:\/\/www.europesays.com\/no\/wp-json\/wp\/v2\/posts\/345887","targetHints":{"allow":["GET"]}}],"collection":[{"href":"https:\/\/www.europesays.com\/no\/wp-json\/wp\/v2\/posts"}],"about":[{"href":"https:\/\/www.europesays.com\/no\/wp-json\/wp\/v2\/types\/post"}],"author":[{"embeddable":true,"href":"https:\/\/www.europesays.com\/no\/wp-json\/wp\/v2\/users\/2"}],"replies":[{"embeddable":true,"href":"https:\/\/www.europesays.com\/no\/wp-json\/wp\/v2\/comments?post=345887"}],"version-history":[{"count":0,"href":"https:\/\/www.europesays.com\/no\/wp-json\/wp\/v2\/posts\/345887\/revisions"}],"wp:featuredmedia":[{"embeddable":true,"href":"https:\/\/www.europesays.com\/no\/wp-json\/wp\/v2\/media\/345888"}],"wp:attachment":[{"href":"https:\/\/www.europesays.com\/no\/wp-json\/wp\/v2\/media?parent=345887"}],"wp:term":[{"taxonomy":"category","embeddable":true,"href":"https:\/\/www.europesays.com\/no\/wp-json\/wp\/v2\/categories?post=345887"},{"taxonomy":"post_tag","embeddable":true,"href":"https:\/\/www.europesays.com\/no\/wp-json\/wp\/v2\/tags?post=345887"}],"curies":[{"name":"wp","href":"https:\/\/api.w.org\/{rel}","templated":true}]}}