{"id":345895,"date":"2026-09-06T14:05:55","date_gmt":"2026-09-06T14:05:55","guid":{"rendered":"https:\/\/www.europesays.com\/no\/345895\/"},"modified":"2026-09-06T14:05:55","modified_gmt":"2026-09-06T14:05:55","slug":"pal-anders-ullevalseter-til-sykehus-etter-ulykke-under-nm-i-superenduro","status":"publish","type":"post","link":"https:\/\/www.europesays.com\/no\/345895\/","title":{"rendered":"P\u00e5l Anders Ullev\u00e5lseter til sykehus etter ulykke under NM i superenduro"},"content":{"rendered":"<p class=\"kicker \" style=\"\">P\u00e5l Anders Ullev\u00e5lseter:\u00a0<\/p>\n<p class=\"subtitle t30\" style=\"\">P\u00e5l Anders Ullev\u00e5lseter er hardt skadd, det bekrefter hans kone Mette Solli til Se og H\u00f8r. Se bildet fra sykesengen.<\/p>\n<p>\n    ULYKKE: P\u00e5l Anders Ullev\u00e5lseter er sendt til sykehus etter en ulykke. Foto: Fredrik Hagen \/ NTB\n  <\/p>\n<p>P\u00e5l Anders Ullev\u00e5lseter er p\u00e5 sykehus etter en ulykke p\u00e5 NM i superenduro.<\/p>\n<p>Se og H\u00f8r har v\u00e6rt i kontakt med hans kone, Mette Solli, som bekrefter ulykken.<\/p>\n<p>&#8211; Han har brukket 13 ribbein og kragebeinet. Men eller forholdene st\u00e5r det bra til. Han har heldigvis ikke skadd hodet eller nakken. Han har heller ingen indre skader, sier Mette til Se og H\u00f8r.<\/p>\n<p>        <img loading=\"lazy\" decoding=\"async\" src=\"https:\/\/www.europesays.com\/no\/wp-content\/uploads\/2026\/09\/85114269.webp\" width=\"667\" height=\"734\" alt=\"\" class=\"\" style=\"--aspect-ratio-image: 0.91; \"\/><\/p>\n<p>\n        TRENGER TR\u00d8ST: Mette Solli Ullev\u00e5lseter er p\u00e5 plass hos ektemannen P\u00e5l Anders etter skrekk-ulykken der han brakk 13 ribbein og kragebeinet. Dette bildet er fra en annen anledning. Foto: Tore Skaar\/Se og H\u00f8r\n    <\/p>\n<p>Hun er selvsagt preget av ulykken, men understreker at han er ved godt mot.<\/p>\n<p>        <img loading=\"lazy\" decoding=\"async\" src=\"https:\/\/www.europesays.com\/no\/wp-content\/uploads\/2026\/09\/85114426.webp\" width=\"667\" height=\"748\" alt=\"\" class=\"\" style=\"--aspect-ratio-image: 0.89; \"\/><\/p>\n<p>\n        VED GODT MOT: Kona Mette Solli tok dette bildet av en sterkt forsl\u00e5tt P\u00e5l Anders p\u00e5 sykehuset. Har har brukket kragebeinet &#8211; og 13 ribbein &#8211; men smiler tappert. Foto: Mette Solli Ullev\u00e5lseter.\n    <\/p>\n<p>f\u00f8lge\u00a0<a href=\"https:\/\/www.vg.no\/sport\/i\/zOzQo9\/paal-anders-ullevaalseter-til-sykehus-ulykke-i-nm-i-superenduro\" target=\"_blank\" rel=\"nofollow noopener\">VG\u00a0<\/a>fikk Ullev\u00e5lseter motorsykkelen opp\u00e5 seg under konkurransen i Kongsberg.<\/p>\n<p>        Flyktet f\u00f8r rettssaken \/\/ Foto:  Instagram, Privat, Bravo \/\/ Stemme: AI \/\/ Klipp: Nico Aagaard<\/p>\n<p>&#8211; Han blir sjekket fra topp til t\u00e5. Brukket litt og er generelt forsl\u00e5tt, men bevisst. Ikke ferdig med unders\u00f8kelser, sier generalsekret\u00e6r Ottar Eide i Norges Motorsportforbund (NMF) til avisen.<\/p>\n<p>    <a itemprop=\"url\" href=\"https:\/\/www.seher.no\/kjendis\/blodig-smell-det-var-ekkelt\/82780022\" rel=\"nofollow noopener\" target=\"_blank\"><\/p>\n<p>        <img loading=\"lazy\" decoding=\"async\" src=\"https:\/\/www.europesays.com\/no\/wp-content\/uploads\/2026\/09\/82780632.webp\" width=\"180\" height=\"81\" alt=\"\" class=\"lazyload\" style=\"--aspect-ratio-image: 2.22; \"\/><\/p>\n<p>        Blodig smell: &#8211; Det var ekkelt<\/p>\n<p>    <\/a><\/p>\n<p class=\"font-weight-bold m-font-weight-bold\" data-lab-font_weight=\"font-weight-bold\">Fredag kveld opplyser Eide til <a href=\"https:\/\/www.dagbladet.no\/sport\/sendt-til-sykehus-etter-ulykke\/85114105\" rel=\"nofollow noopener\" target=\"_blank\">Dagbladet<\/a> at Ullev\u00e5lseter har p\u00e5dratt seg flere skader, men at det heldigvis ikke er snakk om alvorlige skader.<\/p>\n<p>&#8211; Mange brudd i ribbein, brukket kragebein og hjernerystelse, skriver Eide i en SMS til Dagbladet.\u00a0<\/p>\n<p>Aktiviteten fortsatte som normalt etter ulykken.<\/p>\n<p>        Det var en glad P\u00e5l Anders Ullev\u00e5lseter som m\u00f8tte oss etter seieren i \u00abMesternes mester\u00bb.<\/p>\n<p>&#8211; Medisinsk personell var raskt til stede og jobbet riktig hele veien, sier Eide.<\/p>\n<p>Eide bekrefter overfor VG at familien er sammen med Ullev\u00e5lseter p\u00e5 sykehuset. Ullev\u00e5lseter er gift med kickbokser Mette Solli.\u00a0<\/p>\n<p>        P\u00e5l Anders Ullev\u00e5lseter forteller om sykdommen. Reporter: Tore \u00d8stvold. Video: Se og H\u00f8r. <\/p>\n<p> Ullev\u00e5lseter deltok i veteranklassen. 57-\u00e5ringen har i en \u00e5rrekke v\u00e6rt en av Norges beste i sin idrett. Han har flere ganger deltatt i t\u00f8ffe Rally Dakar.<\/p>\n<p>Han har blitt europamester to ganger i enduro, og er verdensmester i \u00f8rkenrally (2004).<\/p>\n","protected":false},"excerpt":{"rendered":"P\u00e5l Anders Ullev\u00e5lseter:\u00a0 P\u00e5l Anders Ullev\u00e5lseter er hardt skadd, det bekrefter hans kone Mette Solli til Se og&hellip;\n","protected":false},"author":2,"featured_media":345896,"comment_status":"","ping_status":"","sticky":false,"template":"","format":"standard","meta":{"footnotes":"","_share_on_mastodon":"0"},"categories":[5],"tags":[20,21,24,25,15,19,479,2543,26442,22,23,17,18,13,30,28,29,14,16,8784,26441,26,27,51],"class_list":["post-345895","post","type-post","status-publish","format-standard","has-post-thumbnail","category-overskrifter","tag-breaking-news","tag-breakingnews","tag-featured-news","tag-featurednews","tag-headlines","tag-hovedoppslag","tag-kjendis","tag-kjendisdesken","tag-kragebeinsbrudd","tag-latest-news","tag-latestnews","tag-main-news","tag-mainnews","tag-news","tag-no","tag-norge","tag-norway","tag-nyheter","tag-overskrifter","tag-pal-anders-ullevalseter","tag-ribbein","tag-top-stories","tag-topstories","tag-ulykke"],"share_on_mastodon":{"url":"https:\/\/pubeurope.com\/@no\/117224485067228529","error":""},"_links":{"self":[{"href":"https:\/\/www.europesays.com\/no\/wp-json\/wp\/v2\/posts\/345895","targetHints":{"allow":["GET"]}}],"collection":[{"href":"https:\/\/www.europesays.com\/no\/wp-json\/wp\/v2\/posts"}],"about":[{"href":"https:\/\/www.europesays.com\/no\/wp-json\/wp\/v2\/types\/post"}],"author":[{"embeddable":true,"href":"https:\/\/www.europesays.com\/no\/wp-json\/wp\/v2\/users\/2"}],"replies":[{"embeddable":true,"href":"https:\/\/www.europesays.com\/no\/wp-json\/wp\/v2\/comments?post=345895"}],"version-history":[{"count":0,"href":"https:\/\/www.europesays.com\/no\/wp-json\/wp\/v2\/posts\/345895\/revisions"}],"wp:featuredmedia":[{"embeddable":true,"href":"https:\/\/www.europesays.com\/no\/wp-json\/wp\/v2\/media\/345896"}],"wp:attachment":[{"href":"https:\/\/www.europesays.com\/no\/wp-json\/wp\/v2\/media?parent=345895"}],"wp:term":[{"taxonomy":"category","embeddable":true,"href":"https:\/\/www.europesays.com\/no\/wp-json\/wp\/v2\/categories?post=345895"},{"taxonomy":"post_tag","embeddable":true,"href":"https:\/\/www.europesays.com\/no\/wp-json\/wp\/v2\/tags?post=345895"}],"curies":[{"name":"wp","href":"https:\/\/api.w.org\/{rel}","templated":true}]}}