{"id":345903,"date":"2026-09-06T14:18:19","date_gmt":"2026-09-06T14:18:19","guid":{"rendered":"https:\/\/www.europesays.com\/no\/345903\/"},"modified":"2026-09-06T14:18:19","modified_gmt":"2026-09-06T14:18:19","slug":"forberedelsene-til-kong-haralds-gravferd-fortsetter-sondag-stor-oslo","status":"publish","type":"post","link":"https:\/\/www.europesays.com\/no\/345903\/","title":{"rendered":"Forberedelsene til kong Haralds gravferd fortsetter s\u00f8ndag \u2013 Stor-Oslo"},"content":{"rendered":"<p>Det er en stille morgen i Oslo sentrum.<\/p>\n<p>Men i domkirken er 40 kadetter fra landets krigsskoler i gang med \u00f8velser.<\/p>\n<p><img decoding=\"async\"   src=\"data:image\/gif;base64,R0lGODlhAQABAIAAAAAAAP\/\/\/yH5BAEAAAAALAAAAAABAAEAAAIBRAA7\" loading=\"eager\" alt=\"Kadettene f\u00e5r viktige beskjeder f\u00f8r gravferden\" title=\"Foto: Peder Bergholt \/ NRK\"\/><\/p>\n<p class=\"\">Kadettene f\u00e5r viktige beskjeder f\u00f8r gravferden.<\/p>\n<p>Foto: Peder Bergholt \/ NRK<\/p>\n<p>De har ansvaret for \u00e5 ta imot gjestene som skal komme til kirken under kong Haralds gravferd.<\/p>\n<p>\u2013 I utgangspunktet er det veldig lite som kan g\u00e5 galt. Vi har gode planer for dette her, sier sersjant Espen Eikenes.<\/p>\n<p><img decoding=\"async\"   src=\"data:image\/gif;base64,R0lGODlhAQABAIAAAAAAAP\/\/\/yH5BAEAAAAALAAAAAABAAEAAAIBRAA7\" loading=\"eager\" alt=\"Sersjant Espen Eikenes\" title=\"Foto: Peder Bergholt \/ NRK\"\/><\/p>\n<p class=\"\">Sersjant Espen Eikenes er trygg p\u00e5 at kadettene utf\u00f8rer oppdraget p\u00e5 en god m\u00e5te.<\/p>\n<p>Foto: Peder Bergholt \/ NRK<\/p>\n<p>Det er kadetter fra Krigsskolen Oslo, Sj\u00f8krigsskolen i Bergen<br \/>og Luftkrigsskolen i Trondheim som har f\u00e5tt oppdraget.<\/p>\n<p><img decoding=\"async\"   src=\"data:image\/gif;base64,R0lGODlhAQABAIAAAAAAAP\/\/\/yH5BAEAAAAALAAAAAABAAEAAAIBRAA7\" loading=\"eager\" alt=\"Portrett av en norsk offiser i Luftforsvarets uniform. (Bildebeskrivelsen er laget av en KI-tjeneste)\" title=\"Foto: Peder Bergholt \/ NRK\"\/><\/p>\n<p class=\"\">Kadett ved Luftkrigsskolen Sander Solberg (23) f\u00e5r et viktig oppdrag under gravferden til kong Harald.<\/p>\n<p>Foto: Peder Bergholt \/ NRK<\/p>\n<p>\u2013 Det blir en dag vi kommer til \u00e5 ta med oss videre i livet, sier kadett ved Krigsskolen i Oslo, Helena Sales (22).<\/p>\n<p><strong>\u2013 Jo, n\u00e6rmere vi kommer, jo mer alvor kjenner jeg p\u00e5, sier kadett Sander Solberg (23).<\/strong><\/p>\n<p>    <img alt=\"Soldater i uniform st\u00e5r utend\u00f8rs i en park og samtaler. n peker mens andre lytter. (Bildebeskrivelsen er laget av en KI-tjeneste)\"  loading=\"lazy\"\/><img alt=\"Gruppering av uniformerte milit\u00e6re g\u00e5r i prosesjon foran en teglsteinsvegg. (Bildebeskrivelsen er laget av en KI-tjeneste)\"  loading=\"lazy\"\/><\/p>\n<p>Gr\u00f8nn og fiolett symbolikk: \u2013 Kong Harald var glad i naturen<\/p>\n<p>Over inngangen til Oslo domkirke, der gravferdsseremonien skal foreg\u00e5, p\u00e5g\u00e5r byggingen av en baldakin med trapp fram til kirked\u00f8rene.<\/p>\n<p><img decoding=\"async\"   src=\"data:image\/gif;base64,R0lGODlhAQABAIAAAAAAAP\/\/\/yH5BAEAAAAALAAAAAABAAEAAAIBRAA7\" loading=\"eager\" alt=\"En baldakin med trapp fram til kirked\u00f8rene.&#10;\" title=\"Foto: Peder Bergholt \/ NRK\"\/><\/p>\n<p>Foto: Peder Bergholt \/ NRK<\/p>\n<p>\u2013 Vi forbereder oss til en verdig og fin avskjed for kong Harald.<\/p>\n<p>Det sier domprost P\u00e5l Kristian Balstad.<\/p>\n<p><img decoding=\"async\"   src=\"data:image\/gif;base64,R0lGODlhAQABAIAAAAAAAP\/\/\/yH5BAEAAAAALAAAAAABAAEAAAIBRAA7\" loading=\"eager\" alt=\"Portrett av en mann med gr\u00e5tt h\u00e5r i prestekrage og sort dress utend\u00f8rs. (Bildebeskrivelsen er laget av en KI-tjeneste)\" title=\"Foto: Peder Bergholt \/ NRK\"\/><\/p>\n<p>Foto: Peder Bergholt \/ NRK<\/p>\n<p>Han forteller at baldakinen markerer at det er en viktig anledning.<\/p>\n<p>I tillegg skal den dekoreres med granbar, og fiolette tekstiler.<\/p>\n<p><img decoding=\"async\"   src=\"data:image\/gif;base64,R0lGODlhAQABAIAAAAAAAP\/\/\/yH5BAEAAAAALAAAAAABAAEAAAIBRAA7\" loading=\"eager\" alt=\"Baldakinen som bygges i forbindelse med gravferden til kong Harald V \" title=\"Foto: Peder Bergholt \/ NRK\"\/><\/p>\n<p class=\"\">Baldakinen dekkes i granbar og fiolett<\/p>\n<p>Foto: Peder Bergholt \/ NRK<\/p>\n<p>\u2013 Granbaret minner oss om den eviggr\u00f8nne saligheten og evigheten, sier Balstad.<\/p>\n<p>\u2013 Og samtidig er det ogs\u00e5 et fint symbol, nettopp fordi kong Harald var glad i naturen, og han var et friluftsmenneske.<\/p>\n<p>    <img alt=\"Arbeider setter opp en baldakin foran inngangen til Oslo domkirke. (Bildebeskrivelsen er laget av en KI-tjeneste)\"  loading=\"lazy\"\/><img alt=\"Fiolett tekstil\"  loading=\"lazy\"\/><\/p>\n<p>Fiolett tekstil brukes for \u00e5 symoblisere sorg, forteller han.<\/p>\n<p>\u2013 Sorgens farge best\u00e5r av himmelens bl\u00e5 og kj\u00e6rlighetens r\u00f8de farge. N\u00e5r vi blander kj\u00e6rlighet og himmel, da f\u00e5r vi sorgens farge.<\/p>\n<p>Forbereder tribune til 650 journalister<\/p>\n<p>Medieinteressen er enorm. 650 journalister har meldt at de vil dekke kong Haralds gravferd.<\/p>\n<p><img decoding=\"async\"   src=\"data:image\/gif;base64,R0lGODlhAQABAIAAAAAAAP\/\/\/yH5BAEAAAAALAAAAAABAAEAAAIBRAA7\" loading=\"eager\" alt=\"En arbeider i gul refleksvest og hjelm klargj\u00f8r stillaser ved en gaffeltruck p\u00e5 en byggeplass. (Bildebeskrivelsen er laget av en KI-tjeneste)\" title=\"Foto: Peder Bergholt \/ NRK\"\/><\/p>\n<p>Foto: Peder Bergholt \/ NRK<\/p>\n<p>Ogs\u00e5 disse m\u00e5 ivaretas p\u00e5 en trygg m\u00e5te.<\/p>\n<p>Like ved domkirken reises store pressetribuner, som skal huse journalister fra trolig rundt 19 land.<\/p>\n<p><img decoding=\"async\"   src=\"data:image\/gif;base64,R0lGODlhAQABAIAAAAAAAP\/\/\/yH5BAEAAAAALAAAAAABAAEAAAIBRAA7\" loading=\"eager\" alt=\"Portrett av en mann if\u00f8rt gul vernehjelm med Kask-logo og gul refleksvest. (Bildebeskrivelsen er laget av en KI-tjeneste)\" title=\"Foto: Peder Bergholt \/ NRK\"\/><\/p>\n<p class=\"\">Benny Laumann leder monteringen av pressetribunene. <\/p>\n<p>Foto: Peder Bergholt \/ NRK<\/p>\n<p>\u2013 Vi er klar over at det er et spesielt oppdrag, og er ekstra p\u00e5passelige, sier monteringsleder Benny Laumann.<\/p>\n<p>Mange tusen defilerer<\/p>\n<p>L\u00f8rdag defilerte 6960 personer ved kong Haralds b\u00e5re i Slottskapellet, opplyser Slottet til NTB.<\/p>\n<p>Det var sv\u00e6rt lange k\u00f8er p\u00e5 opp mot sju timer for \u00e5 ta farvel med kong Harald.<\/p>\n<p>I 12-tiden s\u00f8ndag er k\u00f8en p\u00e5 rundt fire timer, if\u00f8lge NTB.<\/p>\n<p><img decoding=\"async\"   src=\"data:image\/gif;base64,R0lGODlhAQABAIAAAAAAAP\/\/\/yH5BAEAAAAALAAAAAABAAEAAAIBRAA7\" loading=\"eager\" alt=\"Defilering f\u00f8r kong Haralds gravferd s\u00f8ndag.\" title=\"Foto: Peder Bergholt \/ NRK\"\/><\/p>\n<p class=\"\">Slik ser k\u00f8en ut s\u00f8ndag rundt klokken 12<\/p>\n<p>Foto: Peder Bergholt \/ NRK<\/p>\n<p>S\u00f8ndag og mandag er \u00e5pningstiden utvidet til klokken 23. Tirsdag blir siste dag med defilering. Da kan publikum komme inn i Slottskapellet fra klokken 10 til 19.<\/p>\n<p>Kong Haralds gravferd er onsdag klokken 13.<\/p>\n<p><img decoding=\"async\"   src=\"data:image\/gif;base64,R0lGODlhAQABAIAAAAAAAP\/\/\/yH5BAEAAAAALAAAAAABAAEAAAIBRAA7\" loading=\"eager\" alt=\"En kvinne i uniform bukker foran en b\u00e5re dekket av et flagg i en kirke. (Bildebeskrivelsen er laget av en KI-tjeneste)\" title=\"Foto: Hanna Johre \/ NTB\"\/><\/p>\n<p>Foto: Hanna Johre \/ NTB<\/p>\n<p>Publisert<\/p>\n<p>06.09.2026, kl. 11.12<\/p>\n<p>Oppdatert<\/p>\n<p>06.09.2026, kl. 12.44<\/p>\n","protected":false},"excerpt":{"rendered":"Det er en stille morgen i Oslo sentrum. Men i domkirken er 40 kadetter fra landets krigsskoler i&hellip;\n","protected":false},"author":2,"featured_media":345904,"comment_status":"","ping_status":"","sticky":false,"template":"","format":"standard","meta":{"footnotes":"","_share_on_mastodon":"0"},"categories":[5],"tags":[20,21,24,25,15,19,22,23,17,18,13,30,28,29,14,16,26,27],"class_list":["post-345903","post","type-post","status-publish","format-standard","has-post-thumbnail","category-overskrifter","tag-breaking-news","tag-breakingnews","tag-featured-news","tag-featurednews","tag-headlines","tag-hovedoppslag","tag-latest-news","tag-latestnews","tag-main-news","tag-mainnews","tag-news","tag-no","tag-norge","tag-norway","tag-nyheter","tag-overskrifter","tag-top-stories","tag-topstories"],"share_on_mastodon":{"url":"https:\/\/pubeurope.com\/@no\/117224531760111638","error":""},"_links":{"self":[{"href":"https:\/\/www.europesays.com\/no\/wp-json\/wp\/v2\/posts\/345903","targetHints":{"allow":["GET"]}}],"collection":[{"href":"https:\/\/www.europesays.com\/no\/wp-json\/wp\/v2\/posts"}],"about":[{"href":"https:\/\/www.europesays.com\/no\/wp-json\/wp\/v2\/types\/post"}],"author":[{"embeddable":true,"href":"https:\/\/www.europesays.com\/no\/wp-json\/wp\/v2\/users\/2"}],"replies":[{"embeddable":true,"href":"https:\/\/www.europesays.com\/no\/wp-json\/wp\/v2\/comments?post=345903"}],"version-history":[{"count":0,"href":"https:\/\/www.europesays.com\/no\/wp-json\/wp\/v2\/posts\/345903\/revisions"}],"wp:featuredmedia":[{"embeddable":true,"href":"https:\/\/www.europesays.com\/no\/wp-json\/wp\/v2\/media\/345904"}],"wp:attachment":[{"href":"https:\/\/www.europesays.com\/no\/wp-json\/wp\/v2\/media?parent=345903"}],"wp:term":[{"taxonomy":"category","embeddable":true,"href":"https:\/\/www.europesays.com\/no\/wp-json\/wp\/v2\/categories?post=345903"},{"taxonomy":"post_tag","embeddable":true,"href":"https:\/\/www.europesays.com\/no\/wp-json\/wp\/v2\/tags?post=345903"}],"curies":[{"name":"wp","href":"https:\/\/api.w.org\/{rel}","templated":true}]}}