{"id":345911,"date":"2026-09-06T14:27:56","date_gmt":"2026-09-06T14:27:56","guid":{"rendered":"https:\/\/www.europesays.com\/no\/345911\/"},"modified":"2026-09-06T14:27:56","modified_gmt":"2026-09-06T14:27:56","slug":"okning-i-tvangssalg-av-boliger-renten-er-en-kvern-e24","status":"publish","type":"post","link":"https:\/\/www.europesays.com\/no\/345911\/","title":{"rendered":"\u00d8kning i tvangssalg av boliger: \u2013 Renten er en kvern \u2013 E24"},"content":{"rendered":"\n<p>Oppsummeringen er laget med kunstig intelligens og kvalitetssikret av E24s journalister.<\/p>\n<ul class=\"_list_16k26_3 _list_tj395_103 _unordered_16k26_103 _textTheme_1yhmn_1 body-small\">\n<li class=\"_item_16k26_63\">I f\u00f8rste halv\u00e5r i \u00e5r ble det tvangssolgt 353 boliger, det h\u00f8yeste siden 2021.<\/li>\n<li class=\"_item_16k26_63\">Gjelds\u00f8konom mener \u00f8kningen kommer som f\u00f8lge av h\u00f8y rente p\u00e5 4,5 prosent og h\u00f8y prisvekst.<\/li>\n<li class=\"_item_16k26_63\">Norske husholdninger har sv\u00e6rt h\u00f8y gjeld p\u00e5 212 prosent av disponibel inntekt, med sm\u00e5barnsfamilier som mest belastet.<\/li>\n<li class=\"_item_16k26_63\">Eksperter advarer om at sentralbanken ikke ser de som sliter n\u00e5r de setter renten.<\/li>\n<\/ul>\n<p>Vis mer  <\/p>\n<p class=\"_textTheme_1yhmn_1 _paragraph_16k26_4 _paragraph_3ue4t_27 layout-component layout-normal layout-padded body-medium\">I f\u00f8rste halv\u00e5r i \u00e5r ble det tvangssolgtTvangssalg av eiendom gjennomf\u00f8res n\u00e5r personer med l\u00e5n ikke klarer \u00e5 betale gjelden sin til den som har l\u00e5nt ut pengene &#8211; typisk banken. 353 boliger. Det viser tall fra SSB.<\/p>\n<p class=\"_textTheme_1yhmn_1 _paragraph_16k26_4 _paragraph_3ue4t_27 layout-component layout-normal layout-padded body-medium\">Forrige gang det var s\u00e5 mange tvangssalg i l\u00f8pet av et f\u00f8rste halv\u00e5r, var i 2021.<\/p>\n<p class=\"_textTheme_1yhmn_1 _paragraph_16k26_4 _paragraph_3ue4t_27 layout-component layout-normal layout-padded body-medium\">Dette viser at renten biter for de som sliter aller mest, mener gjelds\u00f8konom i Bluestep Bank og Bank2, Vetle Severinsen.<\/p>\n<p class=\"_textTheme_1yhmn_1 _paragraph_16k26_4 _paragraph_3ue4t_27 layout-component layout-normal layout-padded body-medium\">\u2013 Tvangssalget er p\u00e5 mange m\u00e5ter enden av \u00f8konomiske problemer: Konsekvensen av \u00f8konomiske problemer over tid. <\/p>\n<p>      H\u00f8y rente og mye gjeld <\/p>\n<p class=\"_textTheme_1yhmn_1 _paragraph_16k26_4 _paragraph_3ue4t_27 layout-component layout-normal layout-padded body-medium\">Severinsen mener \u00f8kningen i tvangssalg kommer som en konsekvens av h\u00f8y rente og h\u00f8y prisvekst.<\/p>\n<p class=\"_textTheme_1yhmn_1 _paragraph_16k26_4 _paragraph_3ue4t_27 layout-component layout-normal layout-padded body-medium\">Om man ser p\u00e5 trenden for tvangssalg og sammenligner den med styringsrenten, ser man at tvangssalgene pleier \u00e5 stige etter at renten settes opp.<\/p>\n<p> <a class=\"_link_193me_21\" data-track-id=\"teaser:Bxd3ng\" data-track-impression=\"true\" data-track-name=\"Historisk svak b\u00f8rsm\u00e5ned: Dette kan avgj\u00f8re september\" data-track-element-size=\"small\" data-track-element-type=\"Teaser\" data-track-image-url=\"https:\/\/www.europesays.com\/no\/wp-content\/uploads\/2026\/09\/1788704875_904_180cbe35-5254-4995-9f38-0514dfcd5438.jpeg\" data-track-layout-name=\"image:right\" data-track-position-source=\"related-article\" href=\"https:\/\/e24.no\/boers-og-finans\/i\/Bxd3ng\/historisk-svak-boersmaaned-dette-kan-avgjoere-september\" rel=\"nofollow noopener\" target=\"_blank\"><img decoding=\"async\" alt=\"\" class=\"_image_193me_79\" height=\"2571\" loading=\"lazy\"  src=\"https:\/\/www.europesays.com\/no\/wp-content\/uploads\/2026\/09\/1788704875_904_180cbe35-5254-4995-9f38-0514dfcd5438.jpeg\"  width=\"3856\"\/><\/p>\n<p class=\"label-small _kicker_193me_100\">Les ogs\u00e5<\/p>\n<p>Historisk svak b\u00f8rsm\u00e5ned: Dette kan avgj\u00f8re september<\/a>  <\/p>\n<p class=\"_textTheme_1yhmn_1 _paragraph_16k26_4 _paragraph_3ue4t_27 layout-component layout-normal layout-padded body-medium\">Renteniv\u00e5et i 2024 og f\u00f8rste halvdel av 2025, med en styringsrente p\u00e5 4,5 prosent, var det h\u00f8yeste renten siden 2008.<\/p>\n<p class=\"_textTheme_1yhmn_1 _paragraph_16k26_4 _paragraph_3ue4t_27 layout-component layout-normal layout-padded body-medium\">Norges Bank <a href=\"https:\/\/www.norges-bank.no\/tema\/pengepolitikk\/Rentemoter\/2026\/mai-2026\/\" class=\"_link_16k26_32\" rel=\"nofollow noopener\" target=\"_blank\">hevet renten til 4,25 prosent i mai<\/a>. Siden har den ligget stille. <a href=\"https:\/\/www.norges-bank.no\/tema\/pengepolitikk\/Rentemoter\/2026\/juni-2026\/\" class=\"_link_16k26_32\" rel=\"nofollow noopener\" target=\"_blank\">I juni<\/a> varslet sentralbanken at det trolig ville \u00abbli behov for \u00e5 sette renten videre opp p\u00e5 et av de n\u00e6rmeste rentem\u00f8tene\u00bb. <a href=\"https:\/\/e24.no\/norsk-oekonomi\/i\/L4jJqV\/her-er-norges-banks-nye-rentebane\" class=\"_link_16k26_32\" rel=\"nofollow noopener\" target=\"_blank\">Rentebanen pekte mot i overkant av 4,5 prosent<\/a> ved nytt\u00e5r.<\/p>\n<p class=\"_textTheme_1yhmn_1 _paragraph_16k26_4 _paragraph_3ue4t_27 layout-component layout-normal layout-padded body-medium\"><a href=\"https:\/\/www.norges-bank.no\/tema\/pengepolitikk\/Rentemoter\/2026\/august-2026\/\" class=\"_link_16k26_32\" rel=\"nofollow noopener\" target=\"_blank\">I august<\/a> var tonen mykere. Prisveksten <a href=\"https:\/\/e24.no\/norsk-oekonomi\/i\/L4akkq\/norges-bank-holder-renten-uendret\" class=\"_link_16k26_32\" rel=\"nofollow noopener\" target=\"_blank\">falt mer enn ventet<\/a> gjennom sommeren, men komiteen mente det var for tidlig \u00e5 fastsl\u00e5 at inflasjonsutsiktene var vesentlig endret. Det \u00abkan derfor fortsatt bli n\u00f8dvendig \u00e5 heve renten\u00bb, het det.<\/p>\n<p>      \u2013 Ser ikke dem som sliter <\/p>\n<p class=\"_textTheme_1yhmn_1 _paragraph_16k26_4 _paragraph_3ue4t_27 layout-component layout-normal layout-padded body-medium\">N\u00e5 tror <a href=\"https:\/\/e24.no\/norsk-oekonomi\/i\/d4re8w\/dnb-carnegie-venter-to-rentekutt-neste-aar\" class=\"_link_16k26_32\" rel=\"nofollow noopener\" target=\"_blank\">DNB Carnegie<\/a>, <a href=\"https:\/\/e24.no\/norsk-oekonomi\/i\/m0a0y0\/danske-bank-venter-tre-rentekutt-i-2027\" class=\"_link_16k26_32\" rel=\"nofollow noopener\" target=\"_blank\">Danske Bank<\/a> og <a href=\"https:\/\/e24.no\/norsk-oekonomi\/i\/16wBnJ\/nordea-markets-ingen-rentekutt-foer-2028\" class=\"_link_16k26_32\" rel=\"nofollow noopener\" target=\"_blank\">Nordea Markets<\/a> at renten skal heves f\u00f8r \u00e5ret er omme.<\/p>\n<p class=\"_textTheme_1yhmn_1 _paragraph_16k26_4 _paragraph_3ue4t_27 layout-component layout-normal layout-padded body-medium\">Norske husholdninger <a href=\"https:\/\/www.finanstilsynet.no\/publikasjoner-og-analyser\/finansielt-utsyn\/finansielt-utsyn---juni-2026\/html\/2026\/#husholdninger\" class=\"_link_16k26_32\" rel=\"nofollow noopener\" target=\"_blank\">har fortsatt sv\u00e6rt h\u00f8y gjeld<\/a>. <\/p>\n<p class=\"_textTheme_1yhmn_1 _paragraph_16k26_4 _paragraph_3ue4t_27 layout-component layout-normal layout-padded body-medium\">Ved utgangen av 2025 var l\u00e5negjelden p\u00e5 rundt 4.800 milliarder kroner, tilsvarende 212 prosent av disponibel inntekt \u2013 ned fra toppen i 2021, men fortsatt h\u00f8yt b\u00e5de historisk og sammenlignet med andre land, if\u00f8lge <a href=\"https:\/\/www.finanstilsynet.no\/publikasjoner-og-analyser\/finansielt-utsyn\/finansielt-utsyn---juni-2026\/html\/2026\/#husholdninger\" class=\"_link_16k26_32\" rel=\"nofollow noopener\" target=\"_blank\">Finanstilsynet<\/a>.<\/p>\n<p class=\"_textTheme_1yhmn_1 _paragraph_16k26_4 _paragraph_3ue4t_27 layout-component layout-normal layout-padded body-medium\">Sm\u00e5barnsfamiliene er de mest gjeldstyngede: Par med barn under seks \u00e5r har i snitt mer enn tre ganger inntekten etter skatt i gjeld, st\u00e5r det i tilsynets rapport fra i sommer.<\/p>\n<p>     <img decoding=\"async\" alt=\"Bilde av Vetle Severinsen\" class=\"_image_xaoye_47\" height=\"27\" itemprop=\"image\" loading=\"lazy\"  src=\"https:\/\/www.europesays.com\/no\/wp-content\/uploads\/2026\/09\/d1069f0a-bf31-38fe-86c9-e428b87322ba.jpeg\"  width=\"40\"\/>    Vetle Severinsen  <\/p>\n<p class=\"_textTheme_1yhmn_1 _paragraph_16k26_4 _title_xaoye_61 body-small\">Gjelds\u00f8konom i Bluestep Bank og Bank2<\/p>\n<p class=\"_textTheme_1yhmn_1 _paragraph_16k26_4 _paragraph_3ue4t_27 layout-component layout-normal layout-padded body-medium\">Severinsen har jobbet med inkasso og bank i en \u00e5rrekke. Han sier sentralbanken ikke pleier \u00e5 vise til tvangssalg n\u00e5r de vurderer om renten skal opp eller ned.<\/p>\n<p class=\"_textTheme_1yhmn_1 _paragraph_16k26_4 _paragraph_3ue4t_27 layout-component layout-normal layout-padded body-medium\">\u2013 De er veldig opptatt av gjennomsnittet og hensyntar s\u00e5nn sett ikke de svakeste. N\u00e5r det g\u00e5r bra for den gjennomsnittlige nordmannen, ser man ikke dem som sliter. Renten er en kvern som kverner dem som sliter, sier han.<\/p>\n<p class=\"_textTheme_1yhmn_1 _paragraph_16k26_4 _paragraph_3ue4t_27 layout-component layout-normal layout-padded body-medium\">\u2013 De man ser i tvangssalgsstatistikken, er de som ikke er p\u00e5 gjennomsnittet. Det er de som ikke har v\u00e6rt med p\u00e5 l\u00f8nnsveksten, men kun prisstigningen.<\/p>\n<p class=\"_textTheme_1yhmn_1 _paragraph_16k26_4 _paragraph_3ue4t_27 layout-component layout-normal layout-padded body-medium\">\u2013 Hvor mange flere tvangssalg kommer det til \u00e5 bli hvis renten skal videre opp?<\/p>\n<p class=\"_textTheme_1yhmn_1 _paragraph_16k26_4 _paragraph_3ue4t_27 layout-component layout-normal layout-padded body-medium\">\u2013 Det er vanskelig \u00e5 si, men ser man p\u00e5 trenden, ser man at den er p\u00e5 vei opp, og det er ikke noe som tilsier at den ikke skal fortsette opp.<\/p>\n<p class=\"_textTheme_1yhmn_1 _paragraph_16k26_4 _paragraph_3ue4t_27 layout-component layout-normal layout-padded body-medium\">Sjef\u00f8konom i Handelsbanken, Marius Gonsholt Hov, sier sammenhengen mellom renteniv\u00e5 og tvangssalg er tydelig.<\/p>\n<p class=\"_textTheme_1yhmn_1 _paragraph_16k26_4 _paragraph_3ue4t_27 layout-component layout-normal layout-padded body-medium\">\u2013 Dette illustrerer at selv om det g\u00e5r helt ok i norsk \u00f8konomi, hvor \u00abfolk flest er i jobb\u00bb, og kj\u00f8pekraften fortsatt stiger, s\u00e5 er dette samtidig et makrobilde som maskerer at det ogs\u00e5 er folk som sliter med h\u00f8ye utgifter og h\u00f8ye rentekostnader, sier han.<\/p>\n<p>     <img decoding=\"async\" alt=\"Bilde av Marius Gonsholt Hov\" class=\"_image_xaoye_47\" height=\"27\" itemprop=\"image\" loading=\"lazy\"  src=\"https:\/\/www.europesays.com\/no\/wp-content\/uploads\/2026\/09\/4899221d-b288-3e1c-938c-99bf396ac87e.jpeg\"  width=\"40\"\/>    Marius Gonsholt Hov  <\/p>\n<p class=\"_textTheme_1yhmn_1 _paragraph_16k26_4 _title_xaoye_61 body-small\">Sjef\u00f8konom i Handelsbanken<\/p>\n<p>    \u2013 Man m\u00e5 ta grep <\/p>\n<p class=\"_textTheme_1yhmn_1 _paragraph_16k26_4 _paragraph_3ue4t_27 layout-component layout-normal layout-padded body-medium\">Severinsen har et r\u00e5d til dem som er i ferd med \u00e5 f\u00e5 boligen sin tvangssolgt: Selg f\u00f8r det er for sent.<\/p>\n<p class=\"_textTheme_1yhmn_1 _paragraph_16k26_4 _paragraph_3ue4t_27 layout-component layout-normal layout-padded body-medium\">\u2013 N\u00e5r man jobber i bank, ser man at folk holder veldig fast p\u00e5 det de har, sier han.<\/p>\n<p class=\"_textTheme_1yhmn_1 _paragraph_16k26_4 _paragraph_3ue4t_27 layout-component layout-normal layout-padded body-medium\">Hvis man f\u00e5r s\u00e5pass problemer at boligen g\u00e5r for tvangssalg, m\u00e5 man betale forsinkelsesrenter.<\/p>\n<p class=\"_textTheme_1yhmn_1 _paragraph_16k26_4 _paragraph_3ue4t_27 layout-component layout-normal layout-padded body-medium\">\u2013 Den kan typisk bli p\u00e5 rundt 12 prosent. Over et \u00e5r blir det 240.000 kroner for et boligl\u00e5n p\u00e5 2 millioner, sier han.<\/p>\n<p class=\"_textTheme_1yhmn_1 _paragraph_16k26_4 _paragraph_3ue4t_27 layout-component layout-normal layout-padded body-medium\">Dessuten g\u00e5r ofte tvangssalg tregere enn vanlige salg av boliger, og de tvangssolgte eiendommene selges ofte til en lavere pris enn markedspris.<\/p>\n<p class=\"_textTheme_1yhmn_1 _paragraph_16k26_4 _paragraph_3ue4t_27 layout-component layout-normal layout-padded body-medium\">\u2013 Folk vil jo selvf\u00f8lgelig beholde hjemmet sitt, men hvis man f\u00f8rst har havnet i en situasjon som ikke er mulig \u00e5 l\u00f8se uten salg av boligen, vil man komme bedre ut av det ved \u00e5 selge frivillig enn \u00e5 la den g\u00e5 til tvangssalg.<\/p>\n","protected":false},"excerpt":{"rendered":"Oppsummeringen er laget med kunstig intelligens og kvalitetssikret av E24s journalister. I f\u00f8rste halv\u00e5r i \u00e5r ble det&hellip;\n","protected":false},"author":2,"featured_media":345912,"comment_status":"","ping_status":"","sticky":false,"template":"","format":"standard","meta":{"footnotes":"","_share_on_mastodon":"0"},"categories":[5],"tags":[2310,20,21,8347,24,25,15,19,22,23,17,18,1345,13,30,28,241,29,14,16,12264,26,27],"class_list":["post-345911","post","type-post","status-publish","format-standard","has-post-thumbnail","category-overskrifter","tag-boliger","tag-breaking-news","tag-breakingnews","tag-danske-bank","tag-featured-news","tag-featurednews","tag-headlines","tag-hovedoppslag","tag-latest-news","tag-latestnews","tag-main-news","tag-mainnews","tag-marius-gonsholt-hov","tag-news","tag-no","tag-norge","tag-norges-bank","tag-norway","tag-nyheter","tag-overskrifter","tag-sjefokonom","tag-top-stories","tag-topstories"],"share_on_mastodon":{"url":"https:\/\/pubeurope.com\/@no\/117224571868911595","error":""},"_links":{"self":[{"href":"https:\/\/www.europesays.com\/no\/wp-json\/wp\/v2\/posts\/345911","targetHints":{"allow":["GET"]}}],"collection":[{"href":"https:\/\/www.europesays.com\/no\/wp-json\/wp\/v2\/posts"}],"about":[{"href":"https:\/\/www.europesays.com\/no\/wp-json\/wp\/v2\/types\/post"}],"author":[{"embeddable":true,"href":"https:\/\/www.europesays.com\/no\/wp-json\/wp\/v2\/users\/2"}],"replies":[{"embeddable":true,"href":"https:\/\/www.europesays.com\/no\/wp-json\/wp\/v2\/comments?post=345911"}],"version-history":[{"count":0,"href":"https:\/\/www.europesays.com\/no\/wp-json\/wp\/v2\/posts\/345911\/revisions"}],"wp:featuredmedia":[{"embeddable":true,"href":"https:\/\/www.europesays.com\/no\/wp-json\/wp\/v2\/media\/345912"}],"wp:attachment":[{"href":"https:\/\/www.europesays.com\/no\/wp-json\/wp\/v2\/media?parent=345911"}],"wp:term":[{"taxonomy":"category","embeddable":true,"href":"https:\/\/www.europesays.com\/no\/wp-json\/wp\/v2\/categories?post=345911"},{"taxonomy":"post_tag","embeddable":true,"href":"https:\/\/www.europesays.com\/no\/wp-json\/wp\/v2\/tags?post=345911"}],"curies":[{"name":"wp","href":"https:\/\/api.w.org\/{rel}","templated":true}]}}