{"id":345925,"date":"2026-09-06T14:47:14","date_gmt":"2026-09-06T14:47:14","guid":{"rendered":"https:\/\/www.europesays.com\/no\/345925\/"},"modified":"2026-09-06T14:47:14","modified_gmt":"2026-09-06T14:47:14","slug":"taxi-bedrageri-seks-siktet-for-grovt-bedrageri-i-flere-taxiselskaper","status":"publish","type":"post","link":"https:\/\/www.europesays.com\/no\/345925\/","title":{"rendered":"Taxi, Bedrageri | Seks siktet for grovt bedrageri i flere taxiselskaper"},"content":{"rendered":"\n<p>Fem adresser ble ransaket av politiet sist uke. De knyttes til et nettverk av konkursrammede taxiselskaper, skriver <a href=\"\\&quot;https:\/\/www.vg.no\/nyheter\/i\/zOQvlO\/politiet-slo-til-over-50-taxier-er-forsvunnet\\&quot;\">VG<\/a>.<\/p>\n<p>\u2013 Vi har over tid etterforsket et nettverk av selskaper i taxin\u00e6ringen. Vi etterforsker grove bedragerier og hvitvasking, der det fremst\u00e5r som om taxiforetakene er benyttet som verkt\u00f8y for kriminaliteten, sier politiadvokat Alexander Bjorvatn \u00d8ien i Oslo politidistrikt til avisen.<\/p>\n<p>Det skal v\u00e6re tappet store pengebel\u00f8p fra selskapene f\u00f8r de ble sl\u00e5tt konkurs, og over 50 taxier skal ha forsvunnet, viser VGs gjennomgang av det bostyrerne i konkursboene etter taxiselskapene har opplyst til retten.<\/p>\n<p><b>Les ogs\u00e5: <a href=\"https:\/\/www.nettavisen.no\/heim\/nbbl-topp-advarer-mot-kommunenes-planvask-160-000-planlagte-boliger-star-i-fare\/s\/80-95-2559\" rel=\"Follow nofollow noopener\" target=\"_blank\">Kommunen tok tilbake tomt: Tapt flere millioner<\/a><\/b><\/p>\n<p>\u2013 Det er snakk om titalls millioner kroner, sier \u00d8ien.<\/p>\n<p>En av de siktede sier han selv er hovedansvarlig for driften i taxiselskapene. Han erkjenner ikke straffskyld, sier forsvarer Unni Fries. Han ble l\u00f8slatt etter avh\u00f8r i forrige uke.<\/p>\n<p>(\u00a9NTB)<\/p>\n","protected":false},"excerpt":{"rendered":"Fem adresser ble ransaket av politiet sist uke. De knyttes til et nettverk av konkursrammede taxiselskaper, skriver VG.&hellip;\n","protected":false},"author":2,"featured_media":345926,"comment_status":"","ping_status":"","sticky":false,"template":"","format":"standard","meta":{"footnotes":"","_share_on_mastodon":"0"},"categories":[5],"tags":[20,21,24,25,15,19,22,23,17,18,13,30,28,29,14,16,26,27],"class_list":["post-345925","post","type-post","status-publish","format-standard","has-post-thumbnail","category-overskrifter","tag-breaking-news","tag-breakingnews","tag-featured-news","tag-featurednews","tag-headlines","tag-hovedoppslag","tag-latest-news","tag-latestnews","tag-main-news","tag-mainnews","tag-news","tag-no","tag-norge","tag-norway","tag-nyheter","tag-overskrifter","tag-top-stories","tag-topstories"],"share_on_mastodon":{"url":"https:\/\/pubeurope.com\/@no\/117224646085435046","error":""},"_links":{"self":[{"href":"https:\/\/www.europesays.com\/no\/wp-json\/wp\/v2\/posts\/345925","targetHints":{"allow":["GET"]}}],"collection":[{"href":"https:\/\/www.europesays.com\/no\/wp-json\/wp\/v2\/posts"}],"about":[{"href":"https:\/\/www.europesays.com\/no\/wp-json\/wp\/v2\/types\/post"}],"author":[{"embeddable":true,"href":"https:\/\/www.europesays.com\/no\/wp-json\/wp\/v2\/users\/2"}],"replies":[{"embeddable":true,"href":"https:\/\/www.europesays.com\/no\/wp-json\/wp\/v2\/comments?post=345925"}],"version-history":[{"count":0,"href":"https:\/\/www.europesays.com\/no\/wp-json\/wp\/v2\/posts\/345925\/revisions"}],"wp:featuredmedia":[{"embeddable":true,"href":"https:\/\/www.europesays.com\/no\/wp-json\/wp\/v2\/media\/345926"}],"wp:attachment":[{"href":"https:\/\/www.europesays.com\/no\/wp-json\/wp\/v2\/media?parent=345925"}],"wp:term":[{"taxonomy":"category","embeddable":true,"href":"https:\/\/www.europesays.com\/no\/wp-json\/wp\/v2\/categories?post=345925"},{"taxonomy":"post_tag","embeddable":true,"href":"https:\/\/www.europesays.com\/no\/wp-json\/wp\/v2\/tags?post=345925"}],"curies":[{"name":"wp","href":"https:\/\/api.w.org\/{rel}","templated":true}]}}